{"id":119072,"date":"2025-07-15T16:40:00","date_gmt":"2025-07-15T16:40:00","guid":{"rendered":"https:\/\/rdnews.al\/?p=119072"},"modified":"2025-07-15T16:40:00","modified_gmt":"2025-07-15T16:40:00","slug":"portret-i-dom-vlashit-nje-prift-qe-nuk-i-pelqen-edi-rames","status":"publish","type":"post","link":"https:\/\/rdnews.al\/index.php\/2025\/07\/15\/portret-i-dom-vlashit-nje-prift-qe-nuk-i-pelqen-edi-rames\/","title":{"rendered":"Portret i Dom Vlashit, \u201cnj\u00eb prift\u201d q\u00eb nuk i p\u00eblqen Edi Ram\u00ebs"},"content":{"rendered":"<p>N\u00eb rokopuj\u00ebn e zhurmshme t\u00eb ngjarjeve t\u00eb Thethit, ku si\u00e7 tashm\u00eb \u00ebshm\u00eb \u00ebsht\u00eb b\u00ebr\u00eb zakon, ata q\u00eb nuk jan\u00eb t\u00eb interesuar mbyllin goj\u00ebn, sipas mend\u00ebsis\u00eb \u201clarg menderes sime\u201d, pak kush e d\u00ebgjoi klith\u00ebm\u00ebn e famulltarit t\u00eb Shkodr\u00ebs Dom Vlash Palajt. Duke u folur besimtar\u00ebve t\u00eb vet ai e p\u00ebrshkroi ngjarjen pa dorashka si trash\u00ebgimtar i tradit\u00ebs m\u00eb t\u00eb mir\u00eb t\u00eb klerik\u00ebve katolik\u00eb t\u00eb Shkod\u00ebr\u00ebs. \u201cNj\u00eb konflikt i madh po ndodh n\u00eb Theth, m\u00eb vjen shum\u00eb keq, sepse ata i josh\u00ebn, i rrejt\u00ebn, i shfryt\u00ebzuan, i vjel\u00ebn dhe n\u00eb fund i hodh\u00ebn dhe i tradh\u00ebtuan, i dogj\u00ebn, i shkat\u00ebrruan. Do i gjobisin dhe do i burgosin\u201d tha ai duke folur p\u00ebr munges\u00ebn empatis\u00eb ndaj atyre q\u00eb jan\u00eb t\u00eb varf\u00ebr, p\u00ebr vdekjen e dialogut dhe t\u00eb d\u00ebgjimit t\u00eb tjet\u00ebrit, p\u00ebr pa aft\u00ebsin\u00eb dhe munges\u00ebn e p\u00ebrpjekjeve p\u00ebr t\u00eb kuptuar at\u00eb q\u00eb ka nevoj\u00eb.<\/p>\n<p>Z\u00ebri i Dom Vlashit mund t\u00eb ishte shuar brenda vath\u00ebs s\u00eb besimtar\u00ebve t\u00eb vet dhe mund t\u00eb kishte kaluar edhe pa u v\u00ebn\u00eb re, n\u00ebse at\u00eb nuk do e kishte rimar\u00eb kryeministri Rama duke e trajtuar me p\u00ebrbuzje dhe duke e p\u00ebrg\u00ebnjeshtruar p\u00ebr deklaratat. Shefi i qeveris\u00eb e etiketoi at\u00eb thjesht\u00eb si nj\u00eb prift, pa e p\u00ebrmendur me em\u00ebr, i cili sipas tij si nj\u00eb njeri i zotit nuk duhet t\u00eb hynte n\u00eb k\u00ebt\u00eb histori.<\/p>\n<p><img loading=\"lazy\" decoding=\"async\" class=\"alignnone size-full wp-image-1576373\" src=\"https:\/\/boldnews.al\/wp-content\/uploads\/2025\/07\/dom-vlashi.jpg\" alt=\"\" width=\"579\" height=\"330\" data-pin-no-hover=\"true\" \/><\/p>\n<p>Pik\u00ebrisht k\u00ebtu q\u00ebndron dhe thelbi i reagimit t\u00eb kryeministrit. Pasi ka asfiksuar mediat e m\u00ebdha, pas ka kthyer n\u00eb lolo OJF- q\u00eb marrin fonde p\u00ebr t\u00eb drejtat e njeriut, ai nuk duron dot m\u00eb asnj\u00eb autoritet moral, q\u00eb t\u00eb ngrej\u00eb z\u00ebrin p\u00ebr b\u00ebmat e tij duke i v\u00ebn\u00eb n\u00eb diskutim ato. Problemi nuk \u00ebsht\u00eb te fakti n\u00ebse joshja, g\u00ebnjeshtra e m\u00eb pas tradh\u00ebtimi apo shkat\u00ebrrimi i pronave t\u00eb qytetar\u00ebve banor\u00ebve t\u00eb Thethit jan\u00eb t\u00eb v\u00ebrteta apo jo, por tek fakti se \u00e7\u2019i duhet nj\u00eb prifti t\u00eb komentoj\u00eb k\u00ebto gj\u00ebra.<\/p>\n<p>Por n\u00eb fakt Dom Vlash Palaj \u00ebsht\u00eb pik\u00ebrisht profili i klerikut t\u00eb angazhuar q\u00eb nuk q\u00ebndron dot pa folur dhe pa vepruar. Si famulltar n\u00eb katedralen \u201cSh\u00ebn Shtjefni\u201d dhe p\u00ebrgjegj\u00ebs i famullis\u00eb Zonja e Shkodr\u00ebs ai ka krijuar prej koh\u00ebsh lidership n\u00eb komunitet.<\/p>\n<div class=\"jnews_inline_related_post_wrapper left\">\n<div class=\"jnews_inline_related_post\">\n<div class=\"jeg_postblock_29 jeg_postblock jeg_module_hook jeg_pagination_disable jeg_col_2o3 jnews_module_1576371_1_6876804ccff21   \" data-unique=\"jnews_module_1576371_1_6876804ccff21\">\n<div class=\"jeg_block_heading jeg_block_heading_6 jeg_subcat_right\"><\/div>\n<\/div>\n<\/div>\n<\/div>\n<div class=\"jeg_ad jeg_ad_article jnews_content_inline_2_ads  \">\n<div class=\"ads-wrapper align-center \">\n<div class=\"ads_code\">N\u00eb predikimet e veta ai fshikullon shpesh politikan\u00ebt e korruptuar q\u00eb i konsideron si pjes\u00ebn m\u00eb injorannte t\u00eb k\u00ebtij populli. Pas arrestimit t\u00eb Erion Veliajt, pa e p\u00ebrmenduar at\u00eb me em\u00ebr, ai foli me fjal\u00eb t\u00eb forta kund\u00ebr korrupsionit: \u201cV\u00ebreni k\u00ebta politikan\u00ebt tan\u00eb. Me k\u00ebt\u00eb situat\u00eb q\u00eb \u00ebsht\u00eb krijuar, nuk b\u00ebjn\u00eb gj\u00eb tjet\u00ebr ve\u00e7se tregojn\u00eb \u00e7fare jane, dhe m\u00eb vjen keq p\u00ebr ta, sepse m\u00eb duken shtresa m\u00eb injorante dhe m\u00eb e ul\u00ebt e popullit shqiptar. Nuk \u00ebsht\u00eb problemi te ajo q\u00eb mbledhin, por nxjerrin n\u00eb pah varf\u00ebrin\u00eb e shpirtit t\u00eb tyre. At\u00eb mizerien e brendshme. Njer\u00ebz t\u00eb cil\u00ebt jetojn\u00eb vet\u00ebm p\u00ebr t\u00eb pasur di\u00e7ka dhe shp\u00ebrfytyrojn\u00eb natyr\u00ebn e tyre duke p\u00ebrfunduar n\u00eb burg.Thot\u00eb Krishti, her\u00ebt a von\u00eb, \u00e7do gj\u00eb do t\u00eb dal\u00eb n\u00eb drit\u00eb. Kan\u00eb etje p\u00ebr pushtet t\u00eb shkret\u00ebt, prandaj devijojn\u00eb. Si nuk doli nj\u00eb t\u00eb thot\u00eb: \u2018Kam etje p\u00ebr t\u00eb sh\u00ebrbyer?\u201d<\/div>\n<\/div>\n<\/div>\n<p>Edhe n\u00eb fjalime t\u00eb tjera para besimtar\u00ebve ai nuk i kursen q\u00ebndrimet p\u00ebr politik\u00ebn e dit\u00ebs. Kur bashkia e Shkodr\u00ebs filloi t\u00eb merrej me fasadat e qytetit, sipas modelit t\u00eb Ram\u00ebs s\u00eb viteve 2000, Dom Vlashi i kushtoi nj\u00eb reflektim t\u00eb gjat\u00eb raportit mes an\u00ebs s\u00eb jashme dhe dhe thelbit\u00eb t\u00eb pun\u00ebve q\u00eb duhen kryer duke pasur hallet e njeriut t\u00eb pambrojtur n\u00eb fokus. \u201cR\u00ebnd\u00ebsi ka kujdesi p\u00ebr hallet e atyre njer\u00ebzve q\u00eb jetojn\u00eb p\u00ebrtej atyre fasadave n\u00eb kushte t\u00eb pa favorshme\u201d e ngriti z\u00ebrin ai. Nj\u00eb refleksion tjet\u00ebr \u00ebsht\u00eb ai p\u00ebr venerimin gati deri n\u00eb p\u00ebrulje q\u00eb tregohet ndaj turist\u00ebve t\u00eb huaj q\u00eb bujtin n\u00eb Shqip\u00ebri gjat\u00eb ver\u00ebs, nd\u00ebrkoh\u00eb q\u00eb askush nuk do ti dij\u00eb p\u00ebr t\u00eb moshuartit q\u00eb rrezikojn\u00eb jet\u00ebn n\u00eb vap\u00eb, pa pasur mund\u00ebsi as t\u00eb freskohen p\u00ebr nj\u00eb moment t\u00eb vet\u00ebm.<\/p>\n<p>Q\u00ebndrimet e Dom Vlashit nuk kan\u00eb t\u00eb b\u00ebjn\u00eb vet\u00ebm me politik\u00ebn, por edhe me drejtimin q\u00eb po merr shoq\u00ebria. N\u00eb nj\u00eb mjedis ku i thuren lavde magjis\u00eb s\u00eb tregut, etjes p\u00ebr para dhe pasurimit t\u00eb shpejt\u00eb, famulltari i Shkodr\u00ebs zgjedh t\u00eb shoh\u00eb an\u00ebn tjet\u00ebr t\u00eb medialjes, at\u00eb se ku mund t\u00eb \u00e7oj\u00eb pasioni p\u00ebr k\u00ebta \u201czota t\u00eb rrejsh\u00ebm\u201d.<\/p>\n<p><img loading=\"lazy\" decoding=\"async\" class=\"alignnone size-full wp-image-1576374\" src=\"https:\/\/boldnews.al\/wp-content\/uploads\/2025\/07\/dom-vlashi-papa.jpg\" alt=\"\" width=\"493\" height=\"474\" data-pin-no-hover=\"true\" \/><\/p>\n<p>Pik\u00ebrisht ky \u00ebsht\u00eb kund\u00ebr modeli i asaj me t\u00eb cil\u00ebn na ka m\u00ebkuar politika e k\u00ebtyre tre dekadave dhe sidomos periudha e rilindjes. Prandaj dhe Edi Rama q\u00ebndron n\u00eb skajin tjet\u00ebr t\u00eb litarit ku gjendet Dom Vlashi. I pari beson tek ruspat, i dyti tek dialogu dhe gjetja e kompromisit. Nj\u00ebri tek dhuna ndaj banor\u00ebve t\u00eb Thethit, tjetri p\u00ebrpjekja p\u00ebr t\u00eb kuptuar edhe at\u00eb q\u00eb mund t\u00eb ket\u00eb b\u00ebr\u00eb m\u00ebkat. Njeriu i pushtetit tek deviza se vet\u00ebm un\u00eb kam t\u00eb drejt\u00eb, ai i zotit tek besimi se mbi tok\u00eb jan\u00eb t\u00eb gjith\u00eb t\u00eb gabuesh\u00ebm.<\/p>\n<p>Pik\u00ebrisht kjo diferenc\u00eb thelb\u00ebsore e b\u00ebri kryeministrin t\u00eb shp\u00ebrtheje duke e injoruar si nj\u00eb prift q\u00eb merret me pun\u00eb q\u00eb si takojn\u00eb. Sepse n\u00eb nj\u00eb vend q\u00eb po e korrupton me shpejt\u00ebsi, Rama i druhet atyre q\u00eb mb\u00ebshteten tek morali. Sepse n\u00eb nj\u00eb hapsir\u00eb ku po i vret t\u00eb gjitha kund\u00ebr pushtetet, ky politikan i konvertuar n\u00eb katolik, nuk do t\u00eb shihet n\u00eb pasqyr\u00ebn e m\u00ebsimeve t\u00eb Jezusit. Pik\u00ebrisht k\u00ebt\u00eb i ofroi Dom Vlash Palaj q\u00eb mori mbi vete zem\u00ebrimin e tij.\/ Lapsi.al<\/p>\n","protected":false},"excerpt":{"rendered":"<p>N\u00eb rokopuj\u00ebn e zhurmshme t\u00eb ngjarjeve t\u00eb Thethit, ku si\u00e7 tashm\u00eb \u00ebshm\u00eb \u00ebsht\u00eb b\u00ebr\u00eb zakon, ata q\u00eb nuk jan\u00eb t\u00eb interesuar mbyllin goj\u00ebn, sipas mend\u00ebsis\u00eb \u201clarg menderes sime\u201d, pak kush e d\u00ebgjoi klith\u00ebm\u00ebn e famulltarit t\u00eb Shkodr\u00ebs Dom Vlash Palajt. Duke u folur besimtar\u00ebve t\u00eb vet ai e p\u00ebrshkroi ngjarjen pa dorashka si trash\u00ebgimtar i &hellip;<\/p>\n","protected":false},"author":4,"featured_media":119073,"comment_status":"closed","ping_status":"closed","sticky":false,"template":"","format":"standard","meta":{"footnotes":""},"categories":[37],"tags":[],"class_list":["post-119072","post","type-post","status-publish","format-standard","has-post-thumbnail","","category-politike"],"_links":{"self":[{"href":"https:\/\/rdnews.al\/index.php\/wp-json\/wp\/v2\/posts\/119072","targetHints":{"allow":["GET"]}}],"collection":[{"href":"https:\/\/rdnews.al\/index.php\/wp-json\/wp\/v2\/posts"}],"about":[{"href":"https:\/\/rdnews.al\/index.php\/wp-json\/wp\/v2\/types\/post"}],"author":[{"embeddable":true,"href":"https:\/\/rdnews.al\/index.php\/wp-json\/wp\/v2\/users\/4"}],"replies":[{"embeddable":true,"href":"https:\/\/rdnews.al\/index.php\/wp-json\/wp\/v2\/comments?post=119072"}],"version-history":[{"count":1,"href":"https:\/\/rdnews.al\/index.php\/wp-json\/wp\/v2\/posts\/119072\/revisions"}],"predecessor-version":[{"id":119074,"href":"https:\/\/rdnews.al\/index.php\/wp-json\/wp\/v2\/posts\/119072\/revisions\/119074"}],"wp:featuredmedia":[{"embeddable":true,"href":"https:\/\/rdnews.al\/index.php\/wp-json\/wp\/v2\/media\/119073"}],"wp:attachment":[{"href":"https:\/\/rdnews.al\/index.php\/wp-json\/wp\/v2\/media?parent=119072"}],"wp:term":[{"taxonomy":"category","embeddable":true,"href":"https:\/\/rdnews.al\/index.php\/wp-json\/wp\/v2\/categories?post=119072"},{"taxonomy":"post_tag","embeddable":true,"href":"https:\/\/rdnews.al\/index.php\/wp-json\/wp\/v2\/tags?post=119072"}],"curies":[{"name":"wp","href":"https:\/\/api.w.org\/{rel}","templated":true}]}}