{"id":119075,"date":"2025-07-15T16:45:15","date_gmt":"2025-07-15T16:45:15","guid":{"rendered":"https:\/\/rdnews.al\/?p=119075"},"modified":"2025-07-15T16:46:47","modified_gmt":"2025-07-15T16:46:47","slug":"avokatja-e-popullit-e-ka-detyrim-ligjor-te-shkoje-ne-theth-rama-e-mban-ne-detyre-se-i-sherben","status":"publish","type":"post","link":"https:\/\/rdnews.al\/index.php\/2025\/07\/15\/avokatja-e-popullit-e-ka-detyrim-ligjor-te-shkoje-ne-theth-rama-e-mban-ne-detyre-se-i-sherben\/","title":{"rendered":"Avokatja e Popullit e ka detyrim ligjor t\u00eb shkoj\u00eb n\u00eb Theth! Rama e mban n\u00eb detyr\u00eb se i sh\u00ebrben!"},"content":{"rendered":"<p>Avokatja e Popullit pa mandat, Erinda Ballanca ka zgjedhur t\u00eb rreshtohet n\u00eb krah t\u00eb Qeveris\u00eb, dhe jo si\u00e7 ja k\u00ebrkon detyra n\u00eb krah t\u00eb popullit.<\/p>\n<p>N\u00eb nj\u00eb dalje p\u00ebr mediat, Ballanca k\u00ebrkonte denoncime me email q\u00eb t\u00eb niste verifikimet p\u00ebr terronin dhe dhun\u00ebn e ushtruar ndaj banor\u00ebve t\u00eb Thethit p\u00ebr shembjen e nd\u00ebrtesave, pasi nuk i mjaftonin denoncimet e b\u00ebra n\u00eb media.<\/p>\n<p>Lidhur me k\u00ebt\u00eb situat\u00eb, ndaj Avokates s\u00eb Popullit Erinda Ballanca ka reaguar ashp\u00ebr ekspertja e\u00a0ekonomis\u00eb, Brisida Shehaj. Gjat\u00eb nj\u00eb interviste p\u00ebr Syri Tv, Shehaj lexoi ligjin p\u00ebr Avokatin e Popullit, ku n\u00eb nenin 13 theksohet qart\u00eb se Avokati i Popullit fillon procedur\u00ebn e shqyrtimit t\u00eb \u00e7\u00ebshtjes edhe me nism\u00ebn e vet, p\u00ebr raste t\u00eb ve\u00e7anta t\u00eb b\u00ebra publike.<\/p>\n<p>Pra, sipas Shehajt, Avokatja e Popullit pa mandat, Erinda Ballanca e ka detyrim ligjor t\u00eb shkoj\u00eb n\u00eb Theth. Ajo theksoi dhe se Rama e mban ende n\u00eb detyr\u00eb Erinda Ballanc\u00ebn, pasi i sh\u00ebrben, p\u00ebr shkak se Avokati i Popullit \u00ebsht\u00eb nj\u00eb struktur\u00eb q\u00eb raporton n\u00eb Bashkimin e Europian p\u00ebr zbatimin e t\u00eb drejtave dhe konventave nd\u00ebrkomb\u00ebtare p\u00ebr lirit\u00eb dhe t\u00eb drejtat e njeriut, por edhe p\u00ebr institucionet e reja t\u00eb drejt\u00ebsis\u00eb.<\/p>\n<p>Bisida Shehaj i p\u00ebrmendi Erinda Ballanc\u00ebs edhe \u201csfiladat e mod\u00ebs\u201d, p\u00ebr t\u00eb cilat harxhon miliona lek\u00eb, duke iu referuar fest\u00ebs s\u00eb 25 vjetorit t\u00eb institucionit t\u00eb Avokatit t\u00eb Popullit.<\/p>\n<p><em>\u201cI them k\u00ebsaj zonj\u00ebs, q\u00eb Esion Konomi q\u00eb i b\u00ebri at\u00eb pyetjen dhe dha nj\u00eb shqet\u00ebsim shum\u00eb t\u00eb madh. Avokati i Popullit \u00ebsht\u00eb nj\u00eb struktur\u00eb q\u00eb raporton n\u00eb Bashkimin Europian dhe jo vet\u00ebm n\u00eb zbatimin e t\u00eb drejtave dhe konventave nd\u00ebrkomb\u00ebtare p\u00ebr lirit\u00eb dhe t\u00eb drejtat e njeriut, por \u00ebsht\u00eb pjes\u00eb edhe e institucioneve t\u00eb reja t\u00eb drejt\u00ebsis\u00eb, \u00ebsht\u00eb v\u00ebzhgues ajo atje, shkon n\u00eb KLGJ, KLP, ILD. Kjo \u00ebsht\u00eb edhe arsyeja pse nuk e zgjedh Rama, Avokatin e ri t\u00eb Popullit, por mban at\u00eb ende q\u00eb i sh\u00ebrben. Por, n\u00ebse Esiona aty nuk kishte google, ne n\u00eb sht\u00ebpi gjith\u00ebsecili e kemi nga nj\u00eb google dhe shqiptar\u00ebt aty mjaftojn\u00eb t\u00eb shkruajn\u00eb ligji p\u00ebr Avokatin e Popullit dhe del ligji. Pastaj ta skrollin pak, meq\u00ebn\u00ebse po p\u00ebrdorte fjal\u00ebt, atyre po iu digjen sht\u00ebpite atje, po iu ik\u00ebn tepeleku i kok\u00ebs, t\u2019i b\u00ebnin nj\u00eb email k\u00ebsaj. Neni 13 i ligjit, \u201cVendimi i shqyrtimit t\u00eb \u00e7\u00ebshtjes dhe thot\u00eb: \u201cAvokati i Popullit fillon procedur\u00ebn e shqyrtimit t\u00eb \u00e7\u00ebshtjes kur v\u00ebren ose dyshon se ka ndodhur nj\u00eb shkelje e s\u00eb drejt\u00ebs, n\u00eb baz\u00eb t\u00eb ankes\u00ebs apo t\u00eb k\u00ebrkes\u00ebs s\u00eb personit t\u00eb interesuar ose t\u00eb d\u00ebmtuar\u201d, deri k\u00ebtu jemi te pasarela q\u00eb b\u00ebnte Avokatja jon\u00eb e Popullit, q\u00eb \u00ebsht\u00eb rast unik, se nuk besoj q\u00eb ka ndonj\u00eb vend n\u00eb bot\u00eb q\u00eb b\u00ebn pasarela dhe harxhon milionat e lek\u00ebve p\u00ebr pasarela.<\/em><\/p>\n<p><em>Por, vazhdon kjo fjalia dhe thot\u00eb, \u201csi dhe me nism\u00ebn e vet, p\u00ebr raste t\u00eb ve\u00e7anta t\u00eb b\u00ebra publike.\u201d Q\u00eb do t\u00eb thot\u00eb se ka detyrimin ligjor t\u00eb shkoj\u00eb atje se t\u00eb gjith\u00eb atje ankoheshin dhe thoshin se nuk na kan\u00eb dh\u00ebn\u00eb ende nj\u00eb let\u00ebr. Avokatja e Popullit e cila \u00ebsht\u00eb shum\u00eb e sheqt\u00ebsuar t\u00eb b\u00ebj\u00eb pasarela, e cila pasi pa reagimin e publikut shkoi dhe dha intervist\u00eb n\u00eb nj\u00eb tjet\u00ebr televizion dhe i shpjegonte sms-n\u00eb dhe email-in atyre me fadroma dhe me Polici dhe me t\u00ebrheqje zvarr\u00eb. Dhe shkonte t\u00eb thoshte q\u00eb s\u2019kemi nj\u00eb ankes\u00eb. Nuk ka neboj\u00eb p\u00ebr ankes\u00eb ajo zonja, e ka detyrim ligjor, t\u00eb mbylli dhe ato raportet se ka shum\u00eb raporte t\u00eb hapura se mos kujtoj\u00eb ajo se \u00ebsht\u00eb e qet\u00eb se kur ke 700 halle t\u00eb tjera, edhe si individ p\u00ebr t\u2019u marr\u00eb, por edhe si shoq\u00ebri civile, por edhe si opozit\u00eb me gjith\u00eb k\u00ebto vjedhjen e zgjedhjeve, etj. Ajo zonja \u00ebsht\u00eb l\u00ebn\u00eb e lir\u00eb dhe ka plot denoncime q\u00eb na vijn\u00eb dhe na thon\u00eb se ka ende raporte t\u00eb pa mbyllura. Nuk i mbyll as raportet. T\u00eb cilat, shpresoj q\u00eb t\u00eb k\u00ebrkohet nj\u00eb raportim i plot\u00eb se \u00e7far\u00eb ka b\u00ebr\u00eb ai institucion, \u00e7far\u00eb raportesh ka dhe s\u2019ka dhe se \u00e7far\u00eb raportesh ka \u00e7uar n\u00eb Bashkin Europian ajo zonja.\u201d\u00a0<\/em>\u2013 tha Brisida Shehaj.<\/p>\n<p>Erinda Ballanca po e ushtron detyr\u00ebn e Avokatit t\u00eb Popullit p\u00ebrtej afateve kushtetuese, pasi i ka mbaruar mandati q\u00eb prej Marsit t\u00eb vitit 2022.<\/p>\n<p>Ajo duhet ta kishte liruar \u201ckarrigen\u201d para tre vitesh, por zgjedhja e Avokatit t\u00eb ri t\u00eb Popullit k\u00ebrkon 84 vota n\u00eb Kuvend dhe \u00ebsht\u00eb mbajtur \u201cpeng\u201d nga mazhoranca, e cila nuk e futi n\u00eb rend dite p\u00ebr t\u00eb votuar emrat e propozuara nga opozita.<\/p>\n<p>Ballanca u zgjodh n\u00eb postin e Avokatit t\u00eb Popullit m\u00eb 22 Maj t\u00eb vitit 2017 pas marr\u00ebveshjes Rama-Basha, e duket se me 8 vite n\u00eb detyr\u00eb, ajo ka zgjedhur q\u00eb t\u00eb rreshtohet n\u00eb krah t\u00eb Ram\u00ebs p\u00ebr t\u00eb q\u00ebndruar sa m\u00eb gjat\u00eb.<\/p>\n","protected":false},"excerpt":{"rendered":"<p>Avokatja e Popullit pa mandat, Erinda Ballanca ka zgjedhur t\u00eb rreshtohet n\u00eb krah t\u00eb Qeveris\u00eb, dhe jo si\u00e7 ja k\u00ebrkon detyra n\u00eb krah t\u00eb popullit. N\u00eb nj\u00eb dalje p\u00ebr mediat, Ballanca k\u00ebrkonte denoncime me email q\u00eb t\u00eb niste verifikimet p\u00ebr terronin dhe dhun\u00ebn e ushtruar ndaj banor\u00ebve t\u00eb Thethit p\u00ebr shembjen e nd\u00ebrtesave, pasi nuk &hellip;<\/p>\n","protected":false},"author":4,"featured_media":119078,"comment_status":"closed","ping_status":"closed","sticky":false,"template":"","format":"standard","meta":{"footnotes":""},"categories":[37],"tags":[],"class_list":["post-119075","post","type-post","status-publish","format-standard","has-post-thumbnail","","category-politike"],"_links":{"self":[{"href":"https:\/\/rdnews.al\/index.php\/wp-json\/wp\/v2\/posts\/119075","targetHints":{"allow":["GET"]}}],"collection":[{"href":"https:\/\/rdnews.al\/index.php\/wp-json\/wp\/v2\/posts"}],"about":[{"href":"https:\/\/rdnews.al\/index.php\/wp-json\/wp\/v2\/types\/post"}],"author":[{"embeddable":true,"href":"https:\/\/rdnews.al\/index.php\/wp-json\/wp\/v2\/users\/4"}],"replies":[{"embeddable":true,"href":"https:\/\/rdnews.al\/index.php\/wp-json\/wp\/v2\/comments?post=119075"}],"version-history":[{"count":1,"href":"https:\/\/rdnews.al\/index.php\/wp-json\/wp\/v2\/posts\/119075\/revisions"}],"predecessor-version":[{"id":119077,"href":"https:\/\/rdnews.al\/index.php\/wp-json\/wp\/v2\/posts\/119075\/revisions\/119077"}],"wp:featuredmedia":[{"embeddable":true,"href":"https:\/\/rdnews.al\/index.php\/wp-json\/wp\/v2\/media\/119078"}],"wp:attachment":[{"href":"https:\/\/rdnews.al\/index.php\/wp-json\/wp\/v2\/media?parent=119075"}],"wp:term":[{"taxonomy":"category","embeddable":true,"href":"https:\/\/rdnews.al\/index.php\/wp-json\/wp\/v2\/categories?post=119075"},{"taxonomy":"post_tag","embeddable":true,"href":"https:\/\/rdnews.al\/index.php\/wp-json\/wp\/v2\/tags?post=119075"}],"curies":[{"name":"wp","href":"https:\/\/api.w.org\/{rel}","templated":true}]}}