{"id":11908,"date":"2022-05-11T08:43:39","date_gmt":"2022-05-11T08:43:39","guid":{"rendered":"https:\/\/rdnews.al\/?p=11908"},"modified":"2022-05-11T08:43:39","modified_gmt":"2022-05-11T08:43:39","slug":"balliu-i-pergjigjet-alibeajt-nuk-ka-pazar-me-edi-ramen-por-vetem-perballje","status":"publish","type":"post","link":"https:\/\/rdnews.al\/index.php\/2022\/05\/11\/balliu-i-pergjigjet-alibeajt-nuk-ka-pazar-me-edi-ramen-por-vetem-perballje\/","title":{"rendered":"Balliu i p\u00ebrgjigjet Alibeajt: Nuk ka pazar me Edi Ram\u00ebn, por vet\u00ebm p\u00ebrballje!"},"content":{"rendered":"<p>An\u00ebtari i Komisionit te Rithemelimit, Klevis Balliu, reagoi s\u00ebrish p\u00ebr procesin e zgjedhjes s\u00eb Presidentit t\u00eb ri.\u00a0Sipas tij, opozita nuk mund t\u00eb ulet n\u00eb tavolin\u00eb me nj\u00eb mazhoranc\u00eb t\u00eb korruptuar q\u00eb k\u00ebrkon t\u00eb kap\u00eb edhe institucionin e kreut t\u00eb shtetit.<\/p>\n<p>\u201cEnkelejd Alibeaj po p\u00ebrdoret nga Edi Rama p\u00ebr t\u00eb justifikuar vjedhjen e institucionit t\u00eb Presidentit.<\/p>\n<p>Zoti Alibeaj nuk ka asnj\u00eb tag\u00ebr p\u00ebr t\u00eb diskutuar p\u00ebr \u00e7\u00ebshtjen e Presidentit.<\/p>\n<p>Opozita nuk mund t\u00eb ulet n\u00eb tavolin\u00eb me nj\u00eb mazhoranc\u00eb t\u00eb korruptuar q\u00eb k\u00ebrkon t\u00eb kap\u00eb edhe institucionin e kreut t\u00eb shtetit.<\/p>\n<p>Nuk ka pazar me Edi Ram\u00ebn, por vet\u00ebm p\u00ebrballje\u201d, shkruan Balliu.<\/p>\n","protected":false},"excerpt":{"rendered":"<p>An\u00ebtari i Komisionit te Rithemelimit, Klevis Balliu, reagoi s\u00ebrish p\u00ebr procesin e zgjedhjes s\u00eb Presidentit t\u00eb ri.\u00a0Sipas tij, opozita nuk mund t\u00eb ulet n\u00eb tavolin\u00eb me nj\u00eb mazhoranc\u00eb t\u00eb korruptuar q\u00eb k\u00ebrkon t\u00eb kap\u00eb edhe institucionin e kreut t\u00eb shtetit. \u201cEnkelejd Alibeaj po p\u00ebrdoret nga Edi Rama p\u00ebr t\u00eb justifikuar vjedhjen e institucionit t\u00eb Presidentit. &hellip;<\/p>\n","protected":false},"author":4,"featured_media":7585,"comment_status":"open","ping_status":"open","sticky":false,"template":"","format":"standard","meta":{"footnotes":""},"categories":[37],"tags":[],"class_list":["post-11908","post","type-post","status-publish","format-standard","has-post-thumbnail","","category-politike"],"_links":{"self":[{"href":"https:\/\/rdnews.al\/index.php\/wp-json\/wp\/v2\/posts\/11908","targetHints":{"allow":["GET"]}}],"collection":[{"href":"https:\/\/rdnews.al\/index.php\/wp-json\/wp\/v2\/posts"}],"about":[{"href":"https:\/\/rdnews.al\/index.php\/wp-json\/wp\/v2\/types\/post"}],"author":[{"embeddable":true,"href":"https:\/\/rdnews.al\/index.php\/wp-json\/wp\/v2\/users\/4"}],"replies":[{"embeddable":true,"href":"https:\/\/rdnews.al\/index.php\/wp-json\/wp\/v2\/comments?post=11908"}],"version-history":[{"count":0,"href":"https:\/\/rdnews.al\/index.php\/wp-json\/wp\/v2\/posts\/11908\/revisions"}],"wp:featuredmedia":[{"embeddable":true,"href":"https:\/\/rdnews.al\/index.php\/wp-json\/wp\/v2\/media\/7585"}],"wp:attachment":[{"href":"https:\/\/rdnews.al\/index.php\/wp-json\/wp\/v2\/media?parent=11908"}],"wp:term":[{"taxonomy":"category","embeddable":true,"href":"https:\/\/rdnews.al\/index.php\/wp-json\/wp\/v2\/categories?post=11908"},{"taxonomy":"post_tag","embeddable":true,"href":"https:\/\/rdnews.al\/index.php\/wp-json\/wp\/v2\/tags?post=11908"}],"curies":[{"name":"wp","href":"https:\/\/api.w.org\/{rel}","templated":true}]}}