{"id":119119,"date":"2025-07-16T09:31:18","date_gmt":"2025-07-16T09:31:18","guid":{"rendered":"https:\/\/rdnews.al\/?p=119119"},"modified":"2025-07-16T09:31:18","modified_gmt":"2025-07-16T09:31:18","slug":"berisha-rama-dhe-vucici-ia-hedhin-fajin-be-se-per-vonesat-e-integrimit-dhe-nuk-respektojne-standardet-dhe-shtetin-e-se-drejtes","status":"publish","type":"post","link":"https:\/\/rdnews.al\/index.php\/2025\/07\/16\/berisha-rama-dhe-vucici-ia-hedhin-fajin-be-se-per-vonesat-e-integrimit-dhe-nuk-respektojne-standardet-dhe-shtetin-e-se-drejtes\/","title":{"rendered":"Berisha: Rama dhe Vu\u00e7i\u00e7i ia hedhin fajin BE-s\u00eb p\u00ebr vonesat e integrimit, dhe nuk respektojn\u00eb standardet dhe shtetin e s\u00eb drejt\u00ebs"},"content":{"rendered":"<p>N\u00eb vijim t\u00eb fjal\u00ebs s\u00eb tij gjat\u00eb konferenc\u00ebs &#8220;The Western Balkans Paradigm&#8221;, kryetari i Partis\u00eb Demokratike, Sali Berisha, ka kritikuar qasjen e kryeministrit Edi Rama dhe presidentit serb Aleksand\u00ebr Vu\u00e7i\u00e7 ndaj procesit t\u00eb integrimit europian.<br \/>\nAi i akuzoi ata se i hedhin fajin Bashkimit Europian p\u00ebr vonesat, nd\u00ebrkoh\u00eb q\u00eb vet\u00eb nuk respektojn\u00eb standardet demokratike dhe shtetin e s\u00eb drejt\u00ebs.<br \/>\nSipas Berish\u00ebs, ide t\u00eb tilla si &#8220;Ballkani i Hapur&#8221; jan\u00eb p\u00ebrdorur p\u00ebr t\u00eb shmangur angazhimet e v\u00ebrteta ndaj vlerave europiane dhe p\u00ebr t\u00eb mbuluar munges\u00ebn e vullnetit politik p\u00ebr reforma reale.<br \/>\n\u201cDua t\u00eb them se Partia Popullore Europiane po ofron nj\u00eb ndihm\u00eb t\u00eb madhe. Presidenti \u00cbeber, ka qen\u00eb n\u00eb asamblen\u00eb e fundit politike dhe ai tha se, do t\u00eb d\u00ebrgoj\u00eb nj\u00eb mision fakt gjet\u00ebs n\u00eb Shqip\u00ebri.<br \/>\nDavid McAllister po jep ndihmes\u00ebn e vet.<br \/>\nPra ne jemi t\u00eb inkurajuar sepse misioni i tyre faktmbledh\u00ebs do t\u00eb jet\u00eb me shum\u00eb r\u00ebnd\u00ebsi p\u00ebr t\u00eb hedhur drit\u00eb p\u00ebr rastet tona konkrete dhe p\u00ebr ti pasqyruar n\u00eb Bruksel.<br \/>\nPadyshim ka nj\u00eb lodhje prej zgjerimit, sepse sa m\u00eb tep\u00ebr t\u00eb zgjerohet BE-ja, aq m\u00eb i v\u00ebshtir\u00eb b\u00ebhet edhe menaxhimi.<br \/>\nPor nuk \u00ebsht\u00eb ky shkaku i vonesave t\u00eb an\u00ebtar\u00ebsimit t\u00eb vendeve t\u00eb Ballkanit Per\u00ebndimor.<br \/>\n\u00cbsht\u00eb e v\u00ebshtir\u00eb q\u00eb ka qen\u00eb nj\u00eb \u00e7ast kur lindi ideja p\u00ebr ti ofruar nj\u00eb partneritet Ballkanit Per\u00ebndimor, por zgjati shum\u00eb pak, dhe Procesi i Berlinit synonte q\u00eb ti afronte sa m\u00eb pran\u00eb BE-s\u00eb.<br \/>\nProblemi \u00ebsht\u00eb se autokrat\u00ebt e rajonit, filluan me projekte t\u00eb reja.<br \/>\nShpeshher\u00eb ne mendonim se as Rama dhe as Vu\u00e7i\u00e7 nuk ishin t\u00eb interesuar p\u00ebr integrimin. Ata shanin dhe hidhnin fajin lodhjes dhe shpik\u00ebn \u2018Ballkanin e Hapur\u2019. K\u00ebrc\u00ebnuan opsione t\u00eb tjera, dhe nuk respektuan parimin thelb\u00ebsor t\u00eb integrimit n\u00eb BE, q\u00eb nuk \u00ebsht\u00eb lodhja e BE-s\u00eb e cila kishte ngadal\u00ebsuar procesin e integrimit t\u00eb Ballkanit.<br \/>\nNe e dim\u00eb q\u00eb nuk \u00ebsht\u00eb nj\u00eb proces i shpejt\u00eb, por \u00ebsht\u00eb nj\u00eb proces i pandalsh\u00ebm. Ishte nj\u00eb proces q\u00eb vijonte.<br \/>\nK\u00ebta persona duke ngritur tez\u00ebn e lodhjes europiane dhe duke faj\u00ebsuar europian\u00ebt p\u00ebr procesin e ngadalt\u00eb, i lejuan vetes q\u00eb t\u00eb mos shqet\u00ebsoheshin p\u00ebr parime dhe standarde.<br \/>\nAta k\u00ebt\u00eb rrug\u00eb ndoq\u00ebn.<br \/>\nUn\u00eb mendoj se asnj\u00eb nuk duhet t\u00eb ua ver\u00eb veshin atyre p\u00ebr \u00e7\u00ebshtje t\u00eb lodhjes.<br \/>\nPatjet\u00ebr q\u00eb ka probleme. Brenda nj\u00eb familje t\u00eb madhe dhe t\u00eb zgjeruar, patjet\u00ebr q\u00eb ka probleme dhe nuk e mohon kush, por Ballkani nga nj\u00eb vend luft\u00ebrash \u00ebsht\u00eb kthyer n\u00eb nj\u00eb protektorat krimi.<br \/>\nBallkani vet\u00eb ka problemet e tij dhe nuk mund t\u00eb faj\u00ebsoj\u00eb t\u00eb tjer\u00ebt p\u00ebr luft\u00ebrat q\u00eb kaloi, as p\u00ebr protektoratin kriminal q\u00eb \u00ebsht\u00eb kthyer.<br \/>\nK\u00ebshtu q\u00eb n\u00eb gjykimin tim \u00ebsht\u00eb q\u00eb t\u00eb mbajm\u00eb iden\u00eb e respektimit t\u00eb standardeve dhe shtetit t\u00eb s\u00eb drejt\u00ebs.\u00a0Kjo \u00ebsht\u00eb vlera m\u00eb thelb\u00ebsore\u201d, u shpreh Berisha.<\/p>\n","protected":false},"excerpt":{"rendered":"<p>N\u00eb vijim t\u00eb fjal\u00ebs s\u00eb tij gjat\u00eb konferenc\u00ebs &#8220;The Western Balkans Paradigm&#8221;, kryetari i Partis\u00eb Demokratike, Sali Berisha, ka kritikuar qasjen e kryeministrit Edi Rama dhe presidentit serb Aleksand\u00ebr Vu\u00e7i\u00e7 ndaj procesit t\u00eb integrimit europian. Ai i akuzoi ata se i hedhin fajin Bashkimit Europian p\u00ebr vonesat, nd\u00ebrkoh\u00eb q\u00eb vet\u00eb nuk respektojn\u00eb standardet demokratike dhe &hellip;<\/p>\n","protected":false},"author":4,"featured_media":119120,"comment_status":"closed","ping_status":"closed","sticky":false,"template":"","format":"standard","meta":{"footnotes":""},"categories":[37],"tags":[],"class_list":["post-119119","post","type-post","status-publish","format-standard","has-post-thumbnail","","category-politike"],"_links":{"self":[{"href":"https:\/\/rdnews.al\/index.php\/wp-json\/wp\/v2\/posts\/119119","targetHints":{"allow":["GET"]}}],"collection":[{"href":"https:\/\/rdnews.al\/index.php\/wp-json\/wp\/v2\/posts"}],"about":[{"href":"https:\/\/rdnews.al\/index.php\/wp-json\/wp\/v2\/types\/post"}],"author":[{"embeddable":true,"href":"https:\/\/rdnews.al\/index.php\/wp-json\/wp\/v2\/users\/4"}],"replies":[{"embeddable":true,"href":"https:\/\/rdnews.al\/index.php\/wp-json\/wp\/v2\/comments?post=119119"}],"version-history":[{"count":1,"href":"https:\/\/rdnews.al\/index.php\/wp-json\/wp\/v2\/posts\/119119\/revisions"}],"predecessor-version":[{"id":119121,"href":"https:\/\/rdnews.al\/index.php\/wp-json\/wp\/v2\/posts\/119119\/revisions\/119121"}],"wp:featuredmedia":[{"embeddable":true,"href":"https:\/\/rdnews.al\/index.php\/wp-json\/wp\/v2\/media\/119120"}],"wp:attachment":[{"href":"https:\/\/rdnews.al\/index.php\/wp-json\/wp\/v2\/media?parent=119119"}],"wp:term":[{"taxonomy":"category","embeddable":true,"href":"https:\/\/rdnews.al\/index.php\/wp-json\/wp\/v2\/categories?post=119119"},{"taxonomy":"post_tag","embeddable":true,"href":"https:\/\/rdnews.al\/index.php\/wp-json\/wp\/v2\/tags?post=119119"}],"curies":[{"name":"wp","href":"https:\/\/api.w.org\/{rel}","templated":true}]}}