{"id":119143,"date":"2025-07-16T11:56:23","date_gmt":"2025-07-16T11:56:23","guid":{"rendered":"https:\/\/rdnews.al\/?p=119143"},"modified":"2025-07-16T11:56:23","modified_gmt":"2025-07-16T11:56:23","slug":"rama-shkon-me-helikopter-cougar-ne-vlore","status":"publish","type":"post","link":"https:\/\/rdnews.al\/index.php\/2025\/07\/16\/rama-shkon-me-helikopter-cougar-ne-vlore\/","title":{"rendered":"Rama shkon me helikopter \u201cCougar\u201d n\u00eb Vlor\u00eb"},"content":{"rendered":"<p>Kryeministri Edi Rama ka zhvilluar s\u00ebrish nj\u00eb vizit\u00eb n\u00eb qytetin e Vlor\u00ebs k\u00ebt\u00eb t\u00eb m\u00ebrkur\u00eb, duke zgjedhur k\u00ebsaj here nj\u00eb mjet t\u00eb pazakont\u00eb transporti \u2013 nj\u00eb helikopter ushtarak tip \u201cCougar\u201d.<\/p>\n<p>Zbritja \u00ebsht\u00eb kryer n\u00eb ish-fush\u00ebn e aviacionit, prej nga ku m\u00eb pas Rama \u00ebsht\u00eb shoq\u00ebruar me eskort\u00eb drejt vil\u00ebs qeveritare. Mesa duket Rama edhe vet\u00eb \u00ebsht\u00eb i m\u00ebrzitur me rrug\u00ebt cop\u00eb-cop\u00eb dhe tashm\u00eb ka filluar t\u00eb qarkulloj\u00eb me helikopter.<\/p>\n<p>P\u00ebr t\u00eb shmangur infrastruktur\u00ebn e shkat\u00ebrruar dhe trafikun e r\u00ebnduar, Rama shton shpenzimet qeveritare duke p\u00ebrdorur sipas tekave t\u00eb tij helikopter\u00ebt e ushtris\u00eb t\u00eb cil\u00ebt kan\u00eb nj\u00eb kosto t\u00eb lart\u00eb.<\/p>\n<p>Tashm\u00eb q\u00eb \u201cblindoi\u201d mandatin e kat\u00ebrt, Rama po sillet si \u201cpadron i Shqip\u00ebris\u00eb\u201d duke marr\u00eb vendime n\u00eb kund\u00ebrshtim me ligjin dhe duke shkelur Kushtetut\u00ebn, referuar prishjeve t\u00eb banesave n\u00eb Theth dhe val\u00ebn e shkarkimeve n\u00eb t\u00eb gjith\u00eb bashkit\u00eb e vendit.<\/p>\n<p>Kjo vizit\u00eb vjen pas asaj t\u00eb dat\u00ebs 3 korrik, kur kryeministri pati nj\u00eb q\u00ebndrim kritik ndaj administrat\u00ebs vendore, duke shkaktuar l\u00ebvizje dhe reagime n\u00eb Bashkin\u00eb e Vlor\u00ebs. Ende nuk \u00ebsht\u00eb e qart\u00eb n\u00ebse vizita e sotme ka nj\u00eb karakter pune, apo n\u00ebse Rama ka zgjedhur t\u00eb kaloj\u00eb disa dit\u00eb pushimi n\u00eb vil\u00ebn qeveritare.<\/p>\n<p>Zyrtarisht, nuk ka pasur njoftime p\u00ebr ndonj\u00eb takim apo aktivitet t\u00eb planifikuar me autoritetet lokale.<\/p>\n","protected":false},"excerpt":{"rendered":"<p>Kryeministri Edi Rama ka zhvilluar s\u00ebrish nj\u00eb vizit\u00eb n\u00eb qytetin e Vlor\u00ebs k\u00ebt\u00eb t\u00eb m\u00ebrkur\u00eb, duke zgjedhur k\u00ebsaj here nj\u00eb mjet t\u00eb pazakont\u00eb transporti \u2013 nj\u00eb helikopter ushtarak tip \u201cCougar\u201d. Zbritja \u00ebsht\u00eb kryer n\u00eb ish-fush\u00ebn e aviacionit, prej nga ku m\u00eb pas Rama \u00ebsht\u00eb shoq\u00ebruar me eskort\u00eb drejt vil\u00ebs qeveritare. Mesa duket Rama edhe vet\u00eb &hellip;<\/p>\n","protected":false},"author":4,"featured_media":119144,"comment_status":"closed","ping_status":"closed","sticky":false,"template":"","format":"standard","meta":{"footnotes":""},"categories":[37],"tags":[],"class_list":["post-119143","post","type-post","status-publish","format-standard","has-post-thumbnail","","category-politike"],"_links":{"self":[{"href":"https:\/\/rdnews.al\/index.php\/wp-json\/wp\/v2\/posts\/119143","targetHints":{"allow":["GET"]}}],"collection":[{"href":"https:\/\/rdnews.al\/index.php\/wp-json\/wp\/v2\/posts"}],"about":[{"href":"https:\/\/rdnews.al\/index.php\/wp-json\/wp\/v2\/types\/post"}],"author":[{"embeddable":true,"href":"https:\/\/rdnews.al\/index.php\/wp-json\/wp\/v2\/users\/4"}],"replies":[{"embeddable":true,"href":"https:\/\/rdnews.al\/index.php\/wp-json\/wp\/v2\/comments?post=119143"}],"version-history":[{"count":1,"href":"https:\/\/rdnews.al\/index.php\/wp-json\/wp\/v2\/posts\/119143\/revisions"}],"predecessor-version":[{"id":119145,"href":"https:\/\/rdnews.al\/index.php\/wp-json\/wp\/v2\/posts\/119143\/revisions\/119145"}],"wp:featuredmedia":[{"embeddable":true,"href":"https:\/\/rdnews.al\/index.php\/wp-json\/wp\/v2\/media\/119144"}],"wp:attachment":[{"href":"https:\/\/rdnews.al\/index.php\/wp-json\/wp\/v2\/media?parent=119143"}],"wp:term":[{"taxonomy":"category","embeddable":true,"href":"https:\/\/rdnews.al\/index.php\/wp-json\/wp\/v2\/categories?post=119143"},{"taxonomy":"post_tag","embeddable":true,"href":"https:\/\/rdnews.al\/index.php\/wp-json\/wp\/v2\/tags?post=119143"}],"curies":[{"name":"wp","href":"https:\/\/api.w.org\/{rel}","templated":true}]}}