{"id":119146,"date":"2025-07-16T11:59:52","date_gmt":"2025-07-16T11:59:52","guid":{"rendered":"https:\/\/rdnews.al\/?p=119146"},"modified":"2025-07-16T12:00:23","modified_gmt":"2025-07-16T12:00:23","slug":"maleme-letra-per-paketen-e-maleve-fshatra-pa-banore","status":"publish","type":"post","link":"https:\/\/rdnews.al\/index.php\/2025\/07\/16\/maleme-letra-per-paketen-e-maleve-fshatra-pa-banore\/","title":{"rendered":"&#8220;Male&#8221; me letra p\u00ebr Paket\u00ebn e Maleve, fshatra pa banor\u00eb!"},"content":{"rendered":"<p><strong>Nga Alba KEPI<\/strong><\/p>\n<p>Me nj\u00eb postim &#8220;zemrash dhe flamujsh&#8221; q\u00eb lajm\u00ebron: \u201c787 aplikime p\u00ebr Paket\u00ebn e Maleve n\u00eb vet\u00ebm 5 dit\u00eb!\u201d KM fton emigrant\u00ebt dhe qytetar\u00ebt t\u00eb nd\u00ebrtojn\u00eb bujtina, agroturiz\u00ebm apo ferma n\u00eb zonat kodrinore t\u00eb braktisura. E gjitha me leje, mb\u00ebshtetje shtet\u00ebrore dhe kredi t\u00eb buta nga Banka e Shqip\u00ebris\u00eb.<\/p>\n<p>\u201cPaketa e Maleve\u201d p\u00ebrdoret si parfum institucional mbi plag\u00ebt e thella t\u00eb braktisjes, munges\u00ebs s\u00eb sh\u00ebrbimeve, shkollave, qendrave sh\u00ebndet\u00ebsore, emigrimit masiv dhe infrastruktur\u00ebs.<\/p>\n<p>N\u00eb thelb, ky projekt favorizon nj\u00eb elit\u00eb t\u00eb vog\u00ebl, t\u00eb lidhur me pushtetin lokal apo qendror.<\/p>\n<p>Nga 787 aplikime, vet\u00ebm nj\u00eb pjes\u00eb fare e vog\u00ebl do t\u00eb p\u00ebrzgjidhet, dhe kjo zakonisht ndodh jo n\u00eb baz\u00eb t\u00eb merit\u00ebs, por n\u00eb baz\u00eb Partie.<\/p>\n<p>N\u00eb vend t\u00eb nj\u00eb plani t\u00eb drejt\u00eb e gjith\u00ebp\u00ebrfshir\u00ebs p\u00ebr zhvillim rural, kemi nj\u00eb tjet\u00ebr form\u00eb t\u00eb re t\u00eb kapjes s\u00eb territorit \u2014 t\u00eb ligj\u00ebruar dhe t\u00eb zbukuruar me fjal\u00eb si&#8221;paket\u00eb&#8221;, \u201cagroturiz\u00ebm\u201d apo \u201cvler\u00ebsim i trash\u00ebgimis\u00eb.&#8221;<\/p>\n<p>Fshatrat malor\u00eb t\u00eb Shqip\u00ebris\u00eb jan\u00eb shnd\u00ebrruar n\u00eb zona fantazm\u00eb: pa transport, pa internet, pa ndihm\u00eb mjek\u00ebsore, me banesa t\u00eb rr\u00ebnuara dhe me t\u00eb moshuar q\u00eb presin t\u00eb mbyllin syt\u00eb, t\u00eb vet\u00ebm.<\/p>\n<p>N\u00eb vend q\u00eb t\u00eb hartohet nj\u00eb politik\u00eb integruese, q\u00eb garanton jetes\u00eb, sh\u00ebrbime publike, mb\u00ebshtetje reale p\u00ebr bujq\u00ebsin\u00eb dhe fermerin, qeveria prodhon fushata marketingu q\u00eb nuk kan\u00eb lidhje me hallet reale t\u00eb banor\u00ebve.<br \/>\n\u201cMe leje\u201d \u2013 nj\u00eb tjet\u00ebr mit institucional.<\/p>\n<p>Postimi i Unipushtetit n\u00ebnvizon me krenari q\u00eb nd\u00ebrtimi b\u00ebhet \u201cme leje\u201d. Por \u00e7far\u00eb do t\u00eb thot\u00eb n\u00eb nj\u00eb vend ku:<br \/>\n\u2022 Pron\u00ebsia mbi tok\u00ebn \u00ebsht\u00eb ende e paqart\u00eb?<br \/>\n\u2022 Malet jan\u00eb zona t\u00eb mbrojtura nga ligji?<br \/>\n\u2022 Zhvillimi i turizmit shpesh b\u00ebhet n\u00eb kurriz t\u00eb biodiversitetit dhe burimeve natyrore?<\/p>\n<p>N\u00eb realitet, lejet u jepen atyre q\u00eb din\u00eb si t\u00eb blejn\u00eb heshtje dhe ndikim, nd\u00ebrsa njer\u00ebzit e zakonsh\u00ebm, banor\u00ebt vendas, nuk din\u00eb ku t\u00eb trokasim p\u00ebr t\u00eb rind\u00ebrtuar sht\u00ebpit\u00eb e tyre<\/p>\n<p>Male me letra. Shqip\u00ebri pa njer\u00ebz.<\/p>\n<p>\u201cPaketat e Maleve\u201d nuk jan\u00eb zgjidhje. Jan\u00eb nj\u00eb mbules\u00eb propagandistike mbi nj\u00eb politik\u00eb t\u00eb d\u00ebshtuar territoriale.<br \/>\nJan\u00eb nj\u00eb mashtrim p\u00ebr emigrant\u00ebt, nj\u00eb legalizim p\u00ebr spekulator\u00ebt, nj\u00eb shk\u00ebputje e plot\u00eb nga realiteti rural.<\/p>\n<p>Fshatrat nuk rilindin me status Facebook-u.<br \/>\nAto rilindin me shkolla t\u00eb hapura, rrug\u00eb t\u00eb mir\u00ebmbajtura, sh\u00ebrbime sh\u00ebndet\u00ebsore funksionale, dhe mbi t\u00eb gjitha \u2014 me njer\u00ebz q\u00eb jetojn\u00eb aty jo nga marketingu, por nga dinjiteti dhe siguria e jetes\u00ebs.<\/p>\n<p>N\u00ebse duam male t\u00eb gjalla dhe jo vet\u00ebm letra zhvillimi, duhet t\u00eb fillojm\u00eb me t\u00eb v\u00ebrtet\u00ebn<\/p>\n","protected":false},"excerpt":{"rendered":"<p>Nga Alba KEPI Me nj\u00eb postim &#8220;zemrash dhe flamujsh&#8221; q\u00eb lajm\u00ebron: \u201c787 aplikime p\u00ebr Paket\u00ebn e Maleve n\u00eb vet\u00ebm 5 dit\u00eb!\u201d KM fton emigrant\u00ebt dhe qytetar\u00ebt t\u00eb nd\u00ebrtojn\u00eb bujtina, agroturiz\u00ebm apo ferma n\u00eb zonat kodrinore t\u00eb braktisura. E gjitha me leje, mb\u00ebshtetje shtet\u00ebrore dhe kredi t\u00eb buta nga Banka e Shqip\u00ebris\u00eb. \u201cPaketa e Maleve\u201d p\u00ebrdoret &hellip;<\/p>\n","protected":false},"author":4,"featured_media":114782,"comment_status":"closed","ping_status":"closed","sticky":false,"template":"","format":"standard","meta":{"footnotes":""},"categories":[44],"tags":[],"class_list":["post-119146","post","type-post","status-publish","format-standard","has-post-thumbnail","","category-editorial"],"_links":{"self":[{"href":"https:\/\/rdnews.al\/index.php\/wp-json\/wp\/v2\/posts\/119146","targetHints":{"allow":["GET"]}}],"collection":[{"href":"https:\/\/rdnews.al\/index.php\/wp-json\/wp\/v2\/posts"}],"about":[{"href":"https:\/\/rdnews.al\/index.php\/wp-json\/wp\/v2\/types\/post"}],"author":[{"embeddable":true,"href":"https:\/\/rdnews.al\/index.php\/wp-json\/wp\/v2\/users\/4"}],"replies":[{"embeddable":true,"href":"https:\/\/rdnews.al\/index.php\/wp-json\/wp\/v2\/comments?post=119146"}],"version-history":[{"count":2,"href":"https:\/\/rdnews.al\/index.php\/wp-json\/wp\/v2\/posts\/119146\/revisions"}],"predecessor-version":[{"id":119148,"href":"https:\/\/rdnews.al\/index.php\/wp-json\/wp\/v2\/posts\/119146\/revisions\/119148"}],"wp:featuredmedia":[{"embeddable":true,"href":"https:\/\/rdnews.al\/index.php\/wp-json\/wp\/v2\/media\/114782"}],"wp:attachment":[{"href":"https:\/\/rdnews.al\/index.php\/wp-json\/wp\/v2\/media?parent=119146"}],"wp:term":[{"taxonomy":"category","embeddable":true,"href":"https:\/\/rdnews.al\/index.php\/wp-json\/wp\/v2\/categories?post=119146"},{"taxonomy":"post_tag","embeddable":true,"href":"https:\/\/rdnews.al\/index.php\/wp-json\/wp\/v2\/tags?post=119146"}],"curies":[{"name":"wp","href":"https:\/\/api.w.org\/{rel}","templated":true}]}}