{"id":119152,"date":"2025-07-16T17:11:38","date_gmt":"2025-07-16T17:11:38","guid":{"rendered":"https:\/\/rdnews.al\/?p=119152"},"modified":"2025-07-16T17:11:38","modified_gmt":"2025-07-16T17:11:38","slug":"komuna-e-prishtines-nderon-me-cmimin-e-mirenjohjes-ceo-n-e-sigal-z-avni-ponari","status":"publish","type":"post","link":"https:\/\/rdnews.al\/index.php\/2025\/07\/16\/komuna-e-prishtines-nderon-me-cmimin-e-mirenjohjes-ceo-n-e-sigal-z-avni-ponari\/","title":{"rendered":"Komuna e Prishtin\u00ebs nderon me \u00c7mimin e Mir\u00ebnjohjes CEO-n e SIGAL, z. Avni Ponari"},"content":{"rendered":"<div class=\"td-post-header\">\n<header class=\"td-post-title\">\n<h1 class=\"entry-title\"><a class=\"td-modal-image\" style=\"font-size: 16px;\" href=\"https:\/\/telegraf.al\/wp-content\/uploads\/2025\/07\/e412a39f-ce31-4681-a4e8-0628795ad064.jpg\" data-caption=\"\" target=\"_blank\" rel=\"noopener\"><img loading=\"lazy\" decoding=\"async\" class=\"entry-thumb td-animation-stack-type0-2\" title=\"e412a39f-ce31-4681-a4e8-0628795ad064\" src=\"https:\/\/telegraf.al\/wp-content\/uploads\/2025\/07\/e412a39f-ce31-4681-a4e8-0628795ad064-696x696.jpg\" sizes=\"auto, (max-width: 696px) 100vw, 696px\" srcset=\"https:\/\/telegraf.al\/wp-content\/uploads\/2025\/07\/e412a39f-ce31-4681-a4e8-0628795ad064-696x696.jpg 696w, https:\/\/telegraf.al\/wp-content\/uploads\/2025\/07\/e412a39f-ce31-4681-a4e8-0628795ad064-300x300.jpg 300w, https:\/\/telegraf.al\/wp-content\/uploads\/2025\/07\/e412a39f-ce31-4681-a4e8-0628795ad064-1024x1024.jpg 1024w, https:\/\/telegraf.al\/wp-content\/uploads\/2025\/07\/e412a39f-ce31-4681-a4e8-0628795ad064-150x150.jpg 150w, https:\/\/telegraf.al\/wp-content\/uploads\/2025\/07\/e412a39f-ce31-4681-a4e8-0628795ad064-768x768.jpg 768w, https:\/\/telegraf.al\/wp-content\/uploads\/2025\/07\/e412a39f-ce31-4681-a4e8-0628795ad064-1536x1536.jpg 1536w, https:\/\/telegraf.al\/wp-content\/uploads\/2025\/07\/e412a39f-ce31-4681-a4e8-0628795ad064-1068x1068.jpg 1068w, https:\/\/telegraf.al\/wp-content\/uploads\/2025\/07\/e412a39f-ce31-4681-a4e8-0628795ad064-420x420.jpg 420w, https:\/\/telegraf.al\/wp-content\/uploads\/2025\/07\/e412a39f-ce31-4681-a4e8-0628795ad064.jpg 1600w\" alt=\"\" width=\"502\" height=\"502\" \/><\/a><\/h1>\n<\/header>\n<\/div>\n<div class=\"td-post-content\">\n<p>Sot, CEO-s s\u00eb SIGAL Insurance Group, z. Avni Ponari, n\u00eb shenj\u00eb nderimi e mir\u00ebnjohjeje p\u00ebr kontributin n\u00eb jet\u00ebn ekonomike, shoq\u00ebrore dhe kulturore n\u00eb qytetin e Prishtin\u00ebs dhe n\u00eb Kosov\u00eb, iu dha \u00c7mimi i Mir\u00ebnjohjes.<\/p>\n<p>K\u00ebt\u00eb \u00e7mim nderues, zotit Ponari, ia dor\u00ebzoi p\u00ebrmes nj\u00eb pritjeje t\u00eb ngroht\u00eb kryetari i komun\u00ebs s\u00eb Prishtin\u00ebs, z. P\u00ebrparim Rama.<\/p>\n<p>Z. Rama shprehu vler\u00ebsime t\u00eb larta p\u00ebr kontributin e z. Ponari n\u00eb jet\u00ebn ekonomike, qytetare dhe kulturore t\u00eb Kosov\u00ebs dhe p\u00ebrcolli nderimet e tij n\u00eb em\u00ebr t\u00eb kryeqytetit.<\/p>\n<p>N\u00eb tregun e Kosov\u00ebs, SIGAL Insurance Group, e themeluar nga z. Avni Ponari n\u00eb vitin 1999, hyri n\u00eb tetor t\u00eb vitit 2003. Asokohe nisi veprimtarin\u00eb p\u00ebrmes dy kompanive t\u00eb sigurimit: e para n\u00eb fush\u00ebn e Jo jet\u00ebs dhe tjetra n\u00eb sigurimet e jet\u00ebs.<\/p>\n<p>SIGAL, prej at\u00ebher\u00eb, ka rritur pranin\u00eb n\u00eb tregun e sigurimeve n\u00eb Kosov\u00eb dhe \u00ebsht\u00eb pozicionuar nd\u00ebr lider\u00ebt e k\u00ebtij sektori.<\/p>\n<p>Vet\u00ebm pak vite pas hyrjes n\u00eb tregun e sigurimeve t\u00eb Kosov\u00ebs, SIGAL u konsolidua si nj\u00eb nga kompanit\u00eb m\u00eb t\u00eb m\u00ebdha t\u00eb sigurimeve, duke ruajtur n\u00eb m\u00ebnyr\u00eb t\u00eb vazhdueshme n\u00eb nj\u00eb mjedis konkurrues rreth 15% t\u00eb v\u00ebllimit t\u00eb tregut vendor.<\/p>\n<p>Ky sukses ka qen\u00eb rezultat i p\u00ebrkushtimit ndaj cil\u00ebsis\u00eb s\u00eb sh\u00ebrbimit, menaxhimit efikas t\u00eb riskut dhe p\u00ebrgjegjshm\u00ebris\u00eb ndaj klientit.<\/p>\n<p>Rruga drejt k\u00ebtij suksesi u drejtua nga vizioni dhe lidershipi i z. Ponari, i cili ka kap\u00ebrcyer sfida t\u00eb shumta p\u00ebr t\u00eb krijuar nj\u00eb nga grupet m\u00eb t\u00eb avancuara t\u00eb sigurimeve n\u00eb rajon.<\/p>\n<p>Sot, SIGAL Insurance Group num\u00ebron mbi 2000 punonj\u00ebs dhe agjent\u00eb, me nj\u00eb rrjet prej m\u00eb shum\u00eb se 1000 zyrash q\u00eb operojn\u00eb n\u00eb Shqip\u00ebri, Kosov\u00eb dhe Maqedonin\u00eb e Veriut, duke nd\u00ebrtuar nj\u00eb reputacion t\u00eb fort\u00eb dhe duke fituar besimin e mij\u00ebra qytetar\u00ebve.<\/p>\n<p>Nj\u00eb nga vlerat themelore q\u00eb ka shoq\u00ebruar kompanin\u00eb q\u00eb nga fillimet e saj ka qen\u00eb besueshm\u00ebria, e forcuar hap pas hapi p\u00ebrmes pagesave n\u00eb koh\u00eb t\u00eb d\u00ebmeve ndaj klient\u00ebve t\u00eb saj.<\/p>\n<p>P\u00ebrgjat\u00eb viteve, performanca dhe angazhimi i SIGAL jan\u00eb vler\u00ebsuar n\u00eb nivel nd\u00ebrkomb\u00ebtar nga institucione prestigjioze si Business Initiative Directions, South-East Europe News, Finance Central Europe dhe t\u00eb tjera. Vler\u00ebsime k\u00ebto q\u00eb konfirmuan reputacionin dhe integritetin profesional t\u00eb kompanis\u00eb n\u00eb aren\u00ebn nd\u00ebrkomb\u00ebtare t\u00eb sigurimeve.<\/p>\n<p>P\u00ebrve\u00e7 rolit t\u00eb saj ekonomik, SIGAL Kosova ka treguar nj\u00eb p\u00ebrkushtim t\u00eb vazhduesh\u00ebm ndaj p\u00ebrgjegj\u00ebsis\u00eb shoq\u00ebrore, duke mb\u00ebshtetur projekte n\u00eb sport dhe kultur\u00eb, me fokus t\u00eb ve\u00e7ant\u00eb n\u00eb basketbollin dhe kinematografin\u00eb kosovare.<\/p>\n<p>Mb\u00ebshtetja e ekipit t\u00eb basketbollit SIGAL Prishtina, i cili ka fituar nj\u00eb num\u00ebr t\u00eb konsideruesh\u00ebm titujsh komb\u00ebtar\u00eb dhe rajonal\u00eb, \u00ebsht\u00eb d\u00ebshmi e angazhimit t\u00eb kompanis\u00eb p\u00ebr t\u00eb kontribuar n\u00eb zhvillimin e talenteve t\u00eb reja dhe p\u00ebrfaq\u00ebsimin dinjitoz t\u00eb Kosov\u00ebs n\u00eb garat nd\u00ebrkomb\u00ebtare.<\/p>\n<p>Gjithashtu, SIGAL ka qen\u00eb p\u00ebr nj\u00eb periudh\u00eb t\u00eb caktuar edhe sponsor i Federat\u00ebs s\u00eb Futbollit t\u00eb Kosov\u00ebs (FFK), duke dh\u00ebn\u00eb kontribut n\u00eb zhvillimin e futbollit vendor dhe p\u00ebrkrahjen e sportit n\u00eb p\u00ebrgjith\u00ebsi n\u00eb vend.<\/p>\n<p>P\u00ebr t\u00eb gjitha k\u00ebto kontribute, Komuna e Prishtin\u00ebs vendosi ta vler\u00ebsoj\u00eb sot z. Ponari me \u00e7mimin e Mir\u00ebnjohjes duke l\u00ebn\u00eb hapur nj\u00eb her\u00eb e p\u00ebrgjithmon\u00eb mund\u00ebsin\u00eb e forcimit dhe zgjerimit t\u00eb bashk\u00ebpunimit t\u00eb frytsh\u00ebm.<\/p>\n<p><img loading=\"lazy\" decoding=\"async\" class=\"alignnone size-full wp-image-924074 td-animation-stack-type0-2\" src=\"https:\/\/telegraf.al\/wp-content\/uploads\/2025\/07\/091c0ee2-9440-4d2a-9cec-4398a67f94ef.jpg\" sizes=\"auto, (max-width: 1600px) 100vw, 1600px\" srcset=\"https:\/\/telegraf.al\/wp-content\/uploads\/2025\/07\/091c0ee2-9440-4d2a-9cec-4398a67f94ef.jpg 1600w, https:\/\/telegraf.al\/wp-content\/uploads\/2025\/07\/091c0ee2-9440-4d2a-9cec-4398a67f94ef-300x300.jpg 300w, https:\/\/telegraf.al\/wp-content\/uploads\/2025\/07\/091c0ee2-9440-4d2a-9cec-4398a67f94ef-1024x1024.jpg 1024w, https:\/\/telegraf.al\/wp-content\/uploads\/2025\/07\/091c0ee2-9440-4d2a-9cec-4398a67f94ef-150x150.jpg 150w, https:\/\/telegraf.al\/wp-content\/uploads\/2025\/07\/091c0ee2-9440-4d2a-9cec-4398a67f94ef-768x768.jpg 768w, https:\/\/telegraf.al\/wp-content\/uploads\/2025\/07\/091c0ee2-9440-4d2a-9cec-4398a67f94ef-1536x1536.jpg 1536w, https:\/\/telegraf.al\/wp-content\/uploads\/2025\/07\/091c0ee2-9440-4d2a-9cec-4398a67f94ef-696x696.jpg 696w, https:\/\/telegraf.al\/wp-content\/uploads\/2025\/07\/091c0ee2-9440-4d2a-9cec-4398a67f94ef-1068x1068.jpg 1068w, https:\/\/telegraf.al\/wp-content\/uploads\/2025\/07\/091c0ee2-9440-4d2a-9cec-4398a67f94ef-420x420.jpg 420w\" alt=\"\" width=\"1600\" height=\"1600\" \/><\/p>\n<\/div>\n<footer>\n<div class=\"td-post-source-tags\"><\/div>\n<div class=\"td-post-sharing-bottom\">\n<div id=\"td_uid_5_6877be8858d84\" class=\"td-post-sharing td-ps-bg td-ps-notext td-post-sharing-style1 \">\n<div class=\"td-post-sharing-visible\">\n<div class=\"td-social-sharing-button td-social-sharing-button-js td-social-handler td-social-share-text\">\n<div class=\"td-social-but-icon\"><\/div>\n<\/div>\n<\/div>\n<\/div>\n<\/div>\n<\/footer>\n","protected":false},"excerpt":{"rendered":"<p>Sot, CEO-s s\u00eb SIGAL Insurance Group, z. Avni Ponari, n\u00eb shenj\u00eb nderimi e mir\u00ebnjohjeje p\u00ebr kontributin n\u00eb jet\u00ebn ekonomike, shoq\u00ebrore dhe kulturore n\u00eb qytetin e Prishtin\u00ebs dhe n\u00eb Kosov\u00eb, iu dha \u00c7mimi i Mir\u00ebnjohjes. K\u00ebt\u00eb \u00e7mim nderues, zotit Ponari, ia dor\u00ebzoi p\u00ebrmes nj\u00eb pritjeje t\u00eb ngroht\u00eb kryetari i komun\u00ebs s\u00eb Prishtin\u00ebs, z. P\u00ebrparim Rama. Z. &hellip;<\/p>\n","protected":false},"author":4,"featured_media":119153,"comment_status":"closed","ping_status":"closed","sticky":false,"template":"","format":"standard","meta":{"footnotes":""},"categories":[44],"tags":[],"class_list":["post-119152","post","type-post","status-publish","format-standard","has-post-thumbnail","","category-editorial"],"_links":{"self":[{"href":"https:\/\/rdnews.al\/index.php\/wp-json\/wp\/v2\/posts\/119152","targetHints":{"allow":["GET"]}}],"collection":[{"href":"https:\/\/rdnews.al\/index.php\/wp-json\/wp\/v2\/posts"}],"about":[{"href":"https:\/\/rdnews.al\/index.php\/wp-json\/wp\/v2\/types\/post"}],"author":[{"embeddable":true,"href":"https:\/\/rdnews.al\/index.php\/wp-json\/wp\/v2\/users\/4"}],"replies":[{"embeddable":true,"href":"https:\/\/rdnews.al\/index.php\/wp-json\/wp\/v2\/comments?post=119152"}],"version-history":[{"count":1,"href":"https:\/\/rdnews.al\/index.php\/wp-json\/wp\/v2\/posts\/119152\/revisions"}],"predecessor-version":[{"id":119154,"href":"https:\/\/rdnews.al\/index.php\/wp-json\/wp\/v2\/posts\/119152\/revisions\/119154"}],"wp:featuredmedia":[{"embeddable":true,"href":"https:\/\/rdnews.al\/index.php\/wp-json\/wp\/v2\/media\/119153"}],"wp:attachment":[{"href":"https:\/\/rdnews.al\/index.php\/wp-json\/wp\/v2\/media?parent=119152"}],"wp:term":[{"taxonomy":"category","embeddable":true,"href":"https:\/\/rdnews.al\/index.php\/wp-json\/wp\/v2\/categories?post=119152"},{"taxonomy":"post_tag","embeddable":true,"href":"https:\/\/rdnews.al\/index.php\/wp-json\/wp\/v2\/tags?post=119152"}],"curies":[{"name":"wp","href":"https:\/\/api.w.org\/{rel}","templated":true}]}}