{"id":119156,"date":"2025-07-16T17:29:20","date_gmt":"2025-07-16T17:29:20","guid":{"rendered":"https:\/\/rdnews.al\/?p=119156"},"modified":"2025-07-16T17:29:20","modified_gmt":"2025-07-16T17:29:20","slug":"kur-regjimet-sulmojne-kleriket","status":"publish","type":"post","link":"https:\/\/rdnews.al\/index.php\/2025\/07\/16\/kur-regjimet-sulmojne-kleriket\/","title":{"rendered":"Kur regjimet sulmojn\u00eb klerik\u00ebt"},"content":{"rendered":"<p><strong>Nga Lu\u00e7iano BO\u00c7I<\/strong><\/p>\n<p>N\u00eb historin\u00eb e regjimeve, nga ato komuniste te ato moderne me maska demokratike, nj\u00eb tipar mbizot\u00ebrues ka qen\u00eb gjithmon\u00eb lufta ndaj z\u00ebrit t\u00eb nd\u00ebrgjegjes.<\/p>\n<p>Dhe askush nuk p\u00ebrfaq\u00ebson m\u00eb fuqish\u00ebm nd\u00ebrgjegjen morale t\u00eb nj\u00eb shoq\u00ebrie sesa kleri.<\/p>\n<p>Regjimet nuk e durojn\u00eb dot nj\u00eb autoritet q\u00eb nuk e kan\u00eb em\u00ebruar vet\u00eb.<\/p>\n<p>Ata nuk tolerojn\u00eb nj\u00eb z\u00eb q\u00eb nuk kontrollohet, nj\u00eb fjal\u00eb q\u00eb buron nga besimi dhe jo nga partia. Ata kan\u00eb frik\u00eb nga nj\u00eb altar q\u00eb s\u2019ka nevoj\u00eb p\u00ebr licenc\u00eb nga qeveria, por p\u00ebr liri nga Zoti.<\/p>\n<p>Regjimet moderne nuk e luftojn\u00eb klerin p\u00ebr arsye fetare. Ata e sulmojn\u00eb sepse kleri p\u00ebrfaq\u00ebson nj\u00eb fuqi t\u00eb pakontrollueshme q\u00eb mbart autoritet dhe ndikim.<\/p>\n<p>N\u00eb rastin Rama vs Dom Vlash Palaj, nuk jemi para nj\u00eb debat fetar apo nj\u00eb keqkuptim personal.<\/p>\n<p>Jo, sulmi ndaj Dom Vlash Palajt nuk \u00ebsht\u00eb rast\u00ebsor.<\/p>\n<p>\u00cbsht\u00eb vazhdimi i nj\u00eb tradite t\u00eb vjet\u00ebr: regjimi e patronazhist\u00ebt-sigurimsa t\u00eb tij duan ta ken\u00eb edhe Zotin dhe p\u00ebrfaqesuesin e tij n\u00eb tok\u00eb, n\u00eb list\u00ebn e partis\u00eb.<\/p>\n<p>Jemi ne at\u00eb p\u00ebrplasjen klasike mes pushtetit t\u00eb kalbur dhe z\u00ebrit t\u00eb ndersh\u00ebm, mes nj\u00eb kryeministri q\u00eb do t\u00eb kontrolloj\u00eb gjith\u00e7ka nga vota deri te Zoti dhe nj\u00eb meshtari i cili guxon t\u00eb flas\u00eb p\u00ebr realitetin q\u00eb t\u00eb tjer\u00ebt e fshehin.<\/p>\n<p>Rama e sulmoi klerikun simbol t\u00eb p\u00ebrkushtimit n\u00eb sh\u00ebrbim t\u00eb komunitetit, sepse Dom Vlash Palaj nuk heshti, nuk u n\u00ebnshtrua, nuk tradh\u00ebtoi sh\u00ebrbes\u00ebn e misionin e tij.<\/p>\n<p>Sepse foli hapur p\u00ebr dhun\u00ebn ndaj banor\u00ebve t\u00eb Thethit, p\u00ebr shembjet pa ligj, p\u00ebr mashtrimin e Ram\u00ebs, p\u00ebr arroganc\u00ebn e pushtetit ndaj mal\u00ebsor\u00ebve. Ai b\u00ebri at\u00eb q\u00eb pushteti e urren m\u00eb shum\u00eb: ia p\u00ebrplasi t\u00eb v\u00ebrtet\u00ebn n\u00eb sy.<\/p>\n<p>Dom Vlash Palaj nuk \u00ebsht\u00eb as kund\u00ebrshtar politik, as aktivist.<\/p>\n<p>\u00cbsht\u00eb nj\u00eb njeri i Zotit q\u00eb refuzon t\u00eb hesht\u00eb p\u00ebrball\u00eb padrejt\u00ebsis\u00eb.<\/p>\n<p>Dhe pik\u00ebrisht p\u00ebr k\u00ebt\u00eb, b\u00ebhet armik i regjimit.<\/p>\n<p>Fjala e tij e lir\u00eb \u00ebsht\u00eb armiku.<\/p>\n<p>Dhe kur kjo fjal\u00eb nj\u00ebsohet me petkun e autoritetit fetar, b\u00ebhet m\u00eb e fuqishme se \u00e7do propagand\u00eb.<\/p>\n<p>P\u00ebr k\u00ebt\u00eb arsye regjimet, nga Hoxha te Rama, kan\u00eb tentuar e tentojn\u00eb gjithmon\u00eb t\u00eb delegjitimojn\u00eb, posht\u00ebrojn\u00eb dhe frik\u00ebsojn\u00eb klerin.<\/p>\n<p>Dhe ky rast, ironikisht ndoshta i vog\u00ebl p\u00ebr median zyrtare t\u00eb Ram\u00ebs, \u00ebsht\u00eb nj\u00eb sinjal i madh p\u00ebr shoq\u00ebrin\u00eb shqiptare.<\/p>\n<p>Ai na kujton se n\u00eb munges\u00eb t\u00eb liris\u00eb s\u00eb fjal\u00ebs e lirive politike, t\u00eb drejt\u00ebsis\u00eb s\u00eb pavarur dhe t\u00eb mediave t\u00eb ndershme, kleri mbetet nj\u00eb nga z\u00ebrat e fundit t\u00eb liris\u00eb.<\/p>\n<p>Kur pushteti nis t\u00eb sulmoj\u00eb edhe klerin, ai hapur k\u00ebrkon t\u00eb deklamoj\u00eb se ka nd\u00ebrtuar nj\u00eb republik\u00eb t\u00eb frik\u00ebs dhe t\u00eb arroganc\u00ebs.<\/p>\n<p>Dom Vlash Palaj nuk \u00ebsht\u00eb thjesht vet\u00ebm nj\u00eb prift.<\/p>\n<p>Ai \u00ebsht\u00eb z\u00ebri i nj\u00eb komuniteti q\u00eb nuk pranon t\u00eb n\u00ebnshtrohet. Ai \u00ebsht\u00eb kujtesa e nj\u00eb Shqip\u00ebrie q\u00eb nuk shet shpirtin p\u00ebr interesa e aq m\u00eb pak nga terrori, as hesht p\u00ebr vendime t\u00eb paligjshme.<\/p>\n<p>Kleri i v\u00ebrtet\u00eb nuk \u00ebsht\u00eb me pushtetin, por me t\u00eb v\u00ebrtet\u00ebn.<\/p>\n<p>Ndaj sulmi ndaj tij \u00ebsht\u00eb tregues i qart\u00eb: kemi t\u00eb b\u00ebjm\u00eb me nj\u00eb regjim q\u00eb po humbet kontrollin dhe q\u00eb ka frik\u00eb nga gjith\u00e7ka q\u00eb nuk e komandon dot.<\/p>\n<p>Sepse kur kleriku b\u00ebhet armiku i pushtetit, \u00ebsht\u00eb pushteti ai q\u00eb mbart m\u00ebkatin dhe p\u00ebrfaq\u011bson t\u00eb keqen e djallin.<\/p>\n","protected":false},"excerpt":{"rendered":"<p>Nga Lu\u00e7iano BO\u00c7I N\u00eb historin\u00eb e regjimeve, nga ato komuniste te ato moderne me maska demokratike, nj\u00eb tipar mbizot\u00ebrues ka qen\u00eb gjithmon\u00eb lufta ndaj z\u00ebrit t\u00eb nd\u00ebrgjegjes. Dhe askush nuk p\u00ebrfaq\u00ebson m\u00eb fuqish\u00ebm nd\u00ebrgjegjen morale t\u00eb nj\u00eb shoq\u00ebrie sesa kleri. Regjimet nuk e durojn\u00eb dot nj\u00eb autoritet q\u00eb nuk e kan\u00eb em\u00ebruar vet\u00eb. Ata nuk &hellip;<\/p>\n","protected":false},"author":4,"featured_media":119157,"comment_status":"closed","ping_status":"closed","sticky":false,"template":"","format":"standard","meta":{"footnotes":""},"categories":[44],"tags":[],"class_list":["post-119156","post","type-post","status-publish","format-standard","has-post-thumbnail","","category-editorial"],"_links":{"self":[{"href":"https:\/\/rdnews.al\/index.php\/wp-json\/wp\/v2\/posts\/119156","targetHints":{"allow":["GET"]}}],"collection":[{"href":"https:\/\/rdnews.al\/index.php\/wp-json\/wp\/v2\/posts"}],"about":[{"href":"https:\/\/rdnews.al\/index.php\/wp-json\/wp\/v2\/types\/post"}],"author":[{"embeddable":true,"href":"https:\/\/rdnews.al\/index.php\/wp-json\/wp\/v2\/users\/4"}],"replies":[{"embeddable":true,"href":"https:\/\/rdnews.al\/index.php\/wp-json\/wp\/v2\/comments?post=119156"}],"version-history":[{"count":1,"href":"https:\/\/rdnews.al\/index.php\/wp-json\/wp\/v2\/posts\/119156\/revisions"}],"predecessor-version":[{"id":119158,"href":"https:\/\/rdnews.al\/index.php\/wp-json\/wp\/v2\/posts\/119156\/revisions\/119158"}],"wp:featuredmedia":[{"embeddable":true,"href":"https:\/\/rdnews.al\/index.php\/wp-json\/wp\/v2\/media\/119157"}],"wp:attachment":[{"href":"https:\/\/rdnews.al\/index.php\/wp-json\/wp\/v2\/media?parent=119156"}],"wp:term":[{"taxonomy":"category","embeddable":true,"href":"https:\/\/rdnews.al\/index.php\/wp-json\/wp\/v2\/categories?post=119156"},{"taxonomy":"post_tag","embeddable":true,"href":"https:\/\/rdnews.al\/index.php\/wp-json\/wp\/v2\/tags?post=119156"}],"curies":[{"name":"wp","href":"https:\/\/api.w.org\/{rel}","templated":true}]}}