{"id":119187,"date":"2025-07-16T19:45:43","date_gmt":"2025-07-16T19:45:43","guid":{"rendered":"https:\/\/rdnews.al\/?p=119187"},"modified":"2025-07-16T19:55:41","modified_gmt":"2025-07-16T19:55:41","slug":"populloret-europe-nuk-pranojne-farsen-e-11-majit-zgjedhjet-jo-te-drejta-partia-ne-pushtet-te-pergjigjet","status":"publish","type":"post","link":"https:\/\/rdnews.al\/index.php\/2025\/07\/16\/populloret-europe-nuk-pranojne-farsen-e-11-majit-zgjedhjet-jo-te-drejta-partia-ne-pushtet-te-pergjigjet\/","title":{"rendered":"Popullor\u00ebt Europ\u00eb nuk pranojn\u00eb fars\u00ebn e 11 majit: Zgjedhjet, jo t\u00eb drejta, Partia n\u00eb pushtet t\u00eb p\u00ebrgjigjet"},"content":{"rendered":"<p>Sekretari p\u00ebr Marr\u00ebdh\u00ebnie me Jasht\u00eb t\u00eb Partive Popullore Europiane (PPE), z. Patrick Voller, deklaroi se zgjedhjet n\u00eb Shqip\u00ebri nuk kan\u00eb qen\u00eb t\u00eb drejta dhe theksoi se integrimi i vendeve t\u00eb Ballkanit Per\u00ebndimor n\u00eb Bashkimin Evropian duhet t\u00eb bazohet n\u00eb standarde t\u00eb qarta dhe t\u00eb forta.<\/p>\n<p><strong>FJALA E PLOTE<\/strong><\/p>\n<p>E dim\u00eb se ka pasur \u00e7\u00ebshtje t\u00eb brendshme, t\u00eb cilat na k\u00ebrkojn\u00eb nj\u00eb bashk\u00ebpunim m\u00eb t\u00eb thell\u00eb ndaj PD-s\u00eb dhe PPE-s\u00eb. Por, jemi tashm\u00eb t\u00eb lidhur p\u00ebrs\u00ebri, dhe \u00ebsht\u00eb k\u00ebnaq\u00ebsi q\u00eb kthehem n\u00eb Shqip\u00ebri.<br \/>\nGjithashtu, d\u00ebshiroj t\u00eb p\u00ebrcjell edhe urimet m\u00eb t\u00eb mira dhe p\u00ebrsh\u00ebndetjet e Kryetarit ton\u00eb t\u00eb PPE dhe t\u00eb Sekretarit t\u00eb P\u00ebrgjithsh\u00ebm. Kam v\u00ebrejtur se Kryetari Berisha koh\u00ebt e fundit ka qen\u00eb shum\u00eb aktiv, ka qen\u00eb n\u00eb konferenc\u00ebn e fundit t\u00eb PPE n\u00eb Podgoric\u00eb n\u00eb mars, dhe gjithashtu ka qen\u00eb edhe n\u00eb Kongresin e PPE n\u00eb prill n\u00eb Valencia, para zgjedhjeve t\u00eb majit, ka marr\u00eb pjes\u00eb gjithashtu edhe n\u00eb Asamblen\u00eb Politike n\u00eb fillim t\u00eb qershorit n\u00eb Bruksel, dhe tani n\u00eb korrik, ne si PPE, si familje europiane, kemi ardhur k\u00ebtu me ftes\u00ebn tuaj.<br \/>\nTitulli i paraqitur n\u00eb ekran, i konferenc\u00ebs s\u00eb sotme \u00ebsht\u00eb: Paradigma e Ballkanit Per\u00ebndimor. Integrimi p\u00ebrmes standardeve, apo aderim p\u00ebr stabilitet?<br \/>\nDhe un\u00eb dua t\u00eb jap nj\u00eb p\u00ebrgjigje t\u00eb drejtp\u00ebrdrejt\u00eb me nj\u00eb p\u00ebrgjigje t\u00eb qart\u00eb se q\u00eb t\u00eb dyja k\u00ebto jan\u00eb t\u00eb r\u00ebnd\u00ebsishme dhe diskutimet p\u00ebr k\u00ebto jan\u00eb interesante. Si PPE, ne nuk lodhemi s\u00eb n\u00ebnvizuari se qasja e bazuar n\u00eb merit\u00eb duhet t\u00eb jet\u00eb kriteri kryesor, i cili duhet t\u2019i kaloj\u00eb jo parimeve t\u00eb kusht\u00ebzimit dhe reformave m\u00eb t\u00eb shpejta. Nga ana tjet\u00ebr, sikurse edhe u p\u00ebrmend nga Tomi dhe t\u00eb tjer\u00ebt, lufta dhe presioni i Rusis\u00eb ndaj Ukrain\u00ebs na ka treguar qart\u00eb nevoj\u00ebn urgjente gjeopolitike p\u00ebr siguri dhe stabilitet, dhe ne duhet t\u00eb integrojm\u00eb Shqip\u00ebrin\u00eb dhe t\u00eb gjith\u00eb rajonin q\u00eb gjeografikisht rrethohet nga Ballkani Per\u00ebndimor. Disa e quajn\u00eb oborri i p\u00ebrparm\u00eb, disa i pas\u00ebm i Europ\u00ebs, por gjithsesi \u00ebsht\u00eb pjes\u00eb e BE-s\u00eb.<br \/>\nT\u00eb gjith\u00eb e kuptojm\u00eb se, m\u00eb t\u00eb bashkuar dhe m\u00eb t\u00eb fort\u00eb, ne do t\u00eb mund t\u2019ia dalim mban\u00eb, dhe Ballkani Per\u00ebndimor n\u00eb kuptimin gjeopolitik, ekonomik, kulturor, \u00ebsht\u00eb pjes\u00eb e BE-s\u00eb.<br \/>\n\u00c7far\u00eb do t\u00eb thot\u00eb p\u00ebr t\u00eb djatht\u00ebn ky integrim?<br \/>\nMali i Zi, po e nis n\u00eb rend alfabetik, \u00ebsht\u00eb ai q\u00eb \u00ebsht\u00eb n\u00eb pararoj\u00eb, q\u00eb duhet t\u00eb vazhdoj\u00eb t\u00eb ec\u00eb p\u00ebrpara dhe ka edhe nj\u00eb slogan t\u00ebrheq\u00ebs, duke menduar q\u00eb n\u00eb vitin 2028 ky shtet do t\u00eb b\u00ebhet shteti i 28-t\u00eb i BE-s\u00eb.<br \/>\n\u00cbsht\u00eb dhe nj\u00eb ide q\u00eb na jep neve si politikan\u00eb, por edhe popullit. Ne si PPE jemi shum\u00eb entuziast\u00eb me ecurin\u00eb e Malit t\u00eb Zi, t\u00eb Kryeministrit t\u00eb tyre, dhe kur u zhvillua takimi n\u00eb Podgoric\u00eb, ndodhej edhe Kryetari Berisha.<br \/>\nShqip\u00ebria synon q\u00eb t\u00eb b\u00ebhet pjes\u00eb n\u00eb 2030. K\u00ebt\u00eb shohim, k\u00ebt\u00eb lexojm\u00eb, k\u00ebt\u00eb thon\u00eb edhe politikan\u00ebt.<br \/>\nSikurse kemi v\u00ebn\u00eb re n\u00eb zgjedhjet e fundit t\u00eb majit, akoma mbetet shum\u00eb p\u00ebr t\u2019u b\u00ebr\u00eb. Si PPE ne nuk lodhemi s\u00eb kujtuari publikun me vendimet tona, sikurse ai i Malt\u00ebs, me vendimin e Valencias, ku edhe me vendimin n\u00eb Bruksel n\u00eb qershor mor\u00ebm informacion t\u00eb dor\u00ebs s\u00eb par\u00eb nga Kryetari Berisha.<br \/>\nSigurisht q\u00eb k\u00ebto zgjedhje nuk ishin t\u00eb drejta, ishin t\u00eb kusht\u00ebzuara prej ndikimeve politike, prej ndikimeve dhe presioneve ekonomike. Dhe kjo \u00ebsht\u00eb e konfirmuar nga raporti i OSBE\/ODIHR.<br \/>\nSikurse e tha edhe Tomi, ne mund ta lexojm\u00eb te raporti i Organizat\u00ebs p\u00ebr Sigurin\u00eb dhe Demokracin\u00eb.<br \/>\nOpozita duhet t\u00eb jet\u00eb e fort\u00eb p\u00ebr ta mbajtur p\u00ebrgjegj\u00ebse partin\u00eb n\u00eb pushtet. Duhet patjet\u00ebr q\u00eb media t\u00eb b\u00ebj\u00eb kontrollin e informacionit, kontrollin e pushtetit, t\u00eb merren masat e nevojshme p\u00ebr t\u00eb luftuar krimin e organizuar, korrupsionin dhe p\u00ebr t\u00eb vendosur shtetin e s\u00eb drejt\u00ebs.<br \/>\nNe si PPE do t\u00eb vazhdojm\u00eb t\u00eb mb\u00ebshtesim PD n\u00eb k\u00ebto \u00e7\u00ebshtje, dhe do t\u00eb nxisim sloganin 29 p\u00ebr t\u00eb 29-tin. Ka shum\u00eb p\u00ebr t\u00eb b\u00ebr\u00eb, por kjo mund t\u00eb realizohet m\u00eb leht\u00eb me nj\u00eb PD t\u00eb fort\u00eb dhe t\u00eb bashkuar.<br \/>\nShkurtimisht, p\u00ebr Serbin\u00eb. Serbia tani ka probleme t\u00eb brendshme madhore, t\u00eb shkaktuara prej problematikave t\u00eb brendshme t\u00eb saj dhe prej form\u00ebs s\u00eb qeverisjes. Ka nevoj\u00eb p\u00ebr mb\u00ebshtetje q\u00eb t\u00eb mos devijoj\u00eb nga rruga e vet drejt an\u00ebtar\u00ebsimit n\u00eb BE. PPE ka qen\u00eb n\u00eb kontakt t\u00eb ngusht\u00eb, drejtp\u00ebrdrejt me partner\u00ebt tan\u00eb.<br \/>\nN\u00eb Kosov\u00eb, situata e brendshme politike po i mban n\u00eb peng proceset e brendshme dhe demokracin\u00eb. Ka kaluar m\u00eb tep\u00ebr se 40 her\u00eb q\u00eb qeveria nuk po konstituohet dhe Parlamenti nuk po konstituohet. Parlamenti tani nuk ka gjetur nj\u00eb m\u00ebnyr\u00eb p\u00ebr t\u00eb formuar qeverin\u00eb, dhe duhet pritur p\u00ebr zgjedhjet presidenciale.<br \/>\nBosnja dhe Hercegovina \u2013 ne kemi kontakte t\u00eb ngushta dhe po punojm\u00eb p\u00ebr rilindjen e vendimit t\u00eb vitit 2014 dhe duam t\u00eb p\u00ebrkujtojm\u00eb gjithashtu edhe nj\u00eb an\u00ebtar\u00ebsim t\u00eb b\u00ebr\u00eb 30 vite m\u00eb par\u00eb t\u00eb partive p\u00ebrkat\u00ebse n\u00eb PPE.<br \/>\nP\u00ebrsa i p\u00ebrket Maqedonis\u00eb s\u00eb Veriut, qeveria ka nj\u00eb mandat t\u00eb qart\u00eb me zgjedhjet e fundit dhe \u00ebsht\u00eb e vendosur p\u00ebr ta \u00e7uar vendin drejt BE-s\u00eb dhe shpresojm\u00eb q\u00eb me ndihm\u00ebn e familjes s\u00eb PPE dhe mb\u00ebshtetjen e tyre procesi t\u00eb shtyhet p\u00ebrpara.<br \/>\nT\u2019i kthehemi p\u00ebrs\u00ebri Shqip\u00ebris\u00eb dhe tem\u00ebs s\u00eb konferenc\u00ebs son\u00eb. \u00c7far\u00eb duhet, \u00e7far\u00eb mund t\u00eb b\u00ebhet dhe \u00e7far\u00eb ekziston aktualisht? T\u00eb prezantojm\u00eb disa elemente t\u00eb cilat na sh\u00ebrbejn\u00eb n\u00eb diskutim.<br \/>\nA duhet t\u00eb kalojm\u00eb nga nj\u00eb vot\u00eb shumice n\u00eb nj\u00eb vot\u00eb t\u00eb cil\u00ebsuar p\u00ebr procesin e negocimit?<br \/>\nN\u00eb fillim, mbase mund t\u00eb jet\u00eb nj\u00eb vot\u00eb anonime dhe kjo ka qen\u00eb nj\u00eb prej ideve t\u00eb hedhura n\u00eb tavolin\u00eb. A duhet t\u00eb kalojm\u00eb gradualisht drejt nj\u00eb tregu t\u00eb p\u00ebrbashk\u00ebt europian?<br \/>\nDo t\u00eb thosha gradualisht, jo q\u00eb t\u00eb z\u00ebvend\u00ebsoj\u00eb t\u00ebr\u00ebsisht an\u00ebtar\u00ebsimin n\u00eb BE, por p\u00ebr t\u2019i treguar vendit se cilat do t\u00eb ishin p\u00ebrfitimet prej an\u00ebtar\u00ebsimit.<br \/>\nA duhet t\u00eb mbajm\u00eb parimin e kushteve? Un\u00eb do t\u00eb thosha po. Gjithashtu, edhe plani i rritjes duhet t\u00eb mb\u00ebshtetet n\u00eb k\u00ebto parime dhe duhet t\u2019u tregojm\u00eb taksapaguesve tan\u00eb se ku shkojn\u00eb parat\u00eb. K\u00ebshtu q\u00eb, parimi i kushtit duhet t\u00eb jet\u00eb ekzistues.<br \/>\nA duhet t\u00eb kemi nj\u00eb treg t\u00eb p\u00ebrbashk\u00ebt rajonal? Do t\u00eb thosha po. Brenda an\u00ebtar\u00ebve t\u00eb BE ne presim t\u00eb zgjerojm\u00eb m\u00eb tep\u00ebr bashk\u00ebpunimin, nga ana tjet\u00ebr e Atlantikut thuhet se do t\u00eb vendosen tarifa ndaj produkteve t\u00eb BE-s\u00eb, por ne duhet t\u00eb punojm\u00eb m\u00eb tep\u00ebr p\u00ebr t\u2019u b\u00ebr\u00eb m\u00eb t\u00eb fort\u00eb.<br \/>\nBE 27 tregon se Austria, Gjermania do t\u00eb p\u00ebrfitonin shum\u00eb prej pun\u00ebtor\u00ebve t\u00eb kualifikuar dhe t\u00eb rinj. Por kjo \u00ebsht\u00eb sfid\u00eb, dhe nuk \u00ebsht\u00eb vet\u00ebm di\u00e7ka pozitive. T\u00eb rinjt\u00eb duhet t\u00eb jen\u00eb t\u00eb pranish\u00ebm p\u00ebr t\u00eb nd\u00ebrtuar ekonomin\u00eb.<br \/>\nNga ana tjet\u00ebr \u00ebsht\u00eb \u00e7\u00ebshtja e gatishm\u00ebris\u00eb s\u00eb BE-s\u00eb p\u00ebr t\u00eb integruar an\u00ebtar\u00ebt dhe ne do t\u00eb marrim s\u00eb shpejti informacionin p\u00ebr MFF. \u00cbsht\u00eb nj\u00eb buxhet prej disa trilion\u00eb dollar\u00ebsh, t\u00eb cilat duhen t\u00eb diskutohen dhe t\u00eb biem dakord mes nesh. Duhet t\u00eb shohim n\u00ebse do t\u00eb ket\u00eb para t\u00eb mjaftueshme p\u00ebr procesin e zgjerimit. Dhe sot, gjithashtu do t\u00eb shohim vendimin q\u00eb do t\u00eb marr\u00eb Brukseli, por na duhet q\u00eb k\u00ebto procese reformimi t\u00eb BE-s\u00eb dhe proceset e reformimit t\u00eb vendeve kandidate t\u00eb shkojn\u00eb paralelisht.<br \/>\nParadigma e Ballkanit Per\u00ebndimor, Integrim n\u00ebp\u00ebrmjet standardeve, apo aderim p\u00ebr stabilitet, pra kjo \u00ebsht\u00eb tema e konferenc\u00ebs.<br \/>\nNe kemi nevoj\u00eb p\u00ebr standarde t\u00eb qarta, sepse, si\u00e7 e tha dhe Akili, standardet jan\u00eb thelb\u00ebsore n\u00eb k\u00ebt\u00eb vend. Kur p\u00ebrdorim, p\u00ebr shembull, strategjin\u00eb e dezinformimit, duhet par\u00eb se sa ndikon kjo te kontrolli i medias.<br \/>\nP\u00ebr sa i p\u00ebrket stabilitetit, cilat jan\u00eb pikat e forta, si mund ta shfryt\u00ebzojm\u00eb n\u00eb pikat e dob\u00ebta? Shqip\u00ebria \u00ebsht\u00eb vend an\u00ebtar i NATO-s dhe n\u00eb fakt ishte PD q\u00eb e futi Shqip\u00ebrin\u00eb n\u00eb rrug\u00ebn euroatlantike.<br \/>\nNe kemi nevoj\u00eb p\u00ebr nj\u00eb PD t\u00eb fort\u00eb q\u00eb ta b\u00ebj\u00eb k\u00ebt\u00eb rrug\u00eb edhe m\u00eb t\u00eb leht\u00eb dhe t\u00eb sjell\u00eb ndryshimin p\u00ebr nj\u00eb Shqip\u00ebri m\u00eb t\u00eb begat\u00eb n\u00eb nj\u00eb BE cil\u00ebsor.<\/p>\n","protected":false},"excerpt":{"rendered":"<p>Sekretari p\u00ebr Marr\u00ebdh\u00ebnie me Jasht\u00eb t\u00eb Partive Popullore Europiane (PPE), z. Patrick Voller, deklaroi se zgjedhjet n\u00eb Shqip\u00ebri nuk kan\u00eb qen\u00eb t\u00eb drejta dhe theksoi se integrimi i vendeve t\u00eb Ballkanit Per\u00ebndimor n\u00eb Bashkimin Evropian duhet t\u00eb bazohet n\u00eb standarde t\u00eb qarta dhe t\u00eb forta. FJALA E PLOTE E dim\u00eb se ka pasur \u00e7\u00ebshtje t\u00eb &hellip;<\/p>\n","protected":false},"author":3,"featured_media":119125,"comment_status":"closed","ping_status":"closed","sticky":false,"template":"","format":"standard","meta":{"footnotes":""},"categories":[37],"tags":[],"class_list":["post-119187","post","type-post","status-publish","format-standard","has-post-thumbnail","","category-politike"],"_links":{"self":[{"href":"https:\/\/rdnews.al\/index.php\/wp-json\/wp\/v2\/posts\/119187","targetHints":{"allow":["GET"]}}],"collection":[{"href":"https:\/\/rdnews.al\/index.php\/wp-json\/wp\/v2\/posts"}],"about":[{"href":"https:\/\/rdnews.al\/index.php\/wp-json\/wp\/v2\/types\/post"}],"author":[{"embeddable":true,"href":"https:\/\/rdnews.al\/index.php\/wp-json\/wp\/v2\/users\/3"}],"replies":[{"embeddable":true,"href":"https:\/\/rdnews.al\/index.php\/wp-json\/wp\/v2\/comments?post=119187"}],"version-history":[{"count":1,"href":"https:\/\/rdnews.al\/index.php\/wp-json\/wp\/v2\/posts\/119187\/revisions"}],"predecessor-version":[{"id":119188,"href":"https:\/\/rdnews.al\/index.php\/wp-json\/wp\/v2\/posts\/119187\/revisions\/119188"}],"wp:featuredmedia":[{"embeddable":true,"href":"https:\/\/rdnews.al\/index.php\/wp-json\/wp\/v2\/media\/119125"}],"wp:attachment":[{"href":"https:\/\/rdnews.al\/index.php\/wp-json\/wp\/v2\/media?parent=119187"}],"wp:term":[{"taxonomy":"category","embeddable":true,"href":"https:\/\/rdnews.al\/index.php\/wp-json\/wp\/v2\/categories?post=119187"},{"taxonomy":"post_tag","embeddable":true,"href":"https:\/\/rdnews.al\/index.php\/wp-json\/wp\/v2\/tags?post=119187"}],"curies":[{"name":"wp","href":"https:\/\/api.w.org\/{rel}","templated":true}]}}