{"id":119270,"date":"2025-07-17T20:08:11","date_gmt":"2025-07-17T20:08:11","guid":{"rendered":"https:\/\/rdnews.al\/?p=119270"},"modified":"2025-07-17T20:08:11","modified_gmt":"2025-07-17T20:08:11","slug":"ish-ministri-i-jashtem-rama-ka-dy-rruge-te-ike-me-hir-ose-pahir","status":"publish","type":"post","link":"https:\/\/rdnews.al\/index.php\/2025\/07\/17\/ish-ministri-i-jashtem-rama-ka-dy-rruge-te-ike-me-hir-ose-pahir\/","title":{"rendered":"Ish-ministri i Jasht\u00ebm: Rama ka dy rrug\u00eb, t\u00eb ik\u00eb me hir ose pahir"},"content":{"rendered":"<div class=\"xdj266r x14z9mp xat24cr x1lziwak x1vvkbs x126k92a\">\n<div dir=\"auto\"><strong>Arian STAROVA<\/strong><\/div>\n<div dir=\"auto\"><\/div>\n<div dir=\"auto\">T\u00eb nderuar miq kudo q\u00eb jeni dhe p\u00ebrtej dallimeve apo prirjeve politike t\u00eb majta apo t\u00eb djathta !<\/div>\n<\/div>\n<div class=\"x14z9mp xat24cr x1lziwak x1vvkbs xtlvy1s x126k92a\">\n<div dir=\"auto\">Pas d\u00ebrgimit t\u00eb raportit t\u00eb Heritage Foundation ne Kongresin Amerikan, p\u00ebr \u201ckryerilindasin\u201dton\u00eb kan\u00eb nisur t\u00eb p\u00ebrjetohen m\u00eb fort \u201cnet\u00ebt e pagjum\u00eb t\u00eb Makbethit\u201d (p\u00ebr shkak t\u00eb vrasjes s\u00eb mbretit q\u00eb kishte kryer t\u00eb p\u00ebrshkruar aq fuqish\u00ebm n\u00eb tragjedin\u00eb e mir\u00ebnjohur t\u00eb Shekspirit).<\/div>\n<div dir=\"auto\">N\u00eb fakt, ky raport \u00ebsht\u00eb vet\u00ebm nj\u00eb pik\u00eb \u201cn\u00eb got\u00ebn\u201d e tejmbushur t\u00eb zullumeve q\u00eb Rama u ka b\u00ebr\u00eb dhe po u b\u00ebn shqiptar\u00ebve.<\/div>\n<\/div>\n<div class=\"x14z9mp xat24cr x1lziwak x1vvkbs xtlvy1s x126k92a\">\n<div dir=\"auto\">Tani, besoj nuk duhet t\u00eb ket\u00eb njer\u00ebz ar\u00ebsyetues t\u00eb cil\u00ebt t\u00eb mos e ken\u00eb kuptuar se gjithshka q\u00eb \u00ebsht\u00eb th\u00ebn\u00eb dhe b\u00ebr\u00eb kund\u00ebr opozit\u00ebs shqiptare p\u00ebr nj\u00eb koh\u00eb shum\u00eb t\u00eb gjat\u00eb ka qen\u00eb pjes\u00eb e nje komploti madhor politik t\u00eb mb\u00ebshtetur nga nj\u00eb mafie politike e ekstremit t\u00eb majt\u00eb.<\/div>\n<\/div>\n<div class=\"x14z9mp xat24cr x1lziwak x1vvkbs xtlvy1s x126k92a\">\n<div dir=\"auto\">Ky Raport flet qart\u00eb p\u00ebr mb\u00ebshtetje t\u00eb fuqishme financiare t\u00eb s\u00eb majt\u00ebs amerikane Sorosiane kund\u00ebr t\u00eb djatht\u00ebs shqiptare dhe udheheq\u00ebsit historik t\u00eb saj, Sali Berisha.<\/div>\n<\/div>\n<div class=\"x14z9mp xat24cr x1lziwak x1vvkbs xtlvy1s x126k92a\">\n<div dir=\"auto\">Nd\u00ebrkoh\u00eb, \u201ckryerilindasi\u201d Rama vazhdon zullumet e tij kund\u00ebr shqiptar\u00ebve n\u00eb em\u00ebr gjoja t\u00eb ligjit t\u00eb cilin e b\u00ebn e zhb\u00ebn dhe e shp\u00ebrfill sa her\u00eb t\u2019i doj\u00eb qejfi.<\/div>\n<div dir=\"auto\">Por tani k\u00ebto q\u00eb po b\u00ebn i b\u00ebn nga halli, se laku po i mblidhet \u2026<\/div>\n<\/div>\n<div class=\"x14z9mp xat24cr x1lziwak x1vvkbs xtlvy1s x126k92a\">\n<div dir=\"auto\">Askush nuk e do m\u00eb, as t\u00eb vet\u00ebt.<\/div>\n<div dir=\"auto\">I ka mbetur vet\u00ebm t\u00eb zgjedh\u00eb, t\u00eb ik\u00eb me hir apo me pahir.<\/div>\n<div dir=\"auto\">Dhe nuk ka koh\u00eb. Prandaj e ka pushtuar edhe\u201cpagjum\u00ebsia e Makbethit\u201d \u2026<\/div>\n<\/div>\n<div class=\"x14z9mp xat24cr x1lziwak x1vvkbs xtlvy1s x126k92a\">\n<div dir=\"auto\">O \u201ckryerilindas\u201d, nuk e kthen dot m\u00eb koh\u00ebn e diktatur\u00ebs s\u00eb kaluar !<\/div>\n<\/div>\n","protected":false},"excerpt":{"rendered":"<p>Arian STAROVA T\u00eb nderuar miq kudo q\u00eb jeni dhe p\u00ebrtej dallimeve apo prirjeve politike t\u00eb majta apo t\u00eb djathta ! Pas d\u00ebrgimit t\u00eb raportit t\u00eb Heritage Foundation ne Kongresin Amerikan, p\u00ebr \u201ckryerilindasin\u201dton\u00eb kan\u00eb nisur t\u00eb p\u00ebrjetohen m\u00eb fort \u201cnet\u00ebt e pagjum\u00eb t\u00eb Makbethit\u201d (p\u00ebr shkak t\u00eb vrasjes s\u00eb mbretit q\u00eb kishte kryer t\u00eb p\u00ebrshkruar aq &hellip;<\/p>\n","protected":false},"author":3,"featured_media":119271,"comment_status":"closed","ping_status":"closed","sticky":false,"template":"","format":"standard","meta":{"footnotes":""},"categories":[37],"tags":[],"class_list":["post-119270","post","type-post","status-publish","format-standard","has-post-thumbnail","","category-politike"],"_links":{"self":[{"href":"https:\/\/rdnews.al\/index.php\/wp-json\/wp\/v2\/posts\/119270","targetHints":{"allow":["GET"]}}],"collection":[{"href":"https:\/\/rdnews.al\/index.php\/wp-json\/wp\/v2\/posts"}],"about":[{"href":"https:\/\/rdnews.al\/index.php\/wp-json\/wp\/v2\/types\/post"}],"author":[{"embeddable":true,"href":"https:\/\/rdnews.al\/index.php\/wp-json\/wp\/v2\/users\/3"}],"replies":[{"embeddable":true,"href":"https:\/\/rdnews.al\/index.php\/wp-json\/wp\/v2\/comments?post=119270"}],"version-history":[{"count":1,"href":"https:\/\/rdnews.al\/index.php\/wp-json\/wp\/v2\/posts\/119270\/revisions"}],"predecessor-version":[{"id":119272,"href":"https:\/\/rdnews.al\/index.php\/wp-json\/wp\/v2\/posts\/119270\/revisions\/119272"}],"wp:featuredmedia":[{"embeddable":true,"href":"https:\/\/rdnews.al\/index.php\/wp-json\/wp\/v2\/media\/119271"}],"wp:attachment":[{"href":"https:\/\/rdnews.al\/index.php\/wp-json\/wp\/v2\/media?parent=119270"}],"wp:term":[{"taxonomy":"category","embeddable":true,"href":"https:\/\/rdnews.al\/index.php\/wp-json\/wp\/v2\/categories?post=119270"},{"taxonomy":"post_tag","embeddable":true,"href":"https:\/\/rdnews.al\/index.php\/wp-json\/wp\/v2\/tags?post=119270"}],"curies":[{"name":"wp","href":"https:\/\/api.w.org\/{rel}","templated":true}]}}