{"id":119299,"date":"2025-07-18T10:00:11","date_gmt":"2025-07-18T10:00:11","guid":{"rendered":"https:\/\/rdnews.al\/?p=119299"},"modified":"2025-07-18T10:00:46","modified_gmt":"2025-07-18T10:00:46","slug":"aferat-e-mikut-te-rames-zbardhen-bisedat-ne-celular-te-arkitektit-boeri-konsulenca-3-9-mln-euro","status":"publish","type":"post","link":"https:\/\/rdnews.al\/index.php\/2025\/07\/18\/aferat-e-mikut-te-rames-zbardhen-bisedat-ne-celular-te-arkitektit-boeri-konsulenca-3-9-mln-euro\/","title":{"rendered":"Aferat e mikut t\u00eb Ram\u00ebs\/ Zbardhen bisedat e arkitektit Boeri: Konsulenca 3.9 mln euro&#8230;"},"content":{"rendered":"<div id=\"rekl-49\"><em>Mediat italiane kan\u00eb publikuar pjes\u00eb t\u00eb dosjes p\u00ebr t\u00eb cil\u00ebn po hetohet n\u00eb vendin fiqnj, Stefano Boeri, arkitekti Italian q\u00eb njihet si miku i Edi Ram\u00ebs, me t\u00eb cilin shpalosi mes t\u00eb tjerave projektin e \u201cTirana 2030\u201d. E nd\u00ebrsa dikur aferat korruptive ishin t\u00eb thjeshta p\u00ebr tu zbuluar, \u2018zarfi me para\u2019 ,\u2019n\u00eb \u00e7\u00ebshtjet e urbanistik\u00ebs milaneze \u2018p\u00ebrfitimet\u2019 jan\u00eb perfeksionuar, duke u p\u00ebrpjekur p\u00ebr tu b\u00ebr\u00eb t\u00eb padukshme. Logjika \u201cjap t\u00eb t\u00eb marr\u201d nuk \u00ebsht\u00eb m\u00eb nj\u00eb marr\u00ebveshje dypal\u00ebshe, por \u00ebsht\u00eb shp\u00ebrndar\u00eb n\u00eb nj\u00eb rrjet t\u00eb nd\u00ebrlikuar nd\u00ebrveprimesh dhe triangulimesh.<\/em><\/div>\n<div class=\"readmore-text-here\">\n<p><em>\u201cBashkia e Milanos n\u00ebn n\u00ebnshtrimin e interesave private\u201d shkruajn\u00eb mediat italiane nd\u00ebrsa zbardhin dhe bisedat e Boerit n\u00eb celular<\/em><\/p>\n<p><strong>Nga Alba KEPI <\/strong><\/p>\n<p><img loading=\"lazy\" decoding=\"async\" src=\"https:\/\/ads1.medium.al\/www\/delivery\/lg.php?bannerid=0&amp;campaignid=0&amp;zoneid=232&amp;loc=https%3A%2F%2Fwww.syri.net%2Fpolitike%2F805427%2Faferat-e-mikut-te-rames-ne-bashkine-e-milanos-bisedat-ne-celular-te-arkitektit-boeri-konsulenca-3-9-mln-euro%2F&amp;referer=https%3A%2F%2Fwww.syri.net%2Fpolitike%2F&amp;cb=7db18d39ea\" alt=\"\" width=\"0\" height=\"0\" \/><em>&#8220;I shkrova Beppe-s, si miku me mikun, ka nj\u00eb situat\u00eb q\u00eb m\u00eb shqet\u00ebson, nuk \u00ebsht\u00eb e mir\u00eb&#8230;&#8217;<\/em><\/p>\n<p>K\u00ebshtu shkruan Stefano Boeri, arkitekt dhe simbol i Milanos moderne me nd\u00ebrtesa t\u00eb larta, n\u00eb prag t\u00eb mbledhjes vendimtare t\u00eb Komisionit t\u00eb Peizazhit m\u00eb 21 qershor 2023, p\u00ebr projektin \u201cPirellino\u201d. Ky mesazh, konfidencial, \u00ebsht\u00eb b\u00ebr\u00eb nj\u00eb nga provat kryesore p\u00ebr Prokurorin\u00eb e Milanos, e cila prej dy vitesh heton nj\u00eb sistem presionesh, detyrimesh dhe konflikte interesi q\u00eb p\u00ebrfshin politikan\u00eb, sip\u00ebrmarr\u00ebs dhe teknik\u00eb.<\/p>\n<p>\u201cPirellino\u201d \u00ebsht\u00eb emri me t\u00eb cilin njihet nd\u00ebrtesa m\u00eb e vog\u00ebl pran\u00eb kull\u00ebs legjendare Pirelli Tower (Pirellone) n\u00eb Milano, e nj\u00eb nga simbolet arkitektonike dhe ekonomike t\u00eb qytetit por dhe t\u00eb Italis\u00eb.<\/p>\n<p>Nd\u00ebrtuar n\u00eb vitet 1950, Pirellino \u00ebsht\u00eb nj\u00eb nd\u00ebrtes\u00eb zyrtare pran\u00eb Pirelli Tower, q\u00eb p\u00ebr shum\u00eb dekada \u00ebsht\u00eb seli administrative n\u00eb sh\u00ebrbim t\u00eb kompanis\u00eb Pirelli dhe aktiviteteve t\u00eb lidhura me industrin\u00eb dhe ekonomin\u00eb milaneze.<\/p>\n<p>Nd\u00ebrtesa \u00ebsht\u00eb pjes\u00eb e qendr\u00ebs historike t\u00eb biznesit dhe administrat\u00ebs n\u00eb Milano dhe ka nj\u00eb vler\u00eb arkitektonike dhe urbanistike t\u00eb konsiderueshme.<\/p>\n<p>N\u00eb hetimin e Prokuroris\u00eb s\u00eb Milaonos jan\u00eb 74 t\u00eb pandehur, mes t\u00eb cil\u00ebve zyrtar\u00eb publik\u00eb, sip\u00ebrmarr\u00ebs dhe administrator\u00eb. Akuzat kryesore lidhen me nj\u00eb mekaniz\u00ebm \u201cshp\u00ebrblimesh t\u00eb tjera\u201d, ku konsulencat milion\u00ebshe \u2014 m\u00eb shum\u00eb se 3.9 milion euro \u2014 dhe lidhjet personale p\u00ebrdoren p\u00ebr t\u00eb influencuar vendimet p\u00ebr urbanistik\u00ebn e qytetit.<\/p>\n<p>Kryebashkiaku Sala \u00ebsht\u00eb n\u00ebn hetim p\u00ebr konfirmimin n\u00eb dhjetor 2024 t\u00eb arkitektit Giuseppe Marinoni n\u00eb krye t\u00eb Komisionit t\u00eb Peizazhit, pavar\u00ebsisht se ai ishte n\u00ebn hetim p\u00ebr konflikte interesi. Sipas prokuroris\u00eb, Sala ishte n\u00eb dijeni, por vendosi ta mbante Marinonin n\u00eb at\u00eb pozicion, n\u00ebn presionin e asamblistit t\u00eb Urbanistik\u00ebs, Giancarlo Tancredi, i cili p\u00ebrfitonte p\u00ebr t\u00eb favorizuar interesat e grupeve t\u00eb m\u00ebdha si Coima dhe Kryalos.<\/p>\n<p>Bisedat e regjistruara n\u00eb celularin e Boerit, kapur nga Guardia di Finanza, tregojn\u00eb nj\u00eb sistem kompleks: Boeri ushtron presion direkt ndaj Tancredi-t, i cili vepron mbi Marinonin; Sala \u00ebsht\u00eb n\u00eb dijeni dhe nuk ndalon operacionin. Brenda 24 or\u00ebve, mendimi i Komisionit p\u00ebr \u201cPirellinon\u201d ndryshon nga negativ n\u00eb\u00a0 pozitiv me kusht dhe m\u00eb pas plot\u00ebsisht pozitiv. Boeri e njofton menj\u00ebher\u00eb Manfredi Catella-n e Coim\u00ebs:\u00a0<em>\u00abKemi vendimin pozitiv.\u00bb<\/em><\/p>\n<p>Kjo \u00ebsht\u00eb Milano e nd\u00ebrtesave t\u00eb larta \u2014 Coima, Kryalos, Catella, Boeri \u2014 ku nd\u00ebrtimi i pakontrolluar shoq\u00ebrohet me konflikte interesi, heshtje dhe loj\u00ebra pushteti.<\/p>\n<p><strong>Korrupsioni me shum\u00eb kate<\/strong><\/p>\n<p>Prokuroria milaneze n\u00eb hetimin e saj ka nd\u00ebrtuar nj\u00eb \u201cnd\u00ebrtes\u00eb\u201d simbolike korrupsioni me shum\u00eb kate:<\/p>\n<p><strong>Kati i par\u00eb:\u00a0<\/strong>konflikte interesi t\u00eb fshehura nga Marinoni dhe Scandurra, an\u00ebtar\u00eb t\u00eb Komisionit t\u00eb Peizazhit, q\u00eb vler\u00ebsonin projekte nga kompani ku ata kishin marr\u00eb detyra profesionale.<\/p>\n<p><strong>Kati i dyt\u00eb<\/strong>: akuza p\u00ebr korrupsion me pagesa milion\u00ebshe p\u00ebr detyra profesionale.<\/p>\n<p><strong>Kati i tret\u00eb:\u00a0<\/strong>p\u00ebrfshirja e Tancredi-t dhe Sal\u00ebs n\u00eb mbajtjen e Marinonit, pavar\u00ebsisht konflikteve t\u00eb interesit.<\/p>\n<p><strong>Kati i kat\u00ebrt<\/strong>: presione t\u00eb padrejta nga Boeri, Catella dhe Tancredi, me Sal\u00ebn si nd\u00ebrmjet\u00ebs.<\/p>\n<p>Nuk \u00ebsht\u00eb korrupsioni i parave n\u00ebn dor\u00eb: \u00ebsht\u00eb nj\u00eb form\u00eb m\u00eb e sofistikuar, e \u201cshp\u00ebrblimeve t\u00eb tjera\u201d, p\u00ebrmes detyrave t\u00eb ndara, favoreve profesionale dhe marr\u00ebdh\u00ebnieve personale. Por efekti mbetet i nj\u00ebjt\u00eb: ta b\u00ebsh institucionin t\u00eb n\u00ebnshtruar ndaj interesave private.<\/p>\n<p>Milano rrezikon t\u00eb shkat\u00ebrrohet n\u00eb imazhin e tij si qytet modern dhe transparent n\u00ebn pesh\u00ebn e nj\u00eb hetimi q\u00eb zbulon nj\u00eb sistem pushteti nga i cili askush nuk duket i p\u00ebrjashtuar, madje as kryebashkiaku. Nj\u00eb qytet q\u00eb nd\u00ebrton lart, por q\u00eb rrezikon t\u00eb shembet.<\/p>\n<div class=\"fotogaleri\">\n<div class=\"bx-wrapper\">\n<div class=\"bx-viewport\">\n<ul class=\"read-slider\">\n<li><a href=\"https:\/\/www.syri.net\/fotogaleria\/805427\/aferat-e-mikut-te-rames-ne-bashkine-e-milanos-bisedat-ne-celular-te-arkitektit-boeri-konsulenca-3-9-mln-euro\/\" target=\"_blank\" rel=\"noopener\"><img decoding=\"async\" src=\"https:\/\/www.syri.net\/uploads\/syri.net\/images\/2025\/July\/18\/auto_36e60ae2-ce7f-4397-93b1-34a29e815a831752830295.jpg\" \/><i class=\"fa fa-search-plus syri_zoom\" aria-hidden=\"true\"><\/i><\/a><\/li>\n<\/ul>\n<\/div>\n<div class=\"bx-controls bx-has-pager bx-has-controls-direction\">\n<div class=\"bx-pager bx-default-pager\">1 \/ 4<\/div>\n<div class=\"bx-controls-direction\"><a class=\"bx-prev\" href=\"https:\/\/www.syri.net\/politike\/805427\/aferat-e-mikut-te-rames-ne-bashkine-e-milanos-bisedat-ne-celular-te-arkitektit-boeri-konsulenca-3-9-mln-euro\/\" target=\"_blank\" rel=\"noopener\">Prev<\/a><a class=\"bx-next\" href=\"https:\/\/www.syri.net\/politike\/805427\/aferat-e-mikut-te-rames-ne-bashkine-e-milanos-bisedat-ne-celular-te-arkitektit-boeri-konsulenca-3-9-mln-euro\/\" target=\"_blank\" rel=\"noopener\">Next<\/a><\/div>\n<\/div>\n<\/div>\n<\/div>\n<p>&nbsp;<\/p>\n<\/div>\n<div id=\"rekl-45\"><\/div>\n<div id=\"rekl-16\"><\/div>\n<div id=\"rekl-33\"><\/div>\n","protected":false},"excerpt":{"rendered":"<p>Mediat italiane kan\u00eb publikuar pjes\u00eb t\u00eb dosjes p\u00ebr t\u00eb cil\u00ebn po hetohet n\u00eb vendin fiqnj, Stefano Boeri, arkitekti Italian q\u00eb njihet si miku i Edi Ram\u00ebs, me t\u00eb cilin shpalosi mes t\u00eb tjerave projektin e \u201cTirana 2030\u201d. E nd\u00ebrsa dikur aferat korruptive ishin t\u00eb thjeshta p\u00ebr tu zbuluar, \u2018zarfi me para\u2019 ,\u2019n\u00eb \u00e7\u00ebshtjet e urbanistik\u00ebs &hellip;<\/p>\n","protected":false},"author":4,"featured_media":119300,"comment_status":"closed","ping_status":"closed","sticky":false,"template":"","format":"standard","meta":{"footnotes":""},"categories":[37],"tags":[],"class_list":["post-119299","post","type-post","status-publish","format-standard","has-post-thumbnail","","category-politike"],"_links":{"self":[{"href":"https:\/\/rdnews.al\/index.php\/wp-json\/wp\/v2\/posts\/119299","targetHints":{"allow":["GET"]}}],"collection":[{"href":"https:\/\/rdnews.al\/index.php\/wp-json\/wp\/v2\/posts"}],"about":[{"href":"https:\/\/rdnews.al\/index.php\/wp-json\/wp\/v2\/types\/post"}],"author":[{"embeddable":true,"href":"https:\/\/rdnews.al\/index.php\/wp-json\/wp\/v2\/users\/4"}],"replies":[{"embeddable":true,"href":"https:\/\/rdnews.al\/index.php\/wp-json\/wp\/v2\/comments?post=119299"}],"version-history":[{"count":2,"href":"https:\/\/rdnews.al\/index.php\/wp-json\/wp\/v2\/posts\/119299\/revisions"}],"predecessor-version":[{"id":119302,"href":"https:\/\/rdnews.al\/index.php\/wp-json\/wp\/v2\/posts\/119299\/revisions\/119302"}],"wp:featuredmedia":[{"embeddable":true,"href":"https:\/\/rdnews.al\/index.php\/wp-json\/wp\/v2\/media\/119300"}],"wp:attachment":[{"href":"https:\/\/rdnews.al\/index.php\/wp-json\/wp\/v2\/media?parent=119299"}],"wp:term":[{"taxonomy":"category","embeddable":true,"href":"https:\/\/rdnews.al\/index.php\/wp-json\/wp\/v2\/categories?post=119299"},{"taxonomy":"post_tag","embeddable":true,"href":"https:\/\/rdnews.al\/index.php\/wp-json\/wp\/v2\/tags?post=119299"}],"curies":[{"name":"wp","href":"https:\/\/api.w.org\/{rel}","templated":true}]}}