{"id":119321,"date":"2025-07-18T16:30:13","date_gmt":"2025-07-18T16:30:13","guid":{"rendered":"https:\/\/rdnews.al\/?p=119321"},"modified":"2025-07-18T16:30:13","modified_gmt":"2025-07-18T16:30:13","slug":"kushtetuesja-tre-gjykata-i-cenuan-lirine-ish-gjyqtares-margjeka","status":"publish","type":"post","link":"https:\/\/rdnews.al\/index.php\/2025\/07\/18\/kushtetuesja-tre-gjykata-i-cenuan-lirine-ish-gjyqtares-margjeka\/","title":{"rendered":"Kushtetuesja: Tre gjykata i c\u00ebnuan lirin\u00eb ish-gjyqtares Margjeka"},"content":{"rendered":"<p>Gjykata e Posa\u00e7me e Shkall\u00ebs s\u00eb Par\u00eb, Apeli, por edhe Gjykata e Lart\u00eb kan\u00eb shkelur Kushtetut\u00ebn dhe i kan\u00eb c\u00ebnuar lirin\u00eb ish-gjyqtares, Mimoza Margjeka.<\/p>\n<p>Konstatimi \u00ebsht\u00eb b\u00ebr\u00eb nga Gjykata Kushtetuese, e cila ka pranuar nj\u00eb ankimim t\u00eb b\u00ebr\u00eb nga ish-gjyqtarja e Apelit t\u00eb Kor\u00e7\u00ebs, duke shfuqizuar si anti-kushtetus vendimet e tre shkall\u00ebve t\u00eb gjy\u00ebsorit, q\u00eb i refuzuan k\u00ebrkes\u00ebn p\u00ebr shuarjen e mas\u00ebs s\u00eb siguris\u00eb \u201carrest n\u00eb sht\u00ebpi\u201d.<\/p>\n<p>Ish-gjyqtarja Margjeka u hetua nga SPAK dhe gjykua nga Gjykata e Posa\u00e7me p\u00ebr vepr\u00ebn penale t\u00eb \u201ckorrupsionit\u201d, vep\u00ebr p\u00ebr t\u00eb cil\u00ebn n\u00eb dhjetor 2023 d\u00ebnua me 4 vjet e 6 muaj burg, d\u00ebnim q\u00eb u konvertua n\u00eb 3 vjet Sh\u00ebrbim Prove.<\/p>\n<p>Gjat\u00eb p\u00ebrballjes me drejt\u00ebsin\u00eb, Margjeka q\u00ebndroi n\u00eb mas\u00ebn e siguris\u00eb \u201carrest n\u00eb sht\u00ebpi\u201d. Ajo k\u00ebrkoi shuarjen e k\u00ebsaj mase kur p\u00ebrmbushi afatin 9 mujor, k\u00ebrkes\u00eb q\u00eb u refuzua n\u00eb t\u00eb tre shkall\u00ebt e gjykimit. Sipas Gjykat\u00ebs s\u00eb Posa\u00e7me, Apelit dhe Gjykat\u00ebs s\u00eb Lart\u00eb, n\u00eb rastin e mas\u00ebs \u201carrest n\u00eb sht\u00ebpi\u201d, afati ligjor i fuqis\u00eb s\u00eb mas\u00ebs ishte 18 muaj dhe jo 9 muaj, me arsyetimin se p\u00ebr \u201carrestin n\u00eb sht\u00ebpi\u201d nuk vlenin afatet kohore t\u00eb \u201carrestit n\u00eb burg\u201d.<\/p>\n<p>Tet\u00eb gjyqtar\u00eb kushtetues kan\u00eb arsyetuar n\u00eb vendim se Gjykata e Lart\u00eb, duke p\u00ebrdorur disa metoda interpretimi ligjor, duket se ka krijuar n\u00eb fakt nj\u00eb norm\u00eb t\u00eb re procedurale, sipas s\u00eb cil\u00ebs, koh\u00ebzgjatja e mas\u00ebs s\u00eb sigurimit \u201carrest n\u00eb sht\u00ebpi\u201d \u00ebsht\u00eb sa dyfishi i \u201carrestit n\u00eb burg\u201d, interpretim i vler\u00ebsuar si i gabuar.<\/p>\n<p>P\u00ebr shkak se masa ndaj gjyqtares \u00ebsht\u00eb shuar n\u00eb vendimin p\u00ebrfundimtar, d\u00ebrgimi i \u00e7\u00ebshtjes p\u00ebr rigjykim nuk do t\u00eb sillte rezultat p\u00ebr ish-gjyqtaren Margjeka. N\u00eb k\u00ebt\u00eb m\u00ebnyr\u00eb, Kushtetuesja \u00ebsht\u00eb mjaftuar me shfuqizimin e tre vendimeve t\u00eb kund\u00ebshtuara si t\u00eb papajtueshme me Kushtetut\u00ebn dhe konstatimin e c\u00ebnimit t\u00eb liris\u00eb personale t\u00eb ish-gjyqtares.<strong>\/A2 CNN<\/strong><\/p>\n","protected":false},"excerpt":{"rendered":"<p>Gjykata e Posa\u00e7me e Shkall\u00ebs s\u00eb Par\u00eb, Apeli, por edhe Gjykata e Lart\u00eb kan\u00eb shkelur Kushtetut\u00ebn dhe i kan\u00eb c\u00ebnuar lirin\u00eb ish-gjyqtares, Mimoza Margjeka. Konstatimi \u00ebsht\u00eb b\u00ebr\u00eb nga Gjykata Kushtetuese, e cila ka pranuar nj\u00eb ankimim t\u00eb b\u00ebr\u00eb nga ish-gjyqtarja e Apelit t\u00eb Kor\u00e7\u00ebs, duke shfuqizuar si anti-kushtetus vendimet e tre shkall\u00ebve t\u00eb gjy\u00ebsorit, q\u00eb &hellip;<\/p>\n","protected":false},"author":4,"featured_media":119322,"comment_status":"closed","ping_status":"closed","sticky":false,"template":"","format":"standard","meta":{"footnotes":""},"categories":[37],"tags":[],"class_list":["post-119321","post","type-post","status-publish","format-standard","has-post-thumbnail","","category-politike"],"_links":{"self":[{"href":"https:\/\/rdnews.al\/index.php\/wp-json\/wp\/v2\/posts\/119321","targetHints":{"allow":["GET"]}}],"collection":[{"href":"https:\/\/rdnews.al\/index.php\/wp-json\/wp\/v2\/posts"}],"about":[{"href":"https:\/\/rdnews.al\/index.php\/wp-json\/wp\/v2\/types\/post"}],"author":[{"embeddable":true,"href":"https:\/\/rdnews.al\/index.php\/wp-json\/wp\/v2\/users\/4"}],"replies":[{"embeddable":true,"href":"https:\/\/rdnews.al\/index.php\/wp-json\/wp\/v2\/comments?post=119321"}],"version-history":[{"count":1,"href":"https:\/\/rdnews.al\/index.php\/wp-json\/wp\/v2\/posts\/119321\/revisions"}],"predecessor-version":[{"id":119323,"href":"https:\/\/rdnews.al\/index.php\/wp-json\/wp\/v2\/posts\/119321\/revisions\/119323"}],"wp:featuredmedia":[{"embeddable":true,"href":"https:\/\/rdnews.al\/index.php\/wp-json\/wp\/v2\/media\/119322"}],"wp:attachment":[{"href":"https:\/\/rdnews.al\/index.php\/wp-json\/wp\/v2\/media?parent=119321"}],"wp:term":[{"taxonomy":"category","embeddable":true,"href":"https:\/\/rdnews.al\/index.php\/wp-json\/wp\/v2\/categories?post=119321"},{"taxonomy":"post_tag","embeddable":true,"href":"https:\/\/rdnews.al\/index.php\/wp-json\/wp\/v2\/tags?post=119321"}],"curies":[{"name":"wp","href":"https:\/\/api.w.org\/{rel}","templated":true}]}}