{"id":119324,"date":"2025-07-18T16:34:01","date_gmt":"2025-07-18T16:34:01","guid":{"rendered":"https:\/\/rdnews.al\/?p=119324"},"modified":"2025-07-18T16:34:01","modified_gmt":"2025-07-18T16:34:01","slug":"si-po-e-kontrollon-sokol-sadushi-garen-per-gjykaten-kushtetuese","status":"publish","type":"post","link":"https:\/\/rdnews.al\/index.php\/2025\/07\/18\/si-po-e-kontrollon-sokol-sadushi-garen-per-gjykaten-kushtetuese\/","title":{"rendered":"Si po e kontrollon Sokol Sadushi gar\u00ebn p\u00ebr Gjykat\u00ebn Kushtetuese"},"content":{"rendered":"<p><b>Nga Boldnews.al<\/b><\/p>\n<p>P\u00ebr her\u00eb t\u00eb par\u00eb n\u00eb historin\u00eb e \u201cDrejt\u00ebsis\u00ebs \u00eb Re\u201d, thuajse t\u00eb gjith\u00eb kandidat\u00ebt q\u00eb kan\u00eb aplikuar p\u00ebr nj\u00eb post vakant n\u00eb Gjykat\u00ebn Kushtetuese, jan\u00eb kualifikuar.<\/p>\n<p>Kjo po ndodh s\u00eb fundmi me gar\u00ebn e shpallur nga Gjykata e Lart\u00eb, p\u00ebr plot\u00ebsimin e vakanc\u00ebs s\u00eb krijuar pas p\u00ebrfundimit t\u00eb mandatit t\u00eb an\u00ebtares dhe nj\u00ebkoh\u00ebsisht kryetares s\u00eb Gjykat\u00ebs Kushtetuese, Holta Za\u00e7aj.<\/p>\n<p>Megjithat\u00eb, ku rezultat thuajse perfekt duket se fsheh nj\u00eb skem\u00eb t\u00eb holl\u00eb, e cila do t\u2019i lejoj\u00eb kryetarit t\u00eb Gjykat\u00ebs s\u00eb Lart\u00eb, Sokol Sadushi, t\u00eb krijoj\u00eb nj\u00eb grup t\u00eb gatsh\u00ebm prej 3 emrash, p\u00ebr t\u2019i em\u00ebruar n\u00eb Gjykat\u00ebn Kushtetuese p\u00ebrgjat\u00eb mandatit t\u00eb tij nj\u00eb-vje\u00e7ar si kreu i K\u00ebshillit t\u00eb Em\u00ebrimeve n\u00eb Drejt\u00ebsi (KED), q\u00eb mbaron n\u00eb fund t\u00eb vitit 2025.<\/p>\n<figure id=\"attachment_1577957\" class=\"wp-caption alignnone\" aria-describedby=\"caption-attachment-1577957\"><img loading=\"lazy\" decoding=\"async\" class=\"size-medium wp-image-1577957\" src=\"https:\/\/boldnews.al\/wp-content\/uploads\/2025\/07\/WhatsApp-Image-2025-07-18-at-17.32.26-2-640x419.jpeg\" sizes=\"auto, (max-width: 640px) 100vw, 640px\" srcset=\"https:\/\/boldnews.al\/wp-content\/uploads\/2025\/07\/WhatsApp-Image-2025-07-18-at-17.32.26-2-640x419.jpeg 640w, https:\/\/boldnews.al\/wp-content\/uploads\/2025\/07\/WhatsApp-Image-2025-07-18-at-17.32.26-2.jpeg 732w\" alt=\"\" width=\"640\" height=\"419\" data-pin-no-hover=\"true\" \/><figcaption id=\"caption-attachment-1577957\" class=\"wp-caption-text\"><strong><em>N\u00eb foto: Sokol Sadushi, kryetar i Gjykat\u00ebs s\u00eb Lart\u00eb dhe kreu i K\u00ebshillit t\u00eb Em\u00ebrimeve n\u00eb Drejt\u00ebsi<\/em><\/strong><\/figcaption><\/figure>\n<p>Skenari duket i holl\u00eb dhe po kryhet n\u00eb nj\u00eb moment q\u00eb politika, sidomos ajo parlamentare, vijon t\u00eb jet\u00eb e p\u00ebrfshir\u00eb n\u00eb ethet zgjedhore dhe post-elektorale.<\/p>\n<p><strong>\u201cRutina\u201d e skualifikimeve<\/strong><\/p>\n<p>Pas miratimit t\u00eb Reform\u00ebs n\u00eb Drejt\u00ebsi, n\u00eb vitin 2016, Gjykata Kushtetuese thuajse u boshatis plot\u00ebsisht, p\u00ebr shkak t\u00eb efekteve t\u00eb Vetingut, si edhe vonesave t\u00eb gjata p\u00ebr krijimin dhe funksionin e institucioneve q\u00eb do t\u00eb kryenin verifikimin e kandidaturave p\u00ebr plot\u00ebsimin e vakancave.<\/p>\n<p>Kushtetuta parashikon se gjyqtar\u00ebt kushtetues zgjidhen n\u00ebp\u00ebrmjet skem\u00ebs: 3 an\u00ebtar\u00eb nga Presidenti, 3 nga Kuvendi dhe 3 nga Gjykata e Lart\u00eb, pas verifikimit t\u00eb kandidaturave prej K\u00ebshillit t\u00eb Em\u00ebrimeve n\u00eb Drejt\u00ebsi (KED).<\/p>\n<p>Gjyqtar\u00ebt e rinj kushtetues nis\u00ebn t\u00eb merrnin mandatet, duke filluar nga viti 2019. P\u00ebr shkak t\u00eb parashikimeve t\u00eb nd\u00ebrlikuara kushtetuese, disa prej gjyqtar\u00ebve t\u00eb rinj q\u00ebndruan n\u00eb detyr\u00eb p\u00ebr nj\u00eb periudh\u00eb kohore t\u00eb shkurt\u00ebr.<\/p>\n<p>N\u00eb vitin 2022, Gjykata Kushtetuese u plot\u00ebsua me 9 an\u00ebtar\u00eb. Por, prej shtatorit t\u00eb vitit 2024, trupa \u00ebsht\u00eb me nj\u00eb gjyqtar m\u00eb pak, p\u00ebr shkak t\u00eb dor\u00ebheqjes \u201c<em>p\u00ebr arsye personale<\/em>\u201d t\u00eb Elsa Tosk\u00ebs, e em\u00ebruar nga Kuvendi i Shqip\u00ebris\u00eb.<\/p>\n<p>N\u00eb nj\u00eb verifikim t\u00eb kryer nga \u201c<strong><em>Boldne\u00ebs.al<\/em><\/strong>\u201d n\u00eb procedurat e kandidimit p\u00ebr gjyqtar kushtetues, rezulton se, thuajse n\u00eb \u00e7do rast, t\u00eb pakt\u00ebn 60 p\u00ebrqind e list\u00ebs s\u00eb aplikant\u00ebve \u00ebsht\u00eb skualifikuar.<\/p>\n<p>Ka raste, kur procedurat p\u00ebr plot\u00ebsimin e vakancave jan\u00eb anuluar, pasi t\u00eb gjith\u00eb kandidat\u00ebt p\u00ebr nj\u00eb post n\u00eb Gjykat\u00ebn Kushtetuese jan\u00eb skualifikuar nga K\u00ebshilli i Em\u00ebrimeve n\u00eb Drejt\u00ebsi.<\/p>\n<p><img loading=\"lazy\" decoding=\"async\" class=\"alignnone size-medium wp-image-1577959\" src=\"https:\/\/boldnews.al\/wp-content\/uploads\/2025\/07\/WhatsApp-Image-2025-07-18-at-17.32.26-640x380.jpeg\" sizes=\"auto, (max-width: 640px) 100vw, 640px\" srcset=\"https:\/\/boldnews.al\/wp-content\/uploads\/2025\/07\/WhatsApp-Image-2025-07-18-at-17.32.26-640x380.jpeg 640w, https:\/\/boldnews.al\/wp-content\/uploads\/2025\/07\/WhatsApp-Image-2025-07-18-at-17.32.26-750x445.jpeg 750w, https:\/\/boldnews.al\/wp-content\/uploads\/2025\/07\/WhatsApp-Image-2025-07-18-at-17.32.26.jpeg 1002w\" alt=\"\" width=\"640\" height=\"380\" data-pin-no-hover=\"true\" \/><\/p>\n<p>Pak jav\u00eb m\u00eb par\u00eb, n\u00eb 29 maj 2025, K\u00ebshilli i Em\u00ebrimeve n\u00eb Drejt\u00ebsi, vendosi\u00a0<a href=\"https:\/\/gjykata-media.s3.eu-central-1.amazonaws.com\/vendim_pezullim_vakance_Kuvendi_shpallu_30_09_2024_43402076c4.pdf\" target=\"_blank\" rel=\"noopener\">pezullimin<\/a>\u00a0e procedur\u00ebs e nisur nga Kuvendi p\u00ebr plot\u00ebsimin e vakanc\u00ebs s\u00eb krijuar nga dor\u00ebheqja e gjyqtares Elsa Toska, pik\u00ebrisht p\u00ebr faktin se 8 nga 10 aplikant\u00ebt ishin skualifikuar.<\/p>\n<p>Pra, n\u00eb \u00e7do rast t\u00eb deritanish\u00ebm, list\u00eb e kandidat\u00ebve nuk ka qen\u00eb asnj\u00eb perfekte, pasi ka pasur gjithnj\u00eb m\u00eb shum\u00eb se gjysma e aplikant\u00ebve q\u00eb nuk plot\u00ebsonin kriteret strikte p\u00ebr t\u00eb qen\u00eb gjyqtar kushtetues.<\/p>\n<p>Por kjo \u201crutin\u00eb\u201d duket se ka ndryshuar pik\u00ebrisht me procedur\u00ebn e shpallur nga Gjykata e Lart\u00eb p\u00ebr z\u00ebvend\u00ebsimin e gjyqtares kushtetuese, Holta Za\u00e7aj.<\/p>\n<p><strong>Lista \u201cp\u00ebrfekte\u201d e Sadushit<\/strong><\/p>\n<p>N\u00eb janar t\u00eb vitit 2025, Gjykata e Lart\u00eb, e drejtuar nga Sokol Sadushi, njoftoi se kishin aplikuar 13 kandidat\u00eb p\u00ebr postin vakant t\u00eb Za\u00e7aj n\u00eb Gjykat\u00ebn Kushtetuese.<\/p>\n<p>Emrat e tyre jan\u00eb n\u00eb faz\u00eb verifikimi nga K\u00ebshilli i Em\u00ebrimeve n\u00eb Drejt\u00ebsi (KED), i kryesuar po nga Sokol Sadushi.<\/p>\n<p>Deri m\u00eb tani, jan\u00eb skualifikuar vet\u00ebm tre kandidat\u00eb. Nd\u00ebrkoh\u00eb, 8 prej tyre jan\u00eb kualifikuar dhe dy t\u00eb fundit, me shum\u00eb mund\u00ebsi, kualifikohen n\u00eb mbledhjen e radh\u00ebs s\u00eb KED-it, planifikuar p\u00ebr n\u00eb 21 korrik 2025.<img loading=\"lazy\" decoding=\"async\" src=\"https:\/\/ads.adsense.al\/www\/delivery\/lg.php?bannerid=0&amp;campaignid=0&amp;zoneid=138&amp;loc=https%3A%2F%2Fboldnews.al%2F2025%2F07%2F18%2Femrat-me-nje-gur-kap-tre-gjyqtare-si-po-e-kontrollon-sokol-sadushi-garen-per-kushtetuesen%2F&amp;referer=https%3A%2F%2Fboldnews.al%2Fcategory%2Faktualitet%2F&amp;cb=bb5607406c\" alt=\"\" width=\"0\" height=\"0\" \/><\/p>\n<p>Pra, nga 13 kandidat\u00eb, 10 prej tyre kalojn\u00eb filtrat e verifikimit, duke sh\u00ebnuar nj\u00eb \u201crekord thuajse absolut\u201d t\u00eb t\u00eb kualifikuarve, krahasuar me \u00e7do procedur\u00eb t\u00eb ngjashme t\u00eb zhvilluar m\u00eb par\u00eb.<\/p>\n<p>Teorikisht, mund t\u00eb ndodh q\u00eb shumica d\u00ebrrmuese e kandidat\u00ebve t\u00eb plot\u00ebsojn\u00eb kushtet ligjore.<\/p>\n<p>Por, praktikisht, duke par\u00eb disa prej emrave t\u00eb lejuar p\u00ebr t\u00eb vijuar gar\u00ebn, ka vend p\u00ebr t\u00eb ngritur dyshime publike. Dhe jo vet\u00ebm publike, pasi \u201cdyshime\u201d t\u00eb tilla ka edhe vet\u00eb K\u00ebshilli i Em\u00ebrimeve n\u00eb Drejt\u00ebsi, i cili duket se e ka pasur t\u00eb v\u00ebshtir\u00eb t\u00eb bindet p\u00ebr kandidat\u00ebt.<\/p>\n<p>N\u00eb list\u00ebn e t\u00eb kualifikuarve p\u00ebr nj\u00eb vend n\u00eb Gjykat\u00ebn Kushtetuese gjendet\u00a0<strong><a href=\"https:\/\/www.gjykataelarte.gov.al\/sq\/lajme\/aktivitete\/njoftim-publik-per-mbledhjen-e-radhes-se-k.e.d-ne-daten-17.06.2025\" target=\"_blank\" rel=\"noopener\">Naureda Llagami<\/a><\/strong>, ish-kryetarja e K\u00ebshillit t\u00eb Lart\u00eb Gjyq\u00ebsor (KLGJ). Llagami, referuar t\u00eb dh\u00ebnave publike t\u00eb m\u00ebparshme, rezulton nj\u00eb mikesh\u00eb e ngusht\u00eb e Ajola Xoxas, bashk\u00ebshorte e kryetarit t\u00eb arrestuar t\u00eb Bashkis\u00eb s\u00eb Tiran\u00ebs, Erion Veliaj.<\/p>\n<figure id=\"attachment_1577953\" class=\"wp-caption alignnone\" aria-describedby=\"caption-attachment-1577953\"><img loading=\"lazy\" decoding=\"async\" class=\"size-full wp-image-1577953\" src=\"https:\/\/boldnews.al\/wp-content\/uploads\/2025\/07\/WhatsApp-Image-2025-07-18-at-17.32.27-1.jpeg\" sizes=\"auto, (max-width: 416px) 100vw, 416px\" srcset=\"https:\/\/boldnews.al\/wp-content\/uploads\/2025\/07\/WhatsApp-Image-2025-07-18-at-17.32.27-1.jpeg 416w, https:\/\/boldnews.al\/wp-content\/uploads\/2025\/07\/WhatsApp-Image-2025-07-18-at-17.32.27-1-160x160.jpeg 160w, https:\/\/boldnews.al\/wp-content\/uploads\/2025\/07\/WhatsApp-Image-2025-07-18-at-17.32.27-1-75x75.jpeg 75w\" alt=\"\" width=\"416\" height=\"414\" data-pin-no-hover=\"true\" \/><figcaption id=\"caption-attachment-1577953\" class=\"wp-caption-text\"><strong><em>N\u00eb foto: Naureda Llagami, kandidate p\u00ebr Gjykat\u00ebn Kushtetuese, ish-kryetare e KLGJ<\/em><\/strong><\/figcaption><\/figure>\n<p>Veliaj dhe Sokol Sadushi njihen gjer\u00ebsisht n\u00eb rrethet politike dhe juridike si \u201cklani i Fatmir Xhafajt\u201d n\u00eb sistemin e drejt\u00ebsis\u00eb. Ekzistenca e k\u00ebsaj \u201ctresheje\u201d dhe miq\u00ebsia me Ajol\u00ebn, duket se e ka joshur q\u00eb m\u00eb her\u00ebt Llagamin p\u00ebr t\u00eb qen\u00eb gjyqtare kushtetuese.<\/p>\n<p>N\u00eb disa\u00a0<a href=\"https:\/\/boldnews.al\/2025\/07\/18\/emrat-me-nje-gur-kap-tre-gjyqtare-si-po-e-kontrollon-sokol-sadushi-garen-per-kushtetuesen\/Downloads\/nw\" target=\"_blank\" rel=\"noopener\">komunikimeve<\/a>\u00a0t\u00eb zbuluara n\u00eb janar t\u00eb k\u00ebtij viti n\u00eb media, por gjith\u00ebsesi t\u00eb mohuara nga Llagami, ajo rezulton t\u00eb ket\u00eb shprehur d\u00ebshir\u00ebn p\u00ebr t\u00eb qen\u00eb pjes\u00eb e Kushtueses dhe k\u00ebt\u00eb q\u00ebllim synonte ta realizonte n\u00ebp\u00ebrmjet lidhjeve me Ajola Xox\u00ebn dhe ndikimin e bashk\u00ebshortit t\u00eb k\u00ebsaj t\u00eb fundit n\u00eb strukturat e larta t\u00eb sistemit t\u00eb drejt\u00ebsis\u00eb.<\/p>\n<p>P\u00ebrtej faktit n\u00ebse ato komunikime ishin t\u00eb v\u00ebrteta apo jo, tashm\u00eb rezulton se Naureda Llagami \u00ebsht\u00eb kualifikuar p\u00ebr gar\u00ebn n\u00eb Gjykat\u00ebn e Lart\u00eb nga K\u00ebshilli i Em\u00ebrimeve n\u00eb Drejt\u00ebsi, i kryesuar nga Sokol Sadushi.<\/p>\n<p>Lista e t\u00eb kualifikuarve n\u00eb gar\u00ebn e shpallur nga Sadushi p\u00ebr n\u00eb Gjykat\u00ebn Kushtetuese p\u00ebrfshin ish-an\u00ebtarin e K\u00ebshillit t\u00eb Lart\u00eb Gjyq\u00ebsor,\u00a0<strong>Alban Toro<\/strong>.\u00a0<a href=\"https:\/\/boldnews.al\/2025\/02\/20\/alban-toro-nuk-justifikon-pasurine-cv-ja-problematika-e-kandidatit-per-gjykate-kushtetuese\/\" target=\"_blank\" rel=\"noopener\">Pik\u00ebpyetjet<\/a>\u00a0e forta mbi pasurin\u00eb e tij vun\u00eb n\u00eb dyshim karrier\u00ebn e bashk\u00ebshortes s\u00eb tij, gjyqtares s\u00eb Apelit, Elona Toro, e cila e kaloi me shum\u00eb v\u00ebshtir\u00ebsi procesin e Vetingut.<\/p>\n<figure id=\"attachment_1577954\" class=\"wp-caption alignnone\" aria-describedby=\"caption-attachment-1577954\"><img loading=\"lazy\" decoding=\"async\" class=\"size-medium wp-image-1577954\" src=\"https:\/\/boldnews.al\/wp-content\/uploads\/2025\/07\/WhatsApp-Image-2025-07-18-at-17.32.27-640x393.jpeg\" sizes=\"auto, (max-width: 640px) 100vw, 640px\" srcset=\"https:\/\/boldnews.al\/wp-content\/uploads\/2025\/07\/WhatsApp-Image-2025-07-18-at-17.32.27-640x393.jpeg 640w, https:\/\/boldnews.al\/wp-content\/uploads\/2025\/07\/WhatsApp-Image-2025-07-18-at-17.32.27.jpeg 644w\" alt=\"\" width=\"640\" height=\"393\" data-pin-no-hover=\"true\" \/><figcaption id=\"caption-attachment-1577954\" class=\"wp-caption-text\"><strong>N\u00eb foto: Alban Toro, kandidat p\u00ebr Gjykat\u00ebn Kushtetuese, ish-an\u00ebtar i KLGJ<\/strong><\/figcaption><\/figure>\n<p>Gjith\u00ebsesi, problemet e pasuris\u00eb s\u00eb kandidatit Alban Toro gjat\u00eb Vetingut, u \u201cshuan\u201d nga verifikimi i p\u00ebrciptas q\u00eb kreu ndaj tij s\u00eb fundmi K\u00ebshilli i Em\u00ebrimeve n\u00eb Drejt\u00ebsi.<\/p>\n<p>N\u00eb list\u00ebn e t\u00eb kualifikuarve p\u00ebr gar\u00ebn n\u00eb Gjykat\u00ebn Kushtetuese gjenden, nd\u00ebr t\u00eb tjer\u00eb, edhe ish-an\u00ebtarja e Komisionit t\u00eb Pavarur t\u00eb Kualifikimit (KPK),\u00a0<strong><a href=\"https:\/\/www.gjykataelarte.gov.al\/sq\/lajme\/aktivitete\/njoftim-publik-per-mbledhjen-e-radhes-se-k.e.d-ne-daten-26.06.2025\" target=\"_blank\" rel=\"noopener\">Alma Faskaj<\/a><\/strong>\u00a0dhe ish-komisioneri Publik i Vetingut,\u00a0<strong>Florjan Ballhysa<\/strong>, t\u00eb dy pjes\u00eb e strukturave q\u00eb jan\u00eb akuzuar m\u00eb s\u00eb shumti p\u00ebr zbrazjen e sistemit t\u00eb drejt\u00ebsis\u00eb me \u201curdh\u00ebra politik\u00eb\u201d.<\/p>\n<p>Dy t\u00eb fundit q\u00eb presin\u00a0<a href=\"https:\/\/www.gjykataelarte.gov.al\/sq\/lajme\/aktivitete\/njoftim-publik-per-mbledhjen-e-radhes-se-k.e.d-ne-daten-21.07.2025\" target=\"_blank\" rel=\"noopener\">kualifikimin<\/a>\u00a0me firm\u00ebn e Sokol Sadushit jan\u00eb ish-kryetarja e Komisionit t\u00eb Vetingut,\u00a0<strong>Genta Bungo Tafa<\/strong>\u00a0dhe\u00a0<strong>Denar Biba<\/strong>, kryetar n\u00eb detyr\u00eb i Autoritetit t\u00eb Konkurenc\u00ebs dhe ish-kryetar i Komisionit Qendror t\u00eb Zgjedhjeve (KQZ), i em\u00ebruar n\u00eb at\u00eb post nga kryeministri Edi Rama.<\/p>\n<figure id=\"attachment_1577955\" class=\"wp-caption alignnone\" aria-describedby=\"caption-attachment-1577955\"><img loading=\"lazy\" decoding=\"async\" class=\"wp-image-1577955 size-full\" src=\"https:\/\/boldnews.al\/wp-content\/uploads\/2025\/07\/WhatsApp-Image-2025-07-18-at-17.32.26-4.jpeg\" alt=\"\" width=\"618\" height=\"462\" data-pin-no-hover=\"true\" \/><figcaption id=\"caption-attachment-1577955\" class=\"wp-caption-text\"><strong><em>N\u00eb foto: Genta Bungo Tafa, kandidate p\u00ebr Gjykat\u00ebn Kushtetuese, ish-kryetare e KPK<\/em><\/strong><\/figcaption><\/figure>\n<p>P\u00ebr k\u00ebta dy emra, K\u00ebshilli i Em\u00ebrimeve n\u00eb Drejt\u00ebsi ka shtyr\u00eb nga dy her\u00eb seanc\u00ebn p\u00ebr shpalljen e rezultateve, n\u00ebn argumentin se k\u00ebrkohen argumenta shtes\u00eb.<\/p>\n<p>E para,\u00a0<a href=\"https:\/\/www.gjykataelarte.gov.al\/sq\/lajme\/aktivitete\/njoftim-publik-per-mbledhjen-e-radhes-se-k.e.d-ne-daten-15.07.2025\" target=\"_blank\" rel=\"noopener\">Genta Bungo Tafa<\/a>, ka qen\u00eb n\u00eb qend\u00ebr t\u00eb kritikave t\u00eb forta t\u00eb opozit\u00ebs, si \u201czbatuesja e porosive t\u00eb Edi Ram\u00ebs\u201d p\u00ebr shkarkimin e gjyqtar\u00ebve dhe prukuror\u00ebve q\u00eb nuk kishin dashamir\u00ebsi me pushtetin e socialist\u00ebve.<\/p>\n<p>I dyti,\u00a0<a href=\"https:\/\/www.gjykataelarte.gov.al\/sq\/lajme\/aktivitete\/njoftim-publik-per-mbledhjen-e-radhes-se-k.e.d-ne-daten-10.07.2025\" target=\"_blank\" rel=\"noopener\">Denar Biba<\/a>, rezulton se ka probleme t\u00eb theksuara me pasurin\u00eb. Pik\u00ebpyetjet e forta mbi burimin e pasuris\u00eb s\u00eb Bib\u00ebs u shfaq\u00ebn gjat\u00eb procesit t\u00eb rivler\u00ebsimit t\u00eb bashk\u00ebshortes s\u00eb tij, ndihm\u00ebses-ligjore, Elona Kana.<\/p>\n<figure id=\"attachment_1577956\" class=\"wp-caption alignnone\" aria-describedby=\"caption-attachment-1577956\"><img loading=\"lazy\" decoding=\"async\" class=\"size-full wp-image-1577956\" src=\"https:\/\/boldnews.al\/wp-content\/uploads\/2025\/07\/WhatsApp-Image-2025-07-18-at-17.32.26-3.jpeg\" alt=\"\" width=\"508\" height=\"410\" data-pin-no-hover=\"true\" \/><figcaption id=\"caption-attachment-1577956\" class=\"wp-caption-text\"><strong><em>N\u00eb foto: Denat Biba, kandidate p\u00ebr Gjykat\u00ebn Kushtetuese, drejtues i Autoritetit t\u00eb Konkurenc\u00ebs, ish-kreu i KQZ<\/em><\/strong><\/figcaption><\/figure>\n<p>Problemet e Denar Bib\u00ebs besohet se ishin aq t\u00eb forta, sa bashk\u00ebshortja e tij u detyrua t\u00eb jap\u00eb\u00a0<a href=\"https:\/\/boldnews.al\/2020\/03\/10\/vetingu-bashkeshortja-e-denar-bibes-dha-doreheqjen-pasi-i-kaloi-barra-e-proves\/\" target=\"_blank\" rel=\"noopener\">dor\u00ebheqjen<\/a>\u00a0nga funksionet n\u00eb sistemin e drejt\u00ebsis\u00eb, para se trupa e Vetingut t\u00eb shpallte gjetjet e tij.<\/p>\n<p>Tashm\u00eb, Biba, ashtu si edhe Genta Bungo, duket se pret nj\u00eb \u00e7ertifikat\u00eb past\u00ebrtie nga Sokol Sadushi, n\u00eb vendimin q\u00eb pritet t\u00eb merret nga K\u00ebshilli i Em\u00ebrimeve n\u00eb Drejt\u00ebsi, n\u00eb 21 korrik 2025.<\/p>\n<p><strong>Skenari i Sadushit<\/strong><\/p>\n<p>Me nj\u00eb list\u00eb gati perfekte, ku thuajse t\u00eb gjitha kandidat\u00ebt jan\u00eb kualifikuar dhe nuk kan\u00eb arsye t\u00eb ankimojn\u00eb n\u00eb gjykat\u00eb, Sokol Sadushi fiton koh\u00eb t\u00eb vlefshme p\u00ebr t\u00eb em\u00ebruar gjyqtarin e ri kushtetues, i cili \u00ebsht\u00eb em\u00ebrtese e Gjyat\u00ebs s\u00eb Lart\u00eb, pra e tij personalisht, brenda korrikut 2025.<\/p>\n<p>Tre kandidat\u00ebt e skualifikuar nga 13 q\u00eb ishin n\u00eb gar\u00eb,\u00a0<strong><a href=\"https:\/\/boldnews.al\/2025\/06\/04\/korruptim-politik-pasuria-djeg-nurihanin-per-ne-kushtetuese-ildkp-e-toleroi-per-5-vjet-ne-klp\/\" target=\"_blank\" rel=\"noopener\">Nurihan Seiti<\/a><\/strong>,\u00a0<strong>Rezana Balla<\/strong>\u00a0dhe\u00a0<strong>Sinan Tafaj<\/strong>, tashm\u00eb e kan\u00eb kaluar faz\u00ebn e ankimimeve dhe nuk e c\u00ebnojn\u00eb vrapin e gar\u00ebs p\u00ebr zgjedhjen e gjyqtarit t\u00eb ri kushtetues.<\/p>\n<p>Natyrisht, lista e t\u00eb kualifikuarve p\u00ebr z\u00ebvend\u00ebsimin e Holta Za\u00e7ajt \u00ebsht\u00eb e gjat\u00eb dhe Sadushi nuk ka mund\u00ebsi t\u00eb plot\u00ebsoj\u00eb d\u00ebshir\u00ebn e t\u00eb gjith\u00ebve.<\/p>\n<p>Spekulimet n\u00eb korridoret e drejt\u00ebsis\u00eb, por edhe t\u00eb politik\u00ebs, flasin p\u00ebr nj\u00eb em\u00ebr t\u00eb preferuar nga Sokol Sadushi-<strong>Asim Vokshi<\/strong>, aktualisht gjyqtar n\u00eb Gjykat\u00ebn e Lart\u00eb dhe pjes\u00eb e list\u00ebs s\u00eb kandidat\u00ebve t\u00eb kualifikuar p\u00ebr pozicionin e Za\u00e7ajt.<\/p>\n<p><strong>Emrat \u201ce gatsh\u00ebm\u201d<\/strong><\/p>\n<p>Me zgjedhjen, e pritshme, t\u00eb Asim Vokshit, emrat e tjer\u00eb nga lista e Sadushit do t\u00eb mbeten t\u00eb zhg\u00ebnjyer. Por, kreu i Gjykat\u00ebs s\u00eb Lart\u00eb, nj\u00ebkoh\u00ebsisht edhe i KED-it, duke se ka menduar edhe p\u00ebr \u201ct\u00eb m\u00ebrziturit\u201d e mundsh\u00ebm.<\/p>\n<p>Skema e nd\u00ebrtuar holl\u00eb prej tij synon q\u00eb t\u00eb sistemoj\u00eb t\u00eb pakt\u00ebn edhe dy emra t\u00eb tjer\u00eb n\u00eb Gjykat\u00ebn Kushtetuese.<\/p>\n<p>Si\u00e7 u citua m\u00eb lart, n\u00eb fund t\u00eb majit 2025, K\u00ebshilli i Em\u00ebrimeve n\u00eb Drejt\u00ebsi, pezulloi procedur\u00ebn p\u00ebr plot\u00ebsimin e vakanc\u00ebs s\u00eb krijuar nga dor\u00ebheqja e gjyqtares\u00a0<strong>Elsa Toska<\/strong>\u00a0dhe propozimi i Kuvendit p\u00ebr ta rihapur gar\u00ebn.<\/p>\n<p>Vendimi i KED-it, n\u00ebn drejtimin e Sokol Sadushit, nuk ka asnj\u00eb baz\u00eb kushtetuese dhe ligjore. Pezullimi u argumentua me faktin q\u00eb numri i kandidat\u00ebve ka r\u00ebn\u00eb posht\u00eb numrit 3 t\u00eb till\u00eb.<\/p>\n<p>N\u00eb fakt, Kushtetuta parashikon q\u00eb KED-i b\u00ebn vet\u00ebm vler\u00ebsimin e kandidat\u00ebve, nd\u00ebrsa pezullimi apo vijimi i procedur\u00ebs s\u00eb plot\u00ebsimit t\u00eb vakanc\u00ebs \u00ebsht\u00eb tag\u00ebr i institucionit t\u00eb em\u00ebrtes\u00ebs, q\u00eb n\u00eb rastin konkret \u00ebsht\u00eb Kuvendi.<\/p>\n<figure id=\"attachment_1577958\" class=\"wp-caption alignnone\" aria-describedby=\"caption-attachment-1577958\"><img loading=\"lazy\" decoding=\"async\" class=\"size-medium wp-image-1577958\" src=\"https:\/\/boldnews.al\/wp-content\/uploads\/2025\/07\/WhatsApp-Image-2025-07-18-at-17.32.26-1-640x286.jpeg\" sizes=\"auto, (max-width: 640px) 100vw, 640px\" srcset=\"https:\/\/boldnews.al\/wp-content\/uploads\/2025\/07\/WhatsApp-Image-2025-07-18-at-17.32.26-1-640x286.jpeg 640w, https:\/\/boldnews.al\/wp-content\/uploads\/2025\/07\/WhatsApp-Image-2025-07-18-at-17.32.26-1-750x335.jpeg 750w, https:\/\/boldnews.al\/wp-content\/uploads\/2025\/07\/WhatsApp-Image-2025-07-18-at-17.32.26-1.jpeg 831w\" alt=\"\" width=\"640\" height=\"286\" data-pin-no-hover=\"true\" \/><figcaption id=\"caption-attachment-1577958\" class=\"wp-caption-text\"><em><strong>N\u00eb foto: K\u00ebshilli i Em\u00ebrimeve n\u00eb Drejt\u00ebsi<\/strong><\/em><\/figcaption><\/figure>\n<p>N\u00eb rast se Kuvendi do t\u00eb pranoj\u00eb \u201csugjerimin\u201d e Sadushit, gara rihapet s\u00ebrish. N\u00eb k\u00ebt\u00eb m\u00ebnyr\u00eb, kandidat\u00ebt e kualifikuar nga \u201clista e gatshme\u201d e kryetarit t\u00eb Gjykat\u00ebs s\u00eb Lart\u00eb, i kan\u00eb t\u00eb gjitha kartat p\u00ebr t\u00eb kandiduar dhe, me shum\u00eb mund\u00ebsi, nj\u00ebri prej tyre t\u00eb em\u00ebrohet.<\/p>\n<p>Pra, \u201cskenari\u201d i Sadushit krijon premisat q\u00eb ai, n\u00eb cil\u00ebsin\u00eb e kryetarit t\u00eb K\u00ebshillit t\u00eb Em\u00ebrimeve n\u00eb Drejt\u00ebsi, t\u00eb diktoj\u00eb edhe emrin e gjyqtarit kushtetues q\u00eb do t\u00eb zgjedh\u00eb Parlamenti, n\u00eb rast se procedura aktuale do t\u00eb pezullohet p\u00ebrfundimisht dhe do t\u00eb rihapet tjetra.<\/p>\n<p>Nd\u00ebrkoh\u00eb, paralelisht me k\u00ebto zhvillime, fal\u00eb edhe nj\u00eb k\u00ebmb\u00ebnguljeje publike t\u00eb Sokol Sadushit, presidenti i Republik\u00ebs, Bajram Begaj, i drejtoi n\u00eb k\u00ebrkes\u00eb Gjykat\u00ebs Kushtetuese n\u00eb janar 2025, n\u00eb t\u00eb cil\u00ebn k\u00ebrkohej \u201c<em>interpretimi i koh\u00ebzgjatjes s\u00eb mandave t\u00eb gjyqtar\u00ebve kushtetues<\/em>\u201d.<\/p>\n<p>N\u00eb fakt, q\u00ebllimi i v\u00ebrtet\u00eb i k\u00ebsaj k\u00ebrkese \u00ebsht\u00eb \u201c<em>nd\u00ebrprerja e mandatit t\u00eb gjyqtarit kushtetues<\/em>\u201d, si\u00e7 e citon vet\u00eb Begaj n\u00eb shkres\u00ebn e tij drejtuar Kushtetueses. N\u00eb brend\u00ebsi t\u00eb k\u00ebrkes\u00ebs, kreu i Shtetit e b\u00ebn t\u00ebr\u00ebsisht t\u00eb qart\u00eb se synon nd\u00ebrprerjen e parakohshme t\u00eb mandatit t\u00eb\u00a0<strong>gjyqtares Sonila Bejtja<\/strong>, e em\u00ebruar nga paraardh\u00ebsi i Begajt, Presidenti Ilir Meta.<\/p>\n<p>Begaj k\u00ebrkon largimin e Bejtjas, n\u00ebn\u00a0<a href=\"https:\/\/boldnews.al\/2025\/07\/17\/mandatet-e-kushtetueses-si-e-shperdoroi-kushtetuten-dhe-detyren-bajram-begaj\/\" target=\"_blank\" rel=\"noopener\">justifikimin<\/a>\u00a0e \u201c<em>skem\u00ebs s\u00eb rip\u00ebrt\u00ebritjes 3-vje\u00e7are t\u00eb gjyqtar\u00ebve kushtetues<\/em>\u201d, megjith\u00ebse gjyqtarja nuk p\u00ebrfshihet n\u00eb k\u00ebt\u00eb parashikim kushtetues.<\/p>\n<p>Gjykata Kushtetuese, me shum\u00eb mund\u00ebsi, pritet ta shqyrtoj\u00eb k\u00ebrkes\u00ebn e Begaj brenda vitit 2025. N\u00eb rast se shumica e gjyqtar\u00ebve kushtetues do t\u2019i binden \u201c<em>k\u00ebrkes\u00ebs s\u00eb Bajram Begajt<\/em>\u201d, por q\u00eb qart\u00ebsisht \u00ebsht\u00eb e nxitur nga Sokol Sadushi, at\u00ebher\u00eb tek Kushtetuesja krijohet vendi i tret\u00eb bosh brenda k\u00ebtij viti.<\/p>\n<p>Nj\u00eb vend bosh, i cili duhet t\u00eb mbushet nga kandidat\u00ebt q\u00eb do t\u00eb verifikohen nga K\u00ebshilli i Em\u00ebrimeve n\u00eb Drejt\u00ebsi, i drejtuar nga Sokol Sadushi.<\/p>\n<p>Tashm\u00eb, Sadushi ka \u201ckandidat\u00eb t\u00eb gatsh\u00ebm\u201d, t\u00eb verifikuar e t\u00eb kualifikuar dhe q\u00eb presin dhe shpresojn\u00eb vet\u00ebm n\u00eb \u201cdashamir\u00ebsin\u00eb\u201d e tij.<\/p>\n<p>Pra, e gjith\u00eb historia zb\u00ebrthehet n\u00eb nj\u00eb skenar t\u00eb till\u00eb- Sokol Sadushi\u00a0<strong>(1)<\/strong>\u00a0ka n\u00eb dor\u00eb vakanc\u00ebn e krijuar n\u00eb Gjykat\u00ebn Kushtetuese pas p\u00ebrfundimit t\u00eb mandatit t\u00eb Holta Za\u00e7aj;\u00a0<strong>(2)<\/strong>\u00a0po mundohet t\u00eb kontrolloj\u00eb procedurat e Kuvendit p\u00ebr emrin z\u00ebvend\u00ebsues t\u00eb gjyqtares s\u00eb dor\u00ebhequr, Elsa Toska; dhe\u00a0<strong>(3)<\/strong>\u00a0po luan t\u00eb gjith\u00eb fijet, duke p\u00ebrdorur presidentin Bajram Begaj, q\u00eb t\u00eb nd\u00ebrpres\u00eb mandatin e gjyqtares Sonila Bejtja.<\/p>\n<p>Synimi \u00ebsht\u00eb q\u00eb t\u00eb gjith\u00eb k\u00ebto l\u00ebvizje t\u00eb b\u00ebhen brenda vitit 2025, koh\u00eb kur Sokol Sadushi kontrollon K\u00ebshillin e Em\u00ebrimeve n\u00eb Drejt\u00ebsi.<\/p>\n<p>Pra, as m\u00eb shum\u00eb, as m\u00eb pak, se sa Sadushi synon t\u00eb godas\u00eb nj\u00eb gur e t\u00eb \u201crr\u00ebmbej\u00eb\u201d tre mandate n\u00eb Gjykat\u00ebn Kushtetuese.<\/p>\n","protected":false},"excerpt":{"rendered":"<p>Nga Boldnews.al P\u00ebr her\u00eb t\u00eb par\u00eb n\u00eb historin\u00eb e \u201cDrejt\u00ebsis\u00ebs \u00eb Re\u201d, thuajse t\u00eb gjith\u00eb kandidat\u00ebt q\u00eb kan\u00eb aplikuar p\u00ebr nj\u00eb post vakant n\u00eb Gjykat\u00ebn Kushtetuese, jan\u00eb kualifikuar. Kjo po ndodh s\u00eb fundmi me gar\u00ebn e shpallur nga Gjykata e Lart\u00eb, p\u00ebr plot\u00ebsimin e vakanc\u00ebs s\u00eb krijuar pas p\u00ebrfundimit t\u00eb mandatit t\u00eb an\u00ebtares dhe nj\u00ebkoh\u00ebsisht &hellip;<\/p>\n","protected":false},"author":4,"featured_media":119325,"comment_status":"closed","ping_status":"closed","sticky":false,"template":"","format":"standard","meta":{"footnotes":""},"categories":[37],"tags":[],"class_list":["post-119324","post","type-post","status-publish","format-standard","has-post-thumbnail","","category-politike"],"_links":{"self":[{"href":"https:\/\/rdnews.al\/index.php\/wp-json\/wp\/v2\/posts\/119324","targetHints":{"allow":["GET"]}}],"collection":[{"href":"https:\/\/rdnews.al\/index.php\/wp-json\/wp\/v2\/posts"}],"about":[{"href":"https:\/\/rdnews.al\/index.php\/wp-json\/wp\/v2\/types\/post"}],"author":[{"embeddable":true,"href":"https:\/\/rdnews.al\/index.php\/wp-json\/wp\/v2\/users\/4"}],"replies":[{"embeddable":true,"href":"https:\/\/rdnews.al\/index.php\/wp-json\/wp\/v2\/comments?post=119324"}],"version-history":[{"count":1,"href":"https:\/\/rdnews.al\/index.php\/wp-json\/wp\/v2\/posts\/119324\/revisions"}],"predecessor-version":[{"id":119326,"href":"https:\/\/rdnews.al\/index.php\/wp-json\/wp\/v2\/posts\/119324\/revisions\/119326"}],"wp:featuredmedia":[{"embeddable":true,"href":"https:\/\/rdnews.al\/index.php\/wp-json\/wp\/v2\/media\/119325"}],"wp:attachment":[{"href":"https:\/\/rdnews.al\/index.php\/wp-json\/wp\/v2\/media?parent=119324"}],"wp:term":[{"taxonomy":"category","embeddable":true,"href":"https:\/\/rdnews.al\/index.php\/wp-json\/wp\/v2\/categories?post=119324"},{"taxonomy":"post_tag","embeddable":true,"href":"https:\/\/rdnews.al\/index.php\/wp-json\/wp\/v2\/tags?post=119324"}],"curies":[{"name":"wp","href":"https:\/\/api.w.org\/{rel}","templated":true}]}}