{"id":119329,"date":"2025-07-18T17:54:26","date_gmt":"2025-07-18T17:54:26","guid":{"rendered":"https:\/\/rdnews.al\/?p=119329"},"modified":"2025-07-18T17:54:55","modified_gmt":"2025-07-18T17:54:55","slug":"corriere-della-sera-zbehet-numri-i-pushuesve-ne-shqiperi-rrritjet-e-cmimeve-dekurajojne-turistet","status":"publish","type":"post","link":"https:\/\/rdnews.al\/index.php\/2025\/07\/18\/corriere-della-sera-zbehet-numri-i-pushuesve-ne-shqiperi-rrritjet-e-cmimeve-dekurajojne-turistet\/","title":{"rendered":"Corriere della sera: Zbehet numri i pushuesve n\u00eb Shqip\u00ebri! Rritjet e \u00e7mimeve dekurajojn\u00eb turist\u00ebt"},"content":{"rendered":"<p>Duket se \u201cefekti Shqip\u00ebri\u201d, n\u00eb formatin e turizmit bregdetar, nuk ka m\u00eb t\u00eb nj\u00ebjt\u00ebn t\u00ebrheqje.<\/p>\n<p>Ose m\u00eb sakt\u00eb, nuk po josh m\u00eb at\u00eb kategori turist\u00ebsh italian\u00eb q\u00eb gjat\u00eb tre viteve t\u00eb fundit e kishin konsideruar Shqip\u00ebrin\u00eb nj\u00eb destinacion ekonomik p\u00ebr pushimet e ver\u00ebs p\u00ebrtej Adriatikut.<\/p>\n<p>\u201cP\u00ebr t\u00eb qen\u00eb t\u00eb sinqert\u00eb \u2013 shpjegon Michele Viola, drejtues i agjencis\u00eb turistike Goodays \u2013 q\u00eb n\u00eb fund t\u00eb sezonit t\u00eb kaluar vum\u00eb re se filloi r\u00ebnia. Nj\u00eb prirje q\u00eb k\u00ebt\u00eb vit, n\u00eb 2025, \u00ebsht\u00eb b\u00ebr\u00eb shum\u00eb m\u00eb e dukshme: kemi shum\u00eb pak k\u00ebrkesa p\u00ebr pushime n\u00eb bregdetin shqiptar, nd\u00ebrsa grupet e organizuara po orientohen drejt alternativave t\u00eb tjera\u201d.<\/p>\n<p>Sipas t\u00eb dh\u00ebnave t\u00eb k\u00ebsaj agjencie n\u00eb Bari, fluksi i turist\u00ebve italian\u00eb drejt Shqip\u00ebris\u00eb ka r\u00ebn\u00eb ndjesh\u00ebm krahasuar me tre vite m\u00eb par\u00eb, kur pati nj\u00eb rritje prej 30% fal\u00eb p\u00ebrfitimeve ekonomike dhe bukurive natyrore.<\/p>\n<p>\u201cDuhet th\u00ebn\u00eb tro\u00e7 \u2013 vijon Viola \u2013 se t\u00eb ardhurat e familjeve italiane po tkurren n\u00eb m\u00ebnyr\u00eb t\u00eb vazhdueshme dhe organizimi i pushimeve \u00ebsht\u00eb gjithnj\u00eb e m\u00eb i v\u00ebshtir\u00eb. M\u00eb par\u00eb, Shqip\u00ebria ofronte nj\u00eb raport t\u00eb favorsh\u00ebm mes \u00e7mimit dhe sh\u00ebrbimit, por sot kjo baraspesh\u00eb nuk ekziston m\u00eb. Rezervimet jan\u00eb m\u00eb pak se gjysma e atyre q\u00eb kishim tre vjet m\u00eb par\u00eb.<\/p>\n<p><span style=\"font-style: inherit; font-weight: inherit;\">Agjencia jon\u00eb po orienton pun\u00ebn drejt tureve t\u00eb organizuara n\u00eb destinacione si Egjipti, Dubai apo Spanja, dhe fal\u00eb k\u00ebsaj strategjie, qarkullimi yn\u00eb \u00ebsht\u00eb rritur. Nd\u00ebrsa ata q\u00eb nuk zgjedhin t\u00eb udh\u00ebtojn\u00eb jasht\u00eb vendit, preferojn\u00eb t\u00eb q\u00ebndrojn\u00eb n\u00eb Puglia dhe t\u00eb shfryt\u00ebzojn\u00eb fundjavat n\u00eb destinacione bregdetare duke p\u00ebrdorur strukturat Bed &amp; Breakfast\u201d.<\/span><\/p>\n<p>Sipas Massimo Salomone, koordinator i sektorit t\u00eb turizmit n\u00eb Confindustria Puglia dhe president i deg\u00ebs n\u00eb Bari dhe BAT, \u201cShqip\u00ebria ka sh\u00ebnuar padyshim rritje si destinacion, fal\u00eb investimeve t\u00eb shpejta infrastrukturore dhe nj\u00eb burokracie m\u00eb fleksib\u00ebl, por lidhja e saj me konceptin e turizmit t\u00eb lir\u00eb shpesh \u00ebsht\u00eb e gabuar.<\/p>\n<p>Ka element\u00eb t\u00eb ofert\u00ebs turistike shqiptare q\u00eb k\u00ebrkojn\u00eb kujdes, si cil\u00ebsia e sh\u00ebrbimeve, transparenca n\u00eb \u00e7mime dhe niveli i p\u00ebrgjithsh\u00ebm i ofert\u00ebs \u2013 si\u00e7 jan\u00eb raportuar nga shum\u00eb turist\u00eb italian\u00eb. Q\u00ebllimi yn\u00eb nuk \u00ebsht\u00eb t\u00eb thellojm\u00eb konkurrenc\u00ebn, por t\u00eb nd\u00ebrtojm\u00eb sinergji pozitive.<\/p>\n<p>Shqip\u00ebria dhe Puglia ndajn\u00eb t\u00eb nj\u00ebjtin det dhe trash\u00ebgimi kulturore, q\u00eb mund t\u00eb sh\u00ebrbej\u00eb si baz\u00eb p\u00ebr projekte t\u00eb p\u00ebrbashk\u00ebta n\u00eb fush\u00ebn e turizmit dhe infrastruktur\u00ebs. Megjithat\u00eb, duhet theksuar se Italia, dhe ve\u00e7an\u00ebrisht Puglia, mbetet nj\u00eb destinacion shum\u00eb i dashur p\u00ebr turist\u00ebt italian\u00eb\u201d.<\/p>\n<p>N\u00eb p\u00ebrfundim, problemi q\u00ebndron tek rritja e kostove q\u00eb prek shtres\u00ebn e mesme.<\/p>\n<p>\u201cAjo pjes\u00eb e klientel\u00ebs q\u00eb m\u00eb par\u00eb ishte e gatshme t\u00eb pranonte sh\u00ebrbime jo shum\u00eb t\u00eb sofistikuara n\u00eb k\u00ebmbim t\u00eb nj\u00eb \u00e7mimi t\u00eb leverdissh\u00ebm \u2013 p\u00ebrfundon Piero Innocenti, z\u00ebvend\u00ebspresident i Fiavet Puglia \u2013 sot nuk gjen m\u00eb arsye p\u00ebr t\u00eb shkuar n\u00eb Shqip\u00ebri, sepse nuk e ndjen m\u00eb p\u00ebrfitimin.<\/p>\n<p>Mesa duket, tarifat n\u00eb Shqip\u00ebri jan\u00eb rritur dhe kjo po i pengon pushuesit. E nj\u00ebjta gj\u00eb po ndodh edhe n\u00eb Kroaci dhe Mal t\u00eb Zi, nd\u00ebrsa Greqia ende po q\u00ebndron mir\u00eb.<\/p>\n<p>Nd\u00ebrkoh\u00eb, segmenti i udh\u00ebtimeve me kro\u00e7er\u00eb po performon mir\u00eb, edhe gjat\u00eb muajve shtator dhe tetor. Sa p\u00ebr Puglian? Sektori po ec\u00ebn me ritmet e nj\u00ebjta si viti i kaluar, dhe lidhjet ajrore nd\u00ebrkomb\u00ebtare po ndihmojn\u00eb n\u00eb rritjen e m\u00ebtejshme t\u00eb turizmit n\u00eb rajon\u201d.\/\u00a0<a href=\"https:\/\/bari.corriere.it\/notizie\/cronaca\/25_luglio_18\/i-rincari-scoraggiano-i-turisti-effetto-albania-in-calo-la-retromarcia-dei-vacanzieri-che-ora-scelgono-la-puglia-154f70ae-b23d-45cc-b36f-00591009fxlk.shtml\" target=\"_blank\" rel=\"noopener\">Corriere della sera<\/a><\/p>\n","protected":false},"excerpt":{"rendered":"<p>Duket se \u201cefekti Shqip\u00ebri\u201d, n\u00eb formatin e turizmit bregdetar, nuk ka m\u00eb t\u00eb nj\u00ebjt\u00ebn t\u00ebrheqje. Ose m\u00eb sakt\u00eb, nuk po josh m\u00eb at\u00eb kategori turist\u00ebsh italian\u00eb q\u00eb gjat\u00eb tre viteve t\u00eb fundit e kishin konsideruar Shqip\u00ebrin\u00eb nj\u00eb destinacion ekonomik p\u00ebr pushimet e ver\u00ebs p\u00ebrtej Adriatikut. \u201cP\u00ebr t\u00eb qen\u00eb t\u00eb sinqert\u00eb \u2013 shpjegon Michele Viola, drejtues &hellip;<\/p>\n","protected":false},"author":4,"featured_media":119330,"comment_status":"closed","ping_status":"closed","sticky":false,"template":"","format":"standard","meta":{"footnotes":""},"categories":[37],"tags":[],"class_list":["post-119329","post","type-post","status-publish","format-standard","has-post-thumbnail","","category-politike"],"_links":{"self":[{"href":"https:\/\/rdnews.al\/index.php\/wp-json\/wp\/v2\/posts\/119329","targetHints":{"allow":["GET"]}}],"collection":[{"href":"https:\/\/rdnews.al\/index.php\/wp-json\/wp\/v2\/posts"}],"about":[{"href":"https:\/\/rdnews.al\/index.php\/wp-json\/wp\/v2\/types\/post"}],"author":[{"embeddable":true,"href":"https:\/\/rdnews.al\/index.php\/wp-json\/wp\/v2\/users\/4"}],"replies":[{"embeddable":true,"href":"https:\/\/rdnews.al\/index.php\/wp-json\/wp\/v2\/comments?post=119329"}],"version-history":[{"count":2,"href":"https:\/\/rdnews.al\/index.php\/wp-json\/wp\/v2\/posts\/119329\/revisions"}],"predecessor-version":[{"id":119332,"href":"https:\/\/rdnews.al\/index.php\/wp-json\/wp\/v2\/posts\/119329\/revisions\/119332"}],"wp:featuredmedia":[{"embeddable":true,"href":"https:\/\/rdnews.al\/index.php\/wp-json\/wp\/v2\/media\/119330"}],"wp:attachment":[{"href":"https:\/\/rdnews.al\/index.php\/wp-json\/wp\/v2\/media?parent=119329"}],"wp:term":[{"taxonomy":"category","embeddable":true,"href":"https:\/\/rdnews.al\/index.php\/wp-json\/wp\/v2\/categories?post=119329"},{"taxonomy":"post_tag","embeddable":true,"href":"https:\/\/rdnews.al\/index.php\/wp-json\/wp\/v2\/tags?post=119329"}],"curies":[{"name":"wp","href":"https:\/\/api.w.org\/{rel}","templated":true}]}}