{"id":119333,"date":"2025-07-18T18:10:52","date_gmt":"2025-07-18T18:10:52","guid":{"rendered":"https:\/\/rdnews.al\/?p=119333"},"modified":"2025-07-18T18:11:18","modified_gmt":"2025-07-18T18:11:18","slug":"alimehmeti-doli-fytyra-e-vertete-e-edi-rames-pas-zgjedhjeve-po-sundon-si-dictator","status":"publish","type":"post","link":"https:\/\/rdnews.al\/index.php\/2025\/07\/18\/alimehmeti-doli-fytyra-e-vertete-e-edi-rames-pas-zgjedhjeve-po-sundon-si-dictator\/","title":{"rendered":"Alimehmeti: Doli fytyra e v\u00ebrtet\u00eb e Edi Ram\u00ebs pas zgjedhjeve, po sundon si diktator"},"content":{"rendered":"<p>Ish-kandidati p\u00ebr deputet, Ilir Alimehmeti ka hedhur akuza ndaj kryeministrit Edi Rama p\u00ebr sjellje autokratike dhe p\u00ebr uzurpim t\u00eb institucioneve shtet\u00ebrore.<\/p>\n<p>Sipas Alimehmetit, mandati i kat\u00ebrt i Ram\u00ebs po shoq\u00ebrohet me nj\u00eb p\u00ebrqendrim ekstrem pushteti, ku ai po e trajton Shqip\u00ebrin\u00eb si pron\u00ebn e tij, n\u00eb shkelje t\u00eb ligjeve dhe t\u00eb Kushtetut\u00ebs.<\/p>\n<p>Ai ve\u00e7oi nd\u00ebrhyrjet e Ram\u00ebs n\u00eb bashkit\u00eb e vendit, sidomos n\u00eb Tiran\u00eb pas arrestimit t\u00eb Erion Veliajt, duke e akuzuar p\u00ebr kontroll total dhe p\u00ebr largim nga \u00e7do standard demokratik.<\/p>\n<p>\u201cKryeministri po sillet n\u00eb fakt ashtu si\u00e7 \u00ebsht\u00eb, di\u00e7ka nd\u00ebrmjet autokrat\u00ebve dhe diktatorit, komplet n\u00eb shkelje t\u00eb \u00e7do ligji. Ishte shum\u00eb e qart\u00eb dhe k\u00ebto sjellje filluan q\u00eb p\u00ebrpara zgjedhjeve t\u00eb pushtetit vendor. Q\u00eb pas arrestimit t\u00eb Erion Veliaj, ai mori menj\u00ebher\u00eb kontrollin e Bashkis\u00eb s\u00eb Tiran\u00ebs, duke u sjell\u00eb praktikisht si kryetari i Bashkis\u00eb s\u00eb Tiran\u00ebs.<\/p>\n<p>Duke thirrur n\u00eb mbledhjet masive n\u00eb shesh t\u00eb gjith\u00eb punonj\u00ebsit e Tiran\u00ebs, duke i hequr nga pun\u00ebt e p\u00ebrditshme. E kemi denoncuar edhe m\u00eb par\u00eb, por duke qen\u00eb n\u00eb fushat\u00eb, patjet\u00ebr ai ishte m\u00eb i mbuluar dhe mundohej mos t\u00eb ekspozohej kaq shum\u00eb, por fytyra e tij doli. Doli fytyra e v\u00ebrtet\u00eb e Edi Ram\u00ebs pas zgjedhjeve, dhe k\u00ebt\u00eb gj\u00eb nuk e b\u00ebn vet\u00ebm me Tiran\u00ebn, por me t\u00eb gjith\u00eb Shqip\u00ebrin\u00eb. Shkon n\u00eb \u00e7do bashki dhe k\u00ebrkon shkarkimin e menj\u00ebhersh\u00ebm t\u00eb drejtor\u00ebve dhe \u00ebsht\u00eb n\u00eb shkelje t\u00eb Kushtetut\u00ebs. Ky \u00ebsht\u00eb nj\u00eb hap larg funksionimit qoft\u00eb per\u00ebndimor apo edhe lindor, sepse praktikisht na sjell n\u00eb diktatur\u00eb\u201d, tha Alimehmeti n\u00eb Syri TV.<\/p>\n","protected":false},"excerpt":{"rendered":"<p>Ish-kandidati p\u00ebr deputet, Ilir Alimehmeti ka hedhur akuza ndaj kryeministrit Edi Rama p\u00ebr sjellje autokratike dhe p\u00ebr uzurpim t\u00eb institucioneve shtet\u00ebrore. Sipas Alimehmetit, mandati i kat\u00ebrt i Ram\u00ebs po shoq\u00ebrohet me nj\u00eb p\u00ebrqendrim ekstrem pushteti, ku ai po e trajton Shqip\u00ebrin\u00eb si pron\u00ebn e tij, n\u00eb shkelje t\u00eb ligjeve dhe t\u00eb Kushtetut\u00ebs. Ai ve\u00e7oi nd\u00ebrhyrjet &hellip;<\/p>\n","protected":false},"author":4,"featured_media":83456,"comment_status":"closed","ping_status":"closed","sticky":false,"template":"","format":"standard","meta":{"footnotes":""},"categories":[37],"tags":[],"class_list":["post-119333","post","type-post","status-publish","format-standard","has-post-thumbnail","","category-politike"],"_links":{"self":[{"href":"https:\/\/rdnews.al\/index.php\/wp-json\/wp\/v2\/posts\/119333","targetHints":{"allow":["GET"]}}],"collection":[{"href":"https:\/\/rdnews.al\/index.php\/wp-json\/wp\/v2\/posts"}],"about":[{"href":"https:\/\/rdnews.al\/index.php\/wp-json\/wp\/v2\/types\/post"}],"author":[{"embeddable":true,"href":"https:\/\/rdnews.al\/index.php\/wp-json\/wp\/v2\/users\/4"}],"replies":[{"embeddable":true,"href":"https:\/\/rdnews.al\/index.php\/wp-json\/wp\/v2\/comments?post=119333"}],"version-history":[{"count":2,"href":"https:\/\/rdnews.al\/index.php\/wp-json\/wp\/v2\/posts\/119333\/revisions"}],"predecessor-version":[{"id":119335,"href":"https:\/\/rdnews.al\/index.php\/wp-json\/wp\/v2\/posts\/119333\/revisions\/119335"}],"wp:featuredmedia":[{"embeddable":true,"href":"https:\/\/rdnews.al\/index.php\/wp-json\/wp\/v2\/media\/83456"}],"wp:attachment":[{"href":"https:\/\/rdnews.al\/index.php\/wp-json\/wp\/v2\/media?parent=119333"}],"wp:term":[{"taxonomy":"category","embeddable":true,"href":"https:\/\/rdnews.al\/index.php\/wp-json\/wp\/v2\/categories?post=119333"},{"taxonomy":"post_tag","embeddable":true,"href":"https:\/\/rdnews.al\/index.php\/wp-json\/wp\/v2\/tags?post=119333"}],"curies":[{"name":"wp","href":"https:\/\/api.w.org\/{rel}","templated":true}]}}