{"id":119370,"date":"2025-07-19T11:01:05","date_gmt":"2025-07-19T11:01:05","guid":{"rendered":"https:\/\/rdnews.al\/?p=119370"},"modified":"2025-07-19T11:01:05","modified_gmt":"2025-07-19T11:01:05","slug":"shba-nis-sanksionet-ndaj-brazilit-pas-goditjes-te-liderit-te-se-djathtes","status":"publish","type":"post","link":"https:\/\/rdnews.al\/index.php\/2025\/07\/19\/shba-nis-sanksionet-ndaj-brazilit-pas-goditjes-te-liderit-te-se-djathtes\/","title":{"rendered":"SHBA nis sanksionet ndaj Brazilit pas goditjes t\u00eb liderit t\u00eb s\u00eb djatht\u00ebs"},"content":{"rendered":"<p>Uashingtoni ka revokuar vizat e gjyqtar\u00ebve brazilian\u00eb q\u00eb drejtojn\u00eb gjyqin e Bolsonaros.<\/p>\n<p>Shtetet e Bashkuara kan\u00eb revokuar viz\u00ebn e gjyqtarit brazilian q\u00eb kryeson gjyqin e Jair Bolsonaros, pas vendimit t\u00eb tij p\u00ebr t\u2019i k\u00ebrkuar ish-presidentit brazilian t\u00eb mbaj\u00eb nj\u00eb byzylyk elektronik, sipas nj\u00eb deklarate t\u00eb l\u00ebshuar nga Sekretari i Shtetit t\u00eb SHBA-s\u00eb, Marco Rubio t\u00eb premten.<\/p>\n<p>\u201cGjykimi i gjyqtarit t\u00eb Gjykat\u00ebs Supreme t\u00eb Brazilit, Alexandre de Moraes, kund\u00ebr Jair Bolsonaros ka krijuar nj\u00eb nivel persekutimi dhe censure q\u00eb jo vet\u00ebm shkel t\u00eb drejtat themelore t\u00eb brazilian\u00ebve, por shtrihet p\u00ebrtej brigjeve braziliane tek amerikan\u00ebt\u201d, tha Rubio n\u00eb nj\u00eb deklarat\u00eb.<\/p>\n<p>Marco Rubio sqaroi se k\u00ebto sanksione amerikane do t\u00eb zbatohen p\u00ebr t\u00eb gjith\u00eb gjyqtar\u00ebt q\u00eb drejtojn\u00eb gjyqin e Bolsonaros, si dhe p\u00ebr t\u00eb af\u00ebrmit e tyre t\u00eb ngusht\u00eb.<\/p>\n<p>Gjyqi i ish-presidentit t\u00eb djatht\u00eb t\u00eb Brazilit p\u00ebr dyshimin e p\u00ebrpjekjes p\u00ebr nj\u00eb grusht shteti kund\u00ebr presidentit aktual t\u00eb vendit, Luiz Inacio Lula da Silva, pritet t\u00eb p\u00ebrfundoj\u00eb n\u00eb jav\u00ebt e ardhshme. Ish-kreu i shtetit mund t\u00eb p\u00ebrballet me m\u00eb shum\u00eb se 40 vjet burg.<\/p>\n<p>P\u00ebrve\u00e7 mbajtjes s\u00eb nj\u00eb byzylyku elektronik, Jair Bolsonaro \u00ebsht\u00eb gjithashtu i detyruar t\u00eb q\u00ebndroj\u00eb n\u00eb sht\u00ebpi nat\u00ebn dhe n\u00eb fundjav\u00eb dhe i ndalohet t\u00eb p\u00ebrdor\u00eb mediat sociale dhe t\u00eb kontaktoj\u00eb ambasadat dhe autoritetet e huaja.<\/p>\n<p>Duke reaguar ndaj asaj q\u00eb ai e akuzon si nj\u00eb \u201cgjueti shtrigash\u201d kund\u00ebr aleatit t\u00eb tij, presidenti i SHBA-s\u00eb Donald Trump k\u00ebrc\u00ebnoi gjithashtu Brazilin jav\u00ebn e kaluar me vendosjen e tarifave doganore prej 50% nga 1 gushti.<\/p>\n","protected":false},"excerpt":{"rendered":"<p>Uashingtoni ka revokuar vizat e gjyqtar\u00ebve brazilian\u00eb q\u00eb drejtojn\u00eb gjyqin e Bolsonaros. Shtetet e Bashkuara kan\u00eb revokuar viz\u00ebn e gjyqtarit brazilian q\u00eb kryeson gjyqin e Jair Bolsonaros, pas vendimit t\u00eb tij p\u00ebr t\u2019i k\u00ebrkuar ish-presidentit brazilian t\u00eb mbaj\u00eb nj\u00eb byzylyk elektronik, sipas nj\u00eb deklarate t\u00eb l\u00ebshuar nga Sekretari i Shtetit t\u00eb SHBA-s\u00eb, Marco Rubio t\u00eb &hellip;<\/p>\n","protected":false},"author":3,"featured_media":119371,"comment_status":"closed","ping_status":"closed","sticky":false,"template":"","format":"standard","meta":{"footnotes":""},"categories":[38],"tags":[],"class_list":["post-119370","post","type-post","status-publish","format-standard","has-post-thumbnail","","category-bota"],"_links":{"self":[{"href":"https:\/\/rdnews.al\/index.php\/wp-json\/wp\/v2\/posts\/119370","targetHints":{"allow":["GET"]}}],"collection":[{"href":"https:\/\/rdnews.al\/index.php\/wp-json\/wp\/v2\/posts"}],"about":[{"href":"https:\/\/rdnews.al\/index.php\/wp-json\/wp\/v2\/types\/post"}],"author":[{"embeddable":true,"href":"https:\/\/rdnews.al\/index.php\/wp-json\/wp\/v2\/users\/3"}],"replies":[{"embeddable":true,"href":"https:\/\/rdnews.al\/index.php\/wp-json\/wp\/v2\/comments?post=119370"}],"version-history":[{"count":1,"href":"https:\/\/rdnews.al\/index.php\/wp-json\/wp\/v2\/posts\/119370\/revisions"}],"predecessor-version":[{"id":119372,"href":"https:\/\/rdnews.al\/index.php\/wp-json\/wp\/v2\/posts\/119370\/revisions\/119372"}],"wp:featuredmedia":[{"embeddable":true,"href":"https:\/\/rdnews.al\/index.php\/wp-json\/wp\/v2\/media\/119371"}],"wp:attachment":[{"href":"https:\/\/rdnews.al\/index.php\/wp-json\/wp\/v2\/media?parent=119370"}],"wp:term":[{"taxonomy":"category","embeddable":true,"href":"https:\/\/rdnews.al\/index.php\/wp-json\/wp\/v2\/categories?post=119370"},{"taxonomy":"post_tag","embeddable":true,"href":"https:\/\/rdnews.al\/index.php\/wp-json\/wp\/v2\/tags?post=119370"}],"curies":[{"name":"wp","href":"https:\/\/api.w.org\/{rel}","templated":true}]}}