{"id":119384,"date":"2025-07-19T18:46:33","date_gmt":"2025-07-19T18:46:33","guid":{"rendered":"https:\/\/rdnews.al\/?p=119384"},"modified":"2025-07-19T18:48:16","modified_gmt":"2025-07-19T18:48:16","slug":"malltezi-si-urdheroi-rama-prokuroret-ne-kongres-dhe-drejtesia-u-kthye-ne-instrument","status":"publish","type":"post","link":"https:\/\/rdnews.al\/index.php\/2025\/07\/19\/malltezi-si-urdheroi-rama-prokuroret-ne-kongres-dhe-drejtesia-u-kthye-ne-instrument\/","title":{"rendered":"Malltezi: Si urdh\u00ebroi Rama prokuror\u00ebt n\u00eb Kongresin e PS dhe drejt\u00ebsia u kthye n\u00eb instrument"},"content":{"rendered":"<p>Jamarb\u00ebr Malltezi ka reaguar n\u00eb rrjetet sociale ndaj kryeministrit Edi Rama dhe drejt\u00ebsis\u00eb shqiptare, duke i cil\u00ebsuar hetimet ndaj familjes Berisha\u00a0si t\u00eb porositura politikisht.<\/p>\n<p>N\u00eb nj\u00eb postim n\u00eb Facebook, ai shprehet se gjat\u00eb Kongresit t\u00eb Partis\u00eb Socialiste n\u00eb prill t\u00eb vitit 2022, Rama ka urdh\u00ebruar nisjen e procedimit penal ndaj Berish\u00ebs dhe m\u00eb pas, sipas Malltezit,<em>\u00a0prokuror\u00eb t\u00eb n\u00ebnshtruar apo militant\u00eb partie nis\u00ebn hetime 30-vje\u00e7are n\u00eb tri brezni, deri tek mbesat e palindura t\u00eb Sali Berish\u00ebs.<\/em><\/p>\n<p>Malltezi ka publikuar nj\u00eb nga k\u00ebrkesat e hetimit q\u00eb daton nga viti 1995, p\u00ebr t\u00eb treguar sipas tij absurdin e procesit. Ai shton n\u00eb nj\u00eb tjet\u00ebr status se \u201cpisll\u00ebku nuk ka kufi\u201d, duke iu referuar nj\u00eb rasti ku, \u00ebsht\u00eb k\u00ebrkuar arrestimi i liderit t\u00eb opozit\u00ebs me pretendimin se duheshin hetuar masat kund\u00ebr zjarrit n\u00eb pallate t\u00eb nd\u00ebrtuara n\u00eb tokat e \u201cpronar\u00ebve fisnik\u00eb t\u00eb Tiran\u00ebs\u201d. Ai akuzon drejtp\u00ebrdrejt ish-ministrin e Brendsh\u00ebm, Taulant Balla, duke ironizuar me nj\u00eb emoji t\u00eb neveris\u00eb, i cili ve\u00e7 t\u00eb tjerave ka b\u00ebr\u00eb edhe kall\u00ebzim t\u00eb rrem\u00eb dhe ende nuk merret n\u00eb hetim nga drejt\u00ebsia.<\/p>\n<div class=\"readmore-text-here\">\n<div class=\"fotogaleri\">\n<div class=\"bx-wrapper\">\n<div class=\"bx-viewport\">\n<ul class=\"read-slider\">\n<li><a href=\"https:\/\/www.syri.net\/fotogaleria\/805763\/hetime-absurde-ne-tre-breza-malltezi-si-urdheroi-rama-prokuroret-ne-kongres-dhe-drejtesia-u-kthye-ne-instrument\/\" target=\"_blank\" rel=\"noopener\"><img decoding=\"async\" src=\"https:\/\/www.syri.net\/uploads\/syri.net\/images\/2025\/July\/19\/auto_520424357_10162479628273190_8819485829436872722_n1752930193.jpg\" \/><i class=\"fa fa-search-plus syri_zoom\" aria-hidden=\"true\"><\/i><\/a><\/li>\n<\/ul>\n<\/div>\n<div class=\"bx-controls bx-has-pager bx-has-controls-direction\">\n<div class=\"bx-pager bx-default-pager\">1 \/ 6<\/div>\n<div class=\"bx-controls-direction\"><a class=\"bx-prev\" href=\"https:\/\/www.syri.net\/politike\/805763\/hetime-absurde-ne-tre-breza-malltezi-si-urdheroi-rama-prokuroret-ne-kongres-dhe-drejtesia-u-kthye-ne-instrument\/\" target=\"_blank\" rel=\"noopener\">Prev<\/a><a class=\"bx-next\" href=\"https:\/\/www.syri.net\/politike\/805763\/hetime-absurde-ne-tre-breza-malltezi-si-urdheroi-rama-prokuroret-ne-kongres-dhe-drejtesia-u-kthye-ne-instrument\/\" target=\"_blank\" rel=\"noopener\">Next<\/a><\/div>\n<\/div>\n<\/div>\n<\/div>\n<p>Postimit i jan\u00eb bashkangjitur edhe disa dokumente q\u00eb,\u00a0tregojn\u00eb p\u00ebrpjekjet e drejt\u00ebsis\u00eb p\u00ebr t\u00eb justifikuar nj\u00eb proces t\u00eb motivuar politikisht ndaj Berish\u00ebs dhe familjar\u00ebve t\u00eb tij.<\/p>\n<p><strong>Postimi\u00a0<\/strong><\/p>\n<p>Edi Rama n\u00eb kongresin e PS n\u00eb Prill 2022 urdh\u00ebroi procedimin e Sali Berish\u00ebs dhe prokuror\u00ebt e n\u00ebnshtruar apo militant\u00eb partie nis\u00ebn hetime 30 vje\u00e7are n\u00eb 3 brezni deri tek mbesat e palindura t\u00eb Sali Berish\u00ebs. Ja 1 nga k\u00ebto k\u00ebrkesa e p\u00ebrgjigja nga 1995!<\/p>\n<p><iframe loading=\"lazy\" src=\"https:\/\/www.facebook.com\/plugins\/post.php?href=https%3A%2F%2Fwww.facebook.com%2Fabi.malltezi%2Fposts%2Fpfbid02Yw38EMsu9T2MGbifAqmYd9GQzRBUAuWKLaVM1vKTbPxhytV8n3xRdGNpNJYmPxa8l&amp;show_text=true&amp;width=500\" width=\"500\" height=\"620\" frameborder=\"0\" scrolling=\"no\" allowfullscreen=\"allowfullscreen\" data-mce-fragment=\"1\"><\/iframe><\/p>\n<p><strong>Postimi\u00a0<\/strong><\/p>\n<p>Pisll\u00ebk pa kufi: k\u00ebrkuan arrest t\u00eb liderit t\u00eb opozit\u00ebs se i duhej t\u00eb hetonin nga taulant balla a kishte apo nuk kishte masa kund\u00ebr zjarrit pallatet n\u00eb tok\u00ebn e pronat\u00ebve fisnik\u00eb t\u00eb Tiran\u00ebs.<\/p>\n<p><iframe loading=\"lazy\" src=\"https:\/\/www.facebook.com\/plugins\/post.php?href=https%3A%2F%2Fwww.facebook.com%2Fabi.malltezi%2Fposts%2Fpfbid02f2zDuCyTzcfyDnjq5qPryAEr6Z1yDsPEz1uKK9v3g8gaojsbE59ydB5Rqv9eQhM9l&amp;show_text=true&amp;width=500\" width=\"500\" height=\"628\" frameborder=\"0\" scrolling=\"no\" allowfullscreen=\"allowfullscreen\" data-mce-fragment=\"1\"><\/iframe><\/p>\n<\/div>\n<div id=\"rekl-45\"><\/div>\n<div id=\"rekl-16\"><\/div>\n<div id=\"rekl-33\"><\/div>\n","protected":false},"excerpt":{"rendered":"<p>Jamarb\u00ebr Malltezi ka reaguar n\u00eb rrjetet sociale ndaj kryeministrit Edi Rama dhe drejt\u00ebsis\u00eb shqiptare, duke i cil\u00ebsuar hetimet ndaj familjes Berisha\u00a0si t\u00eb porositura politikisht. N\u00eb nj\u00eb postim n\u00eb Facebook, ai shprehet se gjat\u00eb Kongresit t\u00eb Partis\u00eb Socialiste n\u00eb prill t\u00eb vitit 2022, Rama ka urdh\u00ebruar nisjen e procedimit penal ndaj Berish\u00ebs dhe m\u00eb pas, sipas &hellip;<\/p>\n","protected":false},"author":4,"featured_media":118732,"comment_status":"closed","ping_status":"closed","sticky":false,"template":"","format":"standard","meta":{"footnotes":""},"categories":[37],"tags":[],"class_list":["post-119384","post","type-post","status-publish","format-standard","has-post-thumbnail","","category-politike"],"_links":{"self":[{"href":"https:\/\/rdnews.al\/index.php\/wp-json\/wp\/v2\/posts\/119384","targetHints":{"allow":["GET"]}}],"collection":[{"href":"https:\/\/rdnews.al\/index.php\/wp-json\/wp\/v2\/posts"}],"about":[{"href":"https:\/\/rdnews.al\/index.php\/wp-json\/wp\/v2\/types\/post"}],"author":[{"embeddable":true,"href":"https:\/\/rdnews.al\/index.php\/wp-json\/wp\/v2\/users\/4"}],"replies":[{"embeddable":true,"href":"https:\/\/rdnews.al\/index.php\/wp-json\/wp\/v2\/comments?post=119384"}],"version-history":[{"count":2,"href":"https:\/\/rdnews.al\/index.php\/wp-json\/wp\/v2\/posts\/119384\/revisions"}],"predecessor-version":[{"id":119386,"href":"https:\/\/rdnews.al\/index.php\/wp-json\/wp\/v2\/posts\/119384\/revisions\/119386"}],"wp:featuredmedia":[{"embeddable":true,"href":"https:\/\/rdnews.al\/index.php\/wp-json\/wp\/v2\/media\/118732"}],"wp:attachment":[{"href":"https:\/\/rdnews.al\/index.php\/wp-json\/wp\/v2\/media?parent=119384"}],"wp:term":[{"taxonomy":"category","embeddable":true,"href":"https:\/\/rdnews.al\/index.php\/wp-json\/wp\/v2\/categories?post=119384"},{"taxonomy":"post_tag","embeddable":true,"href":"https:\/\/rdnews.al\/index.php\/wp-json\/wp\/v2\/tags?post=119384"}],"curies":[{"name":"wp","href":"https:\/\/api.w.org\/{rel}","templated":true}]}}