{"id":119388,"date":"2025-07-19T19:17:22","date_gmt":"2025-07-19T19:17:22","guid":{"rendered":"https:\/\/rdnews.al\/?p=119388"},"modified":"2025-07-19T19:21:13","modified_gmt":"2025-07-19T19:21:13","slug":"berisha-pret-deputetin-e-forza-italia-edi-rama-e-kthehu-shqiperine-ne-nje-narko-shtet-ne-nje-rrezik-real-per-be-ne","status":"publish","type":"post","link":"https:\/\/rdnews.al\/index.php\/2025\/07\/19\/berisha-pret-deputetin-e-forza-italia-edi-rama-e-kthehu-shqiperine-ne-nje-narko-shtet-ne-nje-rrezik-real-per-be-ne\/","title":{"rendered":"Berisha pret deputetin e Forza Italia: Shqip\u00ebria \u00ebsht\u00eb kthyer nga Edi Rama n\u00eb t\u00eb vetmin narko-shtet n\u00eb Europ\u00eb"},"content":{"rendered":"<p>Kryetari i PD, Sali Berisha ka pritur nw njw takim deputetin dhe nj\u00eb nga drejtuesit e Forza Italia, Alessandro Battilocchio. Berisha shkruan se, kryetar i Komisionit hetimor t\u00eb Parlamentit Italian p\u00ebr sigurin\u00eb e qyteteve dhe nj\u00eb mik i vyer i Partis\u00eb Demokratike i cili ndjek n\u00eb nj\u00eb m\u00ebnyr\u00eb tejet aktive zhvillimet e Shqip\u00ebris\u00eb dhe demokracis\u00eb shqiptare.<\/p>\n<p><strong>Postimi<\/strong><\/p>\n<p>Forza Italia, gjithmon\u00eb n\u00eb krah t\u00eb Shqip\u00ebris\u00eb!<\/p>\n<p>Pata k\u00ebnaq\u00ebsin\u00eb e ve\u00e7ant\u00eb t\u00eb prisja n\u00eb takim Deputetin dhe nj\u00eb nga drejtuesit e Forza Italia, Z.Alessandro Battilocchio, Kryetar i Komisionit hetimor t\u00eb Parlamentit Italian p\u00ebr sigurin\u00eb e qyteteve dhe nj\u00eb mik i vyer i Partis\u00eb Demokratike i cili ndjek n\u00eb nj\u00eb m\u00ebnyr\u00eb tejet aktive zhvillimet e Shqip\u00ebris\u00eb dhe demokracis\u00eb shqiptare.<\/p>\n<p>E falenderova Deputetin Battilocchio p\u00ebr mb\u00ebshtetjen e ofruar nga Forza Italia gjat\u00eb zgjedhjeve t\u00eb fundit duke e siguruar at\u00eb se Partia Demokratike nuk do t\u00eb rresht\u00eb s\u00eb luftuari fars\u00ebn zgjedhore t\u00eb 11 majit.<\/p>\n<p>Shqip\u00ebria \u00ebsht\u00eb kthyer n\u00ebn drejtimin e Edi Ram\u00ebs n\u00eb t\u00eb parin dhe t\u00eb vetmin narko-shtet n\u00eb Europ\u00eb duke u kthyer n\u00eb nj\u00eb rrezik real p\u00ebr BE-n\u00eb dhe n\u00eb ve\u00e7anti p\u00ebr vendet fqinje si Italia. Nj\u00eb narko-shtet i cili \u00ebsht\u00eb nd\u00ebrtuar mbi vjedhjen sistematike t\u00eb zgjedhjeve si\u00e7 ishte dhe rasti i fundit ku partia-shtet organizoi mbi 4.500 aktivitete zgjedhore brenda dhe jasht\u00eb shtetit. Mij\u00ebra aktivitete keto t\u00eb mund\u00ebsuara nga abuzimi me burimet publike, nj\u00ebsoj si me tenderat elektorale t\u00eb cil\u00ebn kapin vler\u00ebn e gjys\u00ebm miliardi eurosh. Cfar\u00eb t\u00eb thuash p\u00ebr 29.000 ha e parcelave kanabis n\u00eb vend t\u00eb 200 q\u00eb parashikonte ligji?<\/p>\n<p>Rasti i kartelit t\u00eb Troplin\u00ebve, \u00ebsht\u00eb shembulli m\u00eb dometh\u00ebn\u00ebs i k\u00ebtij kriminalizimi dhe sesi pavar\u00ebsisht hetimeve Italiane, shteti shqiptar p\u00ebr arsye t\u00eb pastra elektorale e kriminale, b\u00ebhet pal\u00eb me krimin e organizuar nd\u00ebrkomb\u00ebtar.<\/p>\n<p>Nj\u00eb sistem tjet\u00ebrsimi kriminal i vot\u00ebs s\u00eb lir\u00eb i cili mb\u00ebshtetet nga nj\u00eb administrat\u00eb e marr\u00eb peng nga patronazhist\u00eb t\u00eb shtrir\u00eb n\u00eb \u00e7do hallk\u00eb t\u00eb institucioneve publike dhe q\u00eb i k\u00ebrkon \u00e7do n\u00ebpun\u00ebsi civil minimalisht 10 vota familjar\u00ebsh. Ky presion synonte n\u00eb ve\u00e7anti diaspor\u00ebn si\u00e7 u provua nga faktet e shumta q\u00eb Partia Demokratika ka publikuar nga farsa e vot\u00ebs n\u00eb Greqi e Itali n\u00eb ve\u00e7anti.<\/p>\n<p>E garantova Deputetin Battilocchio se Partia Demokratike do ta vijoj\u00eb luft\u00ebn e saj n\u00eb \u00e7b\u00ebrjen e fars\u00ebs s\u00eb 11 majit duke denoncuar me fakte dhe raporte t\u00eb pakontestueshme \u00e7do krim zgjedhor, t\u00eb \u00e7do niveli dhe t\u00eb \u00e7do individi t\u00eb p\u00ebrfshir\u00eb n\u00eb to.<\/p>\n<p>N\u00eb takim morr\u00ebn pjes\u00eb gjithashtu dhe Dott. Amadeo Folgone, k\u00ebshilltar pran\u00eb Komisionit hetimor parlamentar italian p\u00ebr sigurin\u00eb e qyteteve, Deputeti i qarkut Lezh\u00eb nenkryetar i parlamentit Z. Agron Gjekmarkaj, z Akil Kraja drejtori i kabinetetit te kryetarit te PD si dhe kryetari i Partis\u00eb Demokratike n\u00eb Itali, Z. Bardhok Doda.<\/p>\n","protected":false},"excerpt":{"rendered":"<p>Kryetari i PD, Sali Berisha ka pritur nw njw takim deputetin dhe nj\u00eb nga drejtuesit e Forza Italia, Alessandro Battilocchio. Berisha shkruan se, kryetar i Komisionit hetimor t\u00eb Parlamentit Italian p\u00ebr sigurin\u00eb e qyteteve dhe nj\u00eb mik i vyer i Partis\u00eb Demokratike i cili ndjek n\u00eb nj\u00eb m\u00ebnyr\u00eb tejet aktive zhvillimet e Shqip\u00ebris\u00eb dhe demokracis\u00eb &hellip;<\/p>\n","protected":false},"author":4,"featured_media":119389,"comment_status":"closed","ping_status":"closed","sticky":false,"template":"","format":"standard","meta":{"footnotes":""},"categories":[37],"tags":[],"class_list":["post-119388","post","type-post","status-publish","format-standard","has-post-thumbnail","","category-politike"],"_links":{"self":[{"href":"https:\/\/rdnews.al\/index.php\/wp-json\/wp\/v2\/posts\/119388","targetHints":{"allow":["GET"]}}],"collection":[{"href":"https:\/\/rdnews.al\/index.php\/wp-json\/wp\/v2\/posts"}],"about":[{"href":"https:\/\/rdnews.al\/index.php\/wp-json\/wp\/v2\/types\/post"}],"author":[{"embeddable":true,"href":"https:\/\/rdnews.al\/index.php\/wp-json\/wp\/v2\/users\/4"}],"replies":[{"embeddable":true,"href":"https:\/\/rdnews.al\/index.php\/wp-json\/wp\/v2\/comments?post=119388"}],"version-history":[{"count":3,"href":"https:\/\/rdnews.al\/index.php\/wp-json\/wp\/v2\/posts\/119388\/revisions"}],"predecessor-version":[{"id":119392,"href":"https:\/\/rdnews.al\/index.php\/wp-json\/wp\/v2\/posts\/119388\/revisions\/119392"}],"wp:featuredmedia":[{"embeddable":true,"href":"https:\/\/rdnews.al\/index.php\/wp-json\/wp\/v2\/media\/119389"}],"wp:attachment":[{"href":"https:\/\/rdnews.al\/index.php\/wp-json\/wp\/v2\/media?parent=119388"}],"wp:term":[{"taxonomy":"category","embeddable":true,"href":"https:\/\/rdnews.al\/index.php\/wp-json\/wp\/v2\/categories?post=119388"},{"taxonomy":"post_tag","embeddable":true,"href":"https:\/\/rdnews.al\/index.php\/wp-json\/wp\/v2\/tags?post=119388"}],"curies":[{"name":"wp","href":"https:\/\/api.w.org\/{rel}","templated":true}]}}