{"id":119407,"date":"2025-07-20T20:11:02","date_gmt":"2025-07-20T20:11:02","guid":{"rendered":"https:\/\/rdnews.al\/?p=119407"},"modified":"2025-07-20T20:11:02","modified_gmt":"2025-07-20T20:11:02","slug":"dredha-nuk-pranon-te-shkoje-ne-burg-per-831-hektaret-qe-i-kerkon-rama-te-firmose-per-oligarkun-e-tij","status":"publish","type":"post","link":"https:\/\/rdnews.al\/index.php\/2025\/07\/20\/dredha-nuk-pranon-te-shkoje-ne-burg-per-831-hektaret-qe-i-kerkon-rama-te-firmose-per-oligarkun-e-tij\/","title":{"rendered":"Dredha nuk pranon t\u00eb shkoj\u00eb n\u00eb burg p\u00ebr 831 hektaret q\u00eb i k\u00ebrkon Rama t\u00eb firmos\u00eb p\u00ebr oligarkun e tij"},"content":{"rendered":"<p><strong>Kryebashkiaku i Vlor\u00ebs, Dredha nuk \u00ebsht\u00eb i gatsh\u00ebm q\u00eb t\u00eb shkoj\u00eb n\u00eb burg p\u00ebr t\u00eb firmosur n\u00eb kund\u00ebrshtim me ligjet q\u00eb ti jap\u00eb Ram\u00ebs 831 hektar\u00eb q\u00eb ai i k\u00ebrkon p\u00ebr oligarkun e tij.<\/strong><\/p>\n<p>Presioni i lart\u00eb publik mbi projektin e parkut gjigand fotovoltaik n\u00eb Kanin\u00eb, duket se e ka detyruar Bashkin\u00eb e Vlor\u00ebs q\u00eb t\u00eb t\u00ebrhiqet. P\u00ebrmes nj\u00eb njoftimi t\u00eb papritur, K\u00ebshilli Bashkiak i Vlor\u00ebs ka deklaruar se pas verifikimit t\u00eb dokumentave ka rezultuar se Bashkia nuk figuron si pronare e 831 hektar\u00ebve tok\u00eb n\u00eb Malin e Shashic\u00ebs, ndaj nuk mund t\u00eb procedoj\u00eb me votimin e projektvendimit.<\/p>\n<p><strong>Njoftimi i plot\u00eb i K\u00ebshillit Bashkiak Vlor\u00eb<\/strong><\/p>\n<p>T\u00eb nderuar banor\u00eb t\u00eb Vlor\u00ebs, por jo vet\u00ebm,<br \/>\nN\u00eb p\u00ebrgjigje t\u00eb interesimit t\u00eb disa mediave dhe n\u00eb vazhd\u00ebn e dizinformimit nga disa t\u00eb tjera, sqarojm\u00eb se:<br \/>\n\u00cbsht\u00eb e v\u00ebrtet\u00eb q\u00eb prej 16 muajsh Bashkia Vlor\u00eb ka marr\u00eb disa k\u00ebrkesa p\u00ebr nj\u00eb truall me sip\u00ebrfaqe 831.7 ha, ku subjektet k\u00ebrkuese synojn\u00eb t\u00eb nd\u00ebrtojn\u00eb nj\u00eb park fotovoltaik. K\u00ebrkesat jan\u00eb depozituar p\u00ebrkat\u00ebsisht n\u00eb k\u00ebto data:<br \/>\n1. 29.04.2024<br \/>\n2. 20.05.2024<br \/>\n3. 23.05.2024<br \/>\nS\u00eb fundmi, k\u00ebrkesa \u00ebsht\u00eb miratuar p\u00ebr t\u2019iu p\u00ebrcjell\u00eb K\u00ebshillit Bashkiak.<\/p>\n<p>Megjithat\u00eb, nga dokumentacioni i marr\u00eb nga Kadastra m\u00eb dat\u00eb 18.07.2025, me q\u00ebllim plot\u00ebsimin e dokumenteve p\u00ebr mbledhjen e K\u00ebshillit, rezulton se trualli n\u00eb zon\u00ebn e Kanin\u00ebs ka vet\u00ebm nj\u00eb v\u00ebrtetim hipotekor si truall n\u00eb em\u00ebr t\u00eb Bashkis\u00eb, por Bashkia Vlor\u00eb nuk figuron si zot\u00ebruese e titullit t\u00eb pron\u00ebsis\u00eb s\u00eb k\u00ebtij trualli.<\/p>\n<p>N\u00eb k\u00ebto kushte, K\u00ebshilli Bashkiak nuk mund t\u00eb marr\u00eb nj\u00eb vendim n\u00eb lidhje me k\u00ebt\u00eb k\u00ebrkes\u00eb.<\/p>\n<p>T\u00eb gjitha komentet dhe insinuatat e tjera jan\u00eb keqkuptime ose dizinformime me prapavij\u00eb keqdash\u00ebse.<\/p>\n<p>Duke ju uruar nj\u00eb fillim jave sa m\u00eb t\u00eb paqt\u00eb, ju njoftojm\u00eb se nes\u00ebr do t\u00eb vijojm\u00eb me mbledhjen dhe shqyrtimin e projekt-vendimeve t\u00eb tjera t\u00eb rendit t\u00eb dit\u00ebs.<\/p>\n","protected":false},"excerpt":{"rendered":"<p>Kryebashkiaku i Vlor\u00ebs, Dredha nuk \u00ebsht\u00eb i gatsh\u00ebm q\u00eb t\u00eb shkoj\u00eb n\u00eb burg p\u00ebr t\u00eb firmosur n\u00eb kund\u00ebrshtim me ligjet q\u00eb ti jap\u00eb Ram\u00ebs 831 hektar\u00eb q\u00eb ai i k\u00ebrkon p\u00ebr oligarkun e tij. Presioni i lart\u00eb publik mbi projektin e parkut gjigand fotovoltaik n\u00eb Kanin\u00eb, duket se e ka detyruar Bashkin\u00eb e Vlor\u00ebs q\u00eb &hellip;<\/p>\n","protected":false},"author":3,"featured_media":81529,"comment_status":"closed","ping_status":"closed","sticky":false,"template":"","format":"standard","meta":{"footnotes":""},"categories":[37],"tags":[],"class_list":["post-119407","post","type-post","status-publish","format-standard","has-post-thumbnail","","category-politike"],"_links":{"self":[{"href":"https:\/\/rdnews.al\/index.php\/wp-json\/wp\/v2\/posts\/119407","targetHints":{"allow":["GET"]}}],"collection":[{"href":"https:\/\/rdnews.al\/index.php\/wp-json\/wp\/v2\/posts"}],"about":[{"href":"https:\/\/rdnews.al\/index.php\/wp-json\/wp\/v2\/types\/post"}],"author":[{"embeddable":true,"href":"https:\/\/rdnews.al\/index.php\/wp-json\/wp\/v2\/users\/3"}],"replies":[{"embeddable":true,"href":"https:\/\/rdnews.al\/index.php\/wp-json\/wp\/v2\/comments?post=119407"}],"version-history":[{"count":1,"href":"https:\/\/rdnews.al\/index.php\/wp-json\/wp\/v2\/posts\/119407\/revisions"}],"predecessor-version":[{"id":119408,"href":"https:\/\/rdnews.al\/index.php\/wp-json\/wp\/v2\/posts\/119407\/revisions\/119408"}],"wp:featuredmedia":[{"embeddable":true,"href":"https:\/\/rdnews.al\/index.php\/wp-json\/wp\/v2\/media\/81529"}],"wp:attachment":[{"href":"https:\/\/rdnews.al\/index.php\/wp-json\/wp\/v2\/media?parent=119407"}],"wp:term":[{"taxonomy":"category","embeddable":true,"href":"https:\/\/rdnews.al\/index.php\/wp-json\/wp\/v2\/categories?post=119407"},{"taxonomy":"post_tag","embeddable":true,"href":"https:\/\/rdnews.al\/index.php\/wp-json\/wp\/v2\/tags?post=119407"}],"curies":[{"name":"wp","href":"https:\/\/api.w.org\/{rel}","templated":true}]}}