{"id":119427,"date":"2025-07-21T09:00:10","date_gmt":"2025-07-21T09:00:10","guid":{"rendered":"https:\/\/rdnews.al\/?p=119427"},"modified":"2025-07-21T09:00:10","modified_gmt":"2025-07-21T09:00:10","slug":"berisha-altin-hajri-i-ka-paguar-dumanit-700-mije-euro-sic-e-shihni-kemi-te-bejme-me-nje-person-te-kapur-koke-e-kembe-nga-krimi","status":"publish","type":"post","link":"https:\/\/rdnews.al\/index.php\/2025\/07\/21\/berisha-altin-hajri-i-ka-paguar-dumanit-700-mije-euro-sic-e-shihni-kemi-te-bejme-me-nje-person-te-kapur-koke-e-kembe-nga-krimi\/","title":{"rendered":"Berisha: Altin Hajri i ka paguar Dumanit 700 mij\u00eb euro! Si\u00e7 e shihni, kemi t\u00eb b\u00ebjm\u00eb me nj\u00eb person t\u00eb kapur kok\u00eb e k\u00ebmb\u00eb nga krimi!"},"content":{"rendered":"<p>Kryetari i PD, Sali Berisha, n\u00eb prononcimin p\u00ebr gazetar\u00ebt jasht\u00eb ambienteve t\u00eb SPAK, u shpreh se, Altin Hajri i ka paguar kreut t\u00eb institucionit hetues, Altin Dumanit nj\u00eb shum\u00eb prej 700 mij\u00eb eurosh. Ai tha se, ky fakt tregon se kemi t\u00eb b\u00ebjm\u00eb me nj\u00eb preson t\u00eb kapur nga krimi i organizuar.<\/p>\n<p>\u201cE garantoj Altin Troplinin se dekonspirimi q\u00eb ai i ka b\u00ebr\u00eb dhe mbajtja n\u00eb xhep e mandat arrestit nd\u00ebrkomb\u00ebtar p\u00ebr Ndrec\u00ebn, do t\u00eb ket\u00eb p\u00ebr t\u00eb pasoja, do ta ndjek\u00eb at\u00eb gjith\u00eb jet\u00ebn.<\/p>\n<p>Sepse me k\u00ebt\u00eb person ai amnistoi apo i dha mund\u00ebsis\u00eb t\u00eb largohej kreut t\u00eb kartelit m\u00eb t\u00eb rreziksh\u00ebm t\u00eb drog\u00ebs n\u00eb Europ\u00eb q\u00eb disponon portin e Durr\u00ebsit dhe q\u00eb \u00ebsht\u00eb akoma n\u00eb funksion nj\u00ebsoj si\u00e7 ishte, Troplin\u00ebve.<\/p>\n<p>P\u00ebrve\u00e7 k\u00ebsaj d\u00ebnoj k\u00ebtu implikimin e tij t\u00eb padiskutuesh\u00ebm n\u00eb afer\u00ebn Hajri.<\/p>\n<p>\u00cbsht\u00eb th\u00ebn\u00eb n\u00eb at\u00eb koh\u00eb se Altin Hajri i ka paguar Dumanit 700 mij\u00eb euro, dhe sot p\u00ebr prerjen copa-copa t\u00eb trupit t\u00eb Jan Preng\u00ebs d\u00ebnohet nj\u00eb kamerier dhe roja.<\/p>\n<p>Kurse Altin Troplini, Altin Hajri merr leje p\u00ebr hotele dhjet\u00ebkat\u00ebshe nga Edi Rama dhe d\u00ebrgohet k\u00ebto dit\u00eb n\u00eb gjykat\u00eb nga avokati i tij, Altin Troplini.<\/p>\n<p>Pra, si\u00e7 e shihni, kemi t\u00eb b\u00ebjm\u00eb me nj\u00eb person t\u00eb kapur kok\u00eb e k\u00ebmb\u00eb nga krimi.\u00a0Por ne zotohemi se do t\u00eb q\u00ebndrojm\u00eb me forc\u00ebn m\u00eb t\u00eb madhe n\u00eb denoncimin e tyre\u201d, tha Berisha.<\/p>\n","protected":false},"excerpt":{"rendered":"<p>Kryetari i PD, Sali Berisha, n\u00eb prononcimin p\u00ebr gazetar\u00ebt jasht\u00eb ambienteve t\u00eb SPAK, u shpreh se, Altin Hajri i ka paguar kreut t\u00eb institucionit hetues, Altin Dumanit nj\u00eb shum\u00eb prej 700 mij\u00eb eurosh. Ai tha se, ky fakt tregon se kemi t\u00eb b\u00ebjm\u00eb me nj\u00eb preson t\u00eb kapur nga krimi i organizuar. \u201cE garantoj Altin &hellip;<\/p>\n","protected":false},"author":4,"featured_media":119428,"comment_status":"closed","ping_status":"closed","sticky":false,"template":"","format":"standard","meta":{"footnotes":""},"categories":[37],"tags":[],"class_list":["post-119427","post","type-post","status-publish","format-standard","has-post-thumbnail","","category-politike"],"_links":{"self":[{"href":"https:\/\/rdnews.al\/index.php\/wp-json\/wp\/v2\/posts\/119427","targetHints":{"allow":["GET"]}}],"collection":[{"href":"https:\/\/rdnews.al\/index.php\/wp-json\/wp\/v2\/posts"}],"about":[{"href":"https:\/\/rdnews.al\/index.php\/wp-json\/wp\/v2\/types\/post"}],"author":[{"embeddable":true,"href":"https:\/\/rdnews.al\/index.php\/wp-json\/wp\/v2\/users\/4"}],"replies":[{"embeddable":true,"href":"https:\/\/rdnews.al\/index.php\/wp-json\/wp\/v2\/comments?post=119427"}],"version-history":[{"count":1,"href":"https:\/\/rdnews.al\/index.php\/wp-json\/wp\/v2\/posts\/119427\/revisions"}],"predecessor-version":[{"id":119429,"href":"https:\/\/rdnews.al\/index.php\/wp-json\/wp\/v2\/posts\/119427\/revisions\/119429"}],"wp:featuredmedia":[{"embeddable":true,"href":"https:\/\/rdnews.al\/index.php\/wp-json\/wp\/v2\/media\/119428"}],"wp:attachment":[{"href":"https:\/\/rdnews.al\/index.php\/wp-json\/wp\/v2\/media?parent=119427"}],"wp:term":[{"taxonomy":"category","embeddable":true,"href":"https:\/\/rdnews.al\/index.php\/wp-json\/wp\/v2\/categories?post=119427"},{"taxonomy":"post_tag","embeddable":true,"href":"https:\/\/rdnews.al\/index.php\/wp-json\/wp\/v2\/tags?post=119427"}],"curies":[{"name":"wp","href":"https:\/\/api.w.org\/{rel}","templated":true}]}}