{"id":119434,"date":"2025-07-21T09:17:05","date_gmt":"2025-07-21T09:17:05","guid":{"rendered":"https:\/\/rdnews.al\/?p=119434"},"modified":"2025-07-21T09:17:05","modified_gmt":"2025-07-21T09:17:05","slug":"berisha-ceshtja-ndaj-irenes-me-5-mbiemra-eshte-hapur-pa-emer-cka-eshte-nje-lloj-mbrojtje-qe-i-behet-asaj","status":"publish","type":"post","link":"https:\/\/rdnews.al\/index.php\/2025\/07\/21\/berisha-ceshtja-ndaj-irenes-me-5-mbiemra-eshte-hapur-pa-emer-cka-eshte-nje-lloj-mbrojtje-qe-i-behet-asaj\/","title":{"rendered":"Berisha: \u00c7\u00ebshtja ndaj Iren\u00ebs me 5 mbiemra \u00ebsht\u00eb hapur pa em\u00ebr, \u00e7ka \u00ebsht\u00eb nj\u00eb lloj mbrojtje q\u00eb i b\u00ebhet asaj!"},"content":{"rendered":"<p>Kryetari i PD, Sali Berisha, tha se p\u00ebr \u00e7\u00ebshtjen Gjoka ka dy padi, nj\u00ebra nga ai dhe tjetra nga Adriana Kalaja, t\u00eb depozituara n\u00eb Gjykat\u00ebn e Tiran\u00ebs.<\/p>\n<p>Berisha kujtoi se K\u00ebshilli i Lart\u00eb Gjyq\u00ebsor (KLGJ) duhet t\u00eb kishte shkarkuar Irena Gjok\u00ebn brenda 15 dit\u00ebve, pasi KLGJ kishte konstatuar mashtrime zyrtare nga ana e saj dhe duhej ta d\u00ebrgonte p\u00ebr ndjekje penale.<\/p>\n<p>\u201cP\u00ebr \u00e7\u00ebshtjen Gjoka ka nj\u00eb padi nga ne, ka nj\u00eb padi nga zonja Adriana Kalaja.<\/p>\n<p>Natyrisht padia jon\u00eb ka shkuar n\u00eb gjykat\u00ebn e Tiran\u00ebs, duke ditur lidhjen e ngusht\u00eb n\u00eb krim q\u00eb ka Altin Troplini me k\u00ebt\u00eb, se kjo ka pes\u00eb mbiemra, se nuk po m\u00eb kujtohej cili nga mbiemrat. Irena \u00ebsht\u00eb me 5 mbiemra.<\/p>\n<p>Pra, nuk jemi thirrur, por nj\u00eb gj\u00eb t\u00eb siguroj q\u00eb \u00e7\u00ebshtja \u00ebsht\u00eb hapur jo me em\u00ebr, \u00e7\u00ebshtja \u00ebsht\u00eb hapur pa em\u00ebr, \u00e7ka \u00ebsht\u00eb nj\u00eb lloj mbrojtje q\u00eb i b\u00ebhet asaj.<\/p>\n<p>Kujtoj k\u00ebtu se KLGJ, e cila n\u00eb tag\u00ebr duhet brenda 15 dit\u00ebve, pasi ka konstatuar mashtrimet zyrtare q\u00eb ka b\u00ebr\u00eb Irena Gjoka, duhet ta shkarkonte at\u00eb dhe ta \u00e7onte p\u00ebr ndjekje penale.<\/p>\n<p>Por luhet futboll, shkon nga KLGJ tek Olsi \u00c7ela.<\/p>\n<p>Olsi \u00c7ela thot\u00eb e ka Uluziu, Uluziu nd\u00ebrkoh\u00eb b\u00ebn provat e kostumeve t\u00eb Altin Hajrit se nuk i ran\u00eb mir\u00eb ato dy q\u00eb i mori dhe ka k\u00ebrkuar t\u2019ia z\u00ebvend\u00ebsojn\u00eb me dy t\u00eb tjera.<\/p>\n<p>Nuk i b\u00ebri masa sepse si\u00e7 e di ti, Altin Hajri i thot\u00eb bashk\u00ebpun\u00ebtorit t\u00eb tij, shiheni pak me kujdes, merrjani mas\u00ebn se nja dy kostume i ka hak se \u00ebsht\u00eb treguar burr\u00eb i mir\u00eb.<\/p>\n<p>Aty thot\u00eb Olsi dhe un\u00eb fillimisht mendova se ishte Olsi Dade, nuk ishte Olsi Dade. M\u00eb von\u00eb doli se ishte Uluziu.<\/p>\n<p>Shkoni dhe pyeteni Uluziun a i ke marr\u00eb ato kostume apo jo. Pyeteni!<\/p>\n<p>Un\u00eb e kam th\u00ebn\u00eb edhe m\u00eb par\u00eb, por Uluziu nuk e ka \u00e7elur goj\u00ebn, nuk ka guxuar t\u00eb p\u00ebrg\u00ebnjeshtroj\u00eb asgj\u00eb. Ja pra, ky \u00ebsht\u00eb historiku i tyre\u201d, tha Berisha.<\/p>\n<p>&nbsp;<\/p>\n","protected":false},"excerpt":{"rendered":"<p>Kryetari i PD, Sali Berisha, tha se p\u00ebr \u00e7\u00ebshtjen Gjoka ka dy padi, nj\u00ebra nga ai dhe tjetra nga Adriana Kalaja, t\u00eb depozituara n\u00eb Gjykat\u00ebn e Tiran\u00ebs. Berisha kujtoi se K\u00ebshilli i Lart\u00eb Gjyq\u00ebsor (KLGJ) duhet t\u00eb kishte shkarkuar Irena Gjok\u00ebn brenda 15 dit\u00ebve, pasi KLGJ kishte konstatuar mashtrime zyrtare nga ana e saj dhe &hellip;<\/p>\n","protected":false},"author":4,"featured_media":118139,"comment_status":"closed","ping_status":"closed","sticky":false,"template":"","format":"standard","meta":{"footnotes":""},"categories":[37],"tags":[],"class_list":["post-119434","post","type-post","status-publish","format-standard","has-post-thumbnail","","category-politike"],"_links":{"self":[{"href":"https:\/\/rdnews.al\/index.php\/wp-json\/wp\/v2\/posts\/119434","targetHints":{"allow":["GET"]}}],"collection":[{"href":"https:\/\/rdnews.al\/index.php\/wp-json\/wp\/v2\/posts"}],"about":[{"href":"https:\/\/rdnews.al\/index.php\/wp-json\/wp\/v2\/types\/post"}],"author":[{"embeddable":true,"href":"https:\/\/rdnews.al\/index.php\/wp-json\/wp\/v2\/users\/4"}],"replies":[{"embeddable":true,"href":"https:\/\/rdnews.al\/index.php\/wp-json\/wp\/v2\/comments?post=119434"}],"version-history":[{"count":1,"href":"https:\/\/rdnews.al\/index.php\/wp-json\/wp\/v2\/posts\/119434\/revisions"}],"predecessor-version":[{"id":119435,"href":"https:\/\/rdnews.al\/index.php\/wp-json\/wp\/v2\/posts\/119434\/revisions\/119435"}],"wp:featuredmedia":[{"embeddable":true,"href":"https:\/\/rdnews.al\/index.php\/wp-json\/wp\/v2\/media\/118139"}],"wp:attachment":[{"href":"https:\/\/rdnews.al\/index.php\/wp-json\/wp\/v2\/media?parent=119434"}],"wp:term":[{"taxonomy":"category","embeddable":true,"href":"https:\/\/rdnews.al\/index.php\/wp-json\/wp\/v2\/categories?post=119434"},{"taxonomy":"post_tag","embeddable":true,"href":"https:\/\/rdnews.al\/index.php\/wp-json\/wp\/v2\/tags?post=119434"}],"curies":[{"name":"wp","href":"https:\/\/api.w.org\/{rel}","templated":true}]}}