{"id":119436,"date":"2025-07-21T09:19:54","date_gmt":"2025-07-21T09:19:54","guid":{"rendered":"https:\/\/rdnews.al\/?p=119436"},"modified":"2025-07-21T09:20:19","modified_gmt":"2025-07-21T09:20:19","slug":"berisha-altin-troplini-gati-eshte-perleshur-fizikisht-me-nje-gjykatese-qe-nuk-ja-zbatoi-urdherat-i-rrembyen-kompjuterin-per-ta-terrorizuar","status":"publish","type":"post","link":"https:\/\/rdnews.al\/index.php\/2025\/07\/21\/berisha-altin-troplini-gati-eshte-perleshur-fizikisht-me-nje-gjykatese-qe-nuk-ja-zbatoi-urdherat-i-rrembyen-kompjuterin-per-ta-terrorizuar\/","title":{"rendered":"Altin Troplini gati \u00ebsht\u00eb p\u00ebrleshur fizikisht me nj\u00eb gjykat\u00ebse q\u00eb nuk ja zbatoi urdh\u00ebrat, i rr\u00ebmbyen kompjuterin p\u00ebr ta terrorizuar!"},"content":{"rendered":"<p>Lideri i opozit\u00ebs, Sali Berisha ka denoncuar nj\u00eb tjet\u00ebr skandal n\u00eb drejt\u00ebsin\u00eb e re shqiptare, ku pretendohet se drejtuesi i SPAK, Altin Dumani i ka b\u00ebr\u00eb presion nj\u00eb gjyqtareje, pasi ajo nuk zbatoi \u2018urdh\u00ebrat\u2019 e tij.<\/p>\n<p>Berisha tha se, Altin Troplini gati \u00ebsht\u00eb p\u00ebrleshur fizikisht me nj\u00eb gjykat\u00ebse q\u00eb nuk ja zbatoi urdh\u00ebrat, i rr\u00ebmbyen\u00a0 kompjuterin p\u00ebr ta terrorizuar.<\/p>\n<p>\u201cParaqitja apo mosparaqitja ime p\u00ebrcaktohet nga avoket\u00ebrit, natyrisht sipas zhvillimeve. Por kjo \u00ebsht\u00eb nj\u00eb seanc\u00ebn n\u00eb t\u00eb cil\u00ebn do paraqiten pretendimet nga avoket\u00ebrit.<\/p>\n<p>Keni parasysh ju, kemi t\u00eb b\u00ebjm\u00eb me gjykat\u00ebs t\u00eb cil\u00ebt n\u00eb m\u00ebnyr\u00eb antikushtetuese n\u00eb kund\u00ebrshtim flagrant me Kart\u00ebn Europiane t\u00eb t\u00eb Drejtave t\u00eb Njeriut jan\u00eb n\u00eb kontrollin total t\u00eb nj\u00eb delinkuenti q\u00eb quhet, Altin Troplini.<\/p>\n<p>Ky p\u00ebrb\u00ebn nj\u00eb problem n\u00eb themel, t\u00eb drejt\u00ebsis\u00eb shqiptare.<\/p>\n<p>Pak me th\u00ebn\u00eb Anila, por ti mund ta investigosh m\u00eb tutje, se thuhet se, k\u00ebto vet\u00ebm sa nuk \u00ebsht\u00eb p\u00ebrleshur fizikisht me nj\u00eb gjykat\u00ebse q\u00eb nuk ja ka zbatuar urdh\u00ebrat, kan\u00eb shkuar dhe jan\u00eb kan\u00eb rr\u00ebmbyer kompjuterin p\u00ebr ta terrorizuar.<\/p>\n<p>Po! Pra k\u00ebtu ka skena, akte, gj\u00ebra, ka p\u00ebr\u00e7udnime. Por k\u00ebto q\u00eb theme un\u00eb, nuk kan\u00eb t\u00eb b\u00ebjn\u00eb me gjykat\u00ebsit si persona, kan\u00eb t\u00eb b\u00ebjn\u00eb me sistemin, i cili nuk mund t\u00eb jet\u00eb kurr\u00eb i till\u00eb. Gjykat\u00ebsi duhet t\u00eb jet\u00eb i lir\u00eb n\u00eb detyr\u00ebn e tij, p\u00ebr b\u00ebr\u00eb detyr\u00ebn&#8230;<\/p>\n<p>&#8230;Jam i gatsh\u00ebm t\u00eb paraqitem sipas k\u00ebshill\u00ebs s\u00eb avoket\u00ebrve dhe gjykat\u00ebsve\u201d, tha Berisha.<\/p>\n","protected":false},"excerpt":{"rendered":"<p>Lideri i opozit\u00ebs, Sali Berisha ka denoncuar nj\u00eb tjet\u00ebr skandal n\u00eb drejt\u00ebsin\u00eb e re shqiptare, ku pretendohet se drejtuesi i SPAK, Altin Dumani i ka b\u00ebr\u00eb presion nj\u00eb gjyqtareje, pasi ajo nuk zbatoi \u2018urdh\u00ebrat\u2019 e tij. Berisha tha se, Altin Troplini gati \u00ebsht\u00eb p\u00ebrleshur fizikisht me nj\u00eb gjykat\u00ebse q\u00eb nuk ja zbatoi urdh\u00ebrat, i rr\u00ebmbyen\u00a0 &hellip;<\/p>\n","protected":false},"author":4,"featured_media":119437,"comment_status":"closed","ping_status":"closed","sticky":false,"template":"","format":"standard","meta":{"footnotes":""},"categories":[37],"tags":[],"class_list":["post-119436","post","type-post","status-publish","format-standard","has-post-thumbnail","","category-politike"],"_links":{"self":[{"href":"https:\/\/rdnews.al\/index.php\/wp-json\/wp\/v2\/posts\/119436","targetHints":{"allow":["GET"]}}],"collection":[{"href":"https:\/\/rdnews.al\/index.php\/wp-json\/wp\/v2\/posts"}],"about":[{"href":"https:\/\/rdnews.al\/index.php\/wp-json\/wp\/v2\/types\/post"}],"author":[{"embeddable":true,"href":"https:\/\/rdnews.al\/index.php\/wp-json\/wp\/v2\/users\/4"}],"replies":[{"embeddable":true,"href":"https:\/\/rdnews.al\/index.php\/wp-json\/wp\/v2\/comments?post=119436"}],"version-history":[{"count":2,"href":"https:\/\/rdnews.al\/index.php\/wp-json\/wp\/v2\/posts\/119436\/revisions"}],"predecessor-version":[{"id":119439,"href":"https:\/\/rdnews.al\/index.php\/wp-json\/wp\/v2\/posts\/119436\/revisions\/119439"}],"wp:featuredmedia":[{"embeddable":true,"href":"https:\/\/rdnews.al\/index.php\/wp-json\/wp\/v2\/media\/119437"}],"wp:attachment":[{"href":"https:\/\/rdnews.al\/index.php\/wp-json\/wp\/v2\/media?parent=119436"}],"wp:term":[{"taxonomy":"category","embeddable":true,"href":"https:\/\/rdnews.al\/index.php\/wp-json\/wp\/v2\/categories?post=119436"},{"taxonomy":"post_tag","embeddable":true,"href":"https:\/\/rdnews.al\/index.php\/wp-json\/wp\/v2\/tags?post=119436"}],"curies":[{"name":"wp","href":"https:\/\/api.w.org\/{rel}","templated":true}]}}