{"id":119440,"date":"2025-07-21T09:26:36","date_gmt":"2025-07-21T09:26:36","guid":{"rendered":"https:\/\/rdnews.al\/?p=119440"},"modified":"2025-07-21T09:44:23","modified_gmt":"2025-07-21T09:44:23","slug":"berisha-nuk-mundet-kurre-qe-gjykatesi-qe-shqyrton-dosjen-e-altin-troplinit-te-kontrollohet-nga-altin-troplini","status":"publish","type":"post","link":"https:\/\/rdnews.al\/index.php\/2025\/07\/21\/berisha-nuk-mundet-kurre-qe-gjykatesi-qe-shqyrton-dosjen-e-altin-troplinit-te-kontrollohet-nga-altin-troplini\/","title":{"rendered":"Berisha: Nuk mundet kurr\u00eb q\u00eb gjykat\u00ebsi q\u00eb shqyrton dosjen e Altin Troplinit t\u00eb kontrollohet nga Altin Troplini!"},"content":{"rendered":"<p>Lideri i opozit\u00ebs, Sali Berisha \u00ebsht\u00eb shprehur nga SPAK se, nuk ka kund\u00ebrshti ndaj asnj\u00eb gjyqtari konkret, p\u00ebrve\u00e7 rasteve t\u00eb ve\u00e7uara n\u00eb apel, por ka ngritur shqet\u00ebsimin p\u00ebr nj\u00eb \u00e7\u00ebshtje m\u00eb t\u00eb thell\u00eb: parimin e pavar\u00ebsis\u00eb s\u00eb gjyqtarit n\u00eb ushtrimin e detyr\u00ebs.<\/p>\n<p>\u201cNuk kam asnj\u00eb kund\u00ebrshti p\u00ebr asnj\u00eb gjykat\u00ebs konkret, p\u00ebrve\u00e7 ndonj\u00ebrit q\u00eb \u00ebsht\u00eb n\u00eb apel.<\/p>\n<p>Ai, i njohur tani, famozi, por nuk kam kund\u00ebrshti p\u00ebr gjykat\u00ebs konkret.<\/p>\n<p>Por kam kund\u00ebrshti p\u00ebr nj\u00eb parim themelor q\u00eb ka t\u00eb b\u00ebj\u00eb me pavar\u00ebsin\u00eb e gjykat\u00ebsit n\u00eb detyr\u00ebn e tij.<\/p>\n<p>Nuk mundet kurr\u00eb q\u00eb gjykat\u00ebsi q\u00eb shqyrton dosjen e Altin Troplinit t\u00eb kontrollohet nga Altin Troplini!<\/p>\n<p>Thash\u00eb un\u00eb, ju duhet t\u00eb b\u00ebni hetim.<\/p>\n<p>Ka pasur nj\u00eb gj\u00eb t\u00eb r\u00ebnd\u00eb aty brenda, un\u00eb po e hetoj, por thuhet se aty p\u00ebr shkak t\u00eb refuzimit t\u00eb nj\u00ebrit prej an\u00ebtar\u00ebve t\u00eb gjykat\u00ebs speciale, ka shkuar puna te rr\u00ebmbimi i kompjuterit, etj, etj.<\/p>\n<p>Gj\u00ebra t\u00eb tilla jan\u00eb t\u00eb d\u00ebnueshme, edhe n\u00eb Koren\u00eb e Veriut nuk ndodhin\u201d, tha Berisha.<\/p>\n","protected":false},"excerpt":{"rendered":"<p>Lideri i opozit\u00ebs, Sali Berisha \u00ebsht\u00eb shprehur nga SPAK se, nuk ka kund\u00ebrshti ndaj asnj\u00eb gjyqtari konkret, p\u00ebrve\u00e7 rasteve t\u00eb ve\u00e7uara n\u00eb apel, por ka ngritur shqet\u00ebsimin p\u00ebr nj\u00eb \u00e7\u00ebshtje m\u00eb t\u00eb thell\u00eb: parimin e pavar\u00ebsis\u00eb s\u00eb gjyqtarit n\u00eb ushtrimin e detyr\u00ebs. \u201cNuk kam asnj\u00eb kund\u00ebrshti p\u00ebr asnj\u00eb gjykat\u00ebs konkret, p\u00ebrve\u00e7 ndonj\u00ebrit q\u00eb \u00ebsht\u00eb n\u00eb &hellip;<\/p>\n","protected":false},"author":4,"featured_media":72743,"comment_status":"closed","ping_status":"closed","sticky":false,"template":"","format":"standard","meta":{"footnotes":""},"categories":[37],"tags":[],"class_list":["post-119440","post","type-post","status-publish","format-standard","has-post-thumbnail","","category-politike"],"_links":{"self":[{"href":"https:\/\/rdnews.al\/index.php\/wp-json\/wp\/v2\/posts\/119440","targetHints":{"allow":["GET"]}}],"collection":[{"href":"https:\/\/rdnews.al\/index.php\/wp-json\/wp\/v2\/posts"}],"about":[{"href":"https:\/\/rdnews.al\/index.php\/wp-json\/wp\/v2\/types\/post"}],"author":[{"embeddable":true,"href":"https:\/\/rdnews.al\/index.php\/wp-json\/wp\/v2\/users\/4"}],"replies":[{"embeddable":true,"href":"https:\/\/rdnews.al\/index.php\/wp-json\/wp\/v2\/comments?post=119440"}],"version-history":[{"count":1,"href":"https:\/\/rdnews.al\/index.php\/wp-json\/wp\/v2\/posts\/119440\/revisions"}],"predecessor-version":[{"id":119441,"href":"https:\/\/rdnews.al\/index.php\/wp-json\/wp\/v2\/posts\/119440\/revisions\/119441"}],"wp:featuredmedia":[{"embeddable":true,"href":"https:\/\/rdnews.al\/index.php\/wp-json\/wp\/v2\/media\/72743"}],"wp:attachment":[{"href":"https:\/\/rdnews.al\/index.php\/wp-json\/wp\/v2\/media?parent=119440"}],"wp:term":[{"taxonomy":"category","embeddable":true,"href":"https:\/\/rdnews.al\/index.php\/wp-json\/wp\/v2\/categories?post=119440"},{"taxonomy":"post_tag","embeddable":true,"href":"https:\/\/rdnews.al\/index.php\/wp-json\/wp\/v2\/tags?post=119440"}],"curies":[{"name":"wp","href":"https:\/\/api.w.org\/{rel}","templated":true}]}}