{"id":119442,"date":"2025-07-21T09:48:02","date_gmt":"2025-07-21T09:48:02","guid":{"rendered":"https:\/\/rdnews.al\/?p=119442"},"modified":"2025-07-21T09:48:02","modified_gmt":"2025-07-21T09:48:02","slug":"berisha-cdo-emerim-ne-gjykaten-kushtetuese-behet-vetem-me-nje-qellim-per-te-larguar-persona-qe-kane-mandatin-8-vjecar","status":"publish","type":"post","link":"https:\/\/rdnews.al\/index.php\/2025\/07\/21\/berisha-cdo-emerim-ne-gjykaten-kushtetuese-behet-vetem-me-nje-qellim-per-te-larguar-persona-qe-kane-mandatin-8-vjecar\/","title":{"rendered":"Berisha: \u00c7do em\u00ebrim n\u00eb Gjykat\u00ebn Kushtetuese b\u00ebhet vet\u00ebm me nj\u00eb q\u00ebllim, p\u00ebr t\u00eb larguar persona q\u00eb kan\u00eb mandatin 8-vje\u00e7ar!"},"content":{"rendered":"<p>Kryetari i Partis\u00eb Demokratike, Sali Berisha ka folur edhe n\u00eb lidhje me zhvillimet antikushtetuese n\u00eb Gjykat\u00ebn Kushtetuese, ku Edi Rama po p\u00ebrpiqet ta v\u00ebr\u00eb n\u00eb kontroll 100%.<\/p>\n<p>Berisha tha se, \u00e7do em\u00ebrim n\u00eb Gjykat\u00ebn Kushtetuese b\u00ebhet vet\u00ebm me nj\u00eb q\u00ebllim, p\u00ebr t\u00eb larguar persona q\u00eb kan\u00eb mandatin 8-vje\u00e7ar.<\/p>\n<p>\u201cPartia Demokratike ka bindje se \u00e7do em\u00ebrim n\u00eb Gjykat\u00ebn Kushtetuese b\u00ebhet vet\u00ebm e vet\u00ebm me nj\u00eb q\u00ebllim: P\u00ebr t\u00eb larguar n\u00eb kund\u00ebrshtim nga gjykata persona t\u00eb cil\u00ebt kan\u00eb mandatin 8-vje\u00e7ar. Dhe meqen\u00ebse duan t\u00eb mos ket\u00eb asnj\u00eb z\u00eb kund\u00ebr, po t\u00eb jen\u00eb 100 p\u00ebrqind dhe t\u2019i kapin peng.<\/p>\n<p>A e ke t\u00eb qart\u00eb ti kush u mor peng me skenat erotike?<\/p>\n<p>Po, si\u00e7 m\u00eb kan\u00eb ardhur mua, u kan\u00eb ardhur edhe ju.<\/p>\n<p>Dhe nga kush \u00ebsht\u00eb marr\u00eb peng? Nga Dumani.<\/p>\n<p>Pra k\u00ebta k\u00ebrkojn\u00eb q\u00eb t\u2019i ken\u00eb t\u00eb marr\u00eb peng, q\u00eb t\u00eb vendosin ashtu si\u00e7 thot\u00eb Rama.<\/p>\n<p>Pra, s\u00eb pari, PD \u00ebsht\u00eb absolutisht kund\u00ebr vendimeve militanteske partiake t\u00eb Sokol Sadushit, i cili jasht\u00eb \u00e7do tagri ka nd\u00ebrhyr\u00eb n\u00eb proces dhe e konsideron k\u00ebt\u00eb si p\u00ebrpjekje p\u00ebr t\u00eb marr\u00eb aty edhe t\u00eb vetmin q\u00eb nuk kishin, por q\u00eb do jet\u00eb nj\u00eb akt i mir\u00ebfillt\u00eb antikushtetues\u201d, tha Berisha.<\/p>\n","protected":false},"excerpt":{"rendered":"<p>Kryetari i Partis\u00eb Demokratike, Sali Berisha ka folur edhe n\u00eb lidhje me zhvillimet antikushtetuese n\u00eb Gjykat\u00ebn Kushtetuese, ku Edi Rama po p\u00ebrpiqet ta v\u00ebr\u00eb n\u00eb kontroll 100%. Berisha tha se, \u00e7do em\u00ebrim n\u00eb Gjykat\u00ebn Kushtetuese b\u00ebhet vet\u00ebm me nj\u00eb q\u00ebllim, p\u00ebr t\u00eb larguar persona q\u00eb kan\u00eb mandatin 8-vje\u00e7ar. \u201cPartia Demokratike ka bindje se \u00e7do em\u00ebrim &hellip;<\/p>\n","protected":false},"author":4,"featured_media":119425,"comment_status":"closed","ping_status":"closed","sticky":false,"template":"","format":"standard","meta":{"footnotes":""},"categories":[37],"tags":[],"class_list":["post-119442","post","type-post","status-publish","format-standard","has-post-thumbnail","","category-politike"],"_links":{"self":[{"href":"https:\/\/rdnews.al\/index.php\/wp-json\/wp\/v2\/posts\/119442","targetHints":{"allow":["GET"]}}],"collection":[{"href":"https:\/\/rdnews.al\/index.php\/wp-json\/wp\/v2\/posts"}],"about":[{"href":"https:\/\/rdnews.al\/index.php\/wp-json\/wp\/v2\/types\/post"}],"author":[{"embeddable":true,"href":"https:\/\/rdnews.al\/index.php\/wp-json\/wp\/v2\/users\/4"}],"replies":[{"embeddable":true,"href":"https:\/\/rdnews.al\/index.php\/wp-json\/wp\/v2\/comments?post=119442"}],"version-history":[{"count":1,"href":"https:\/\/rdnews.al\/index.php\/wp-json\/wp\/v2\/posts\/119442\/revisions"}],"predecessor-version":[{"id":119443,"href":"https:\/\/rdnews.al\/index.php\/wp-json\/wp\/v2\/posts\/119442\/revisions\/119443"}],"wp:featuredmedia":[{"embeddable":true,"href":"https:\/\/rdnews.al\/index.php\/wp-json\/wp\/v2\/media\/119425"}],"wp:attachment":[{"href":"https:\/\/rdnews.al\/index.php\/wp-json\/wp\/v2\/media?parent=119442"}],"wp:term":[{"taxonomy":"category","embeddable":true,"href":"https:\/\/rdnews.al\/index.php\/wp-json\/wp\/v2\/categories?post=119442"},{"taxonomy":"post_tag","embeddable":true,"href":"https:\/\/rdnews.al\/index.php\/wp-json\/wp\/v2\/tags?post=119442"}],"curies":[{"name":"wp","href":"https:\/\/api.w.org\/{rel}","templated":true}]}}