{"id":119444,"date":"2025-07-21T09:53:28","date_gmt":"2025-07-21T09:53:28","guid":{"rendered":"https:\/\/rdnews.al\/?p=119444"},"modified":"2025-07-21T09:53:28","modified_gmt":"2025-07-21T09:53:28","slug":"berisha-irena-me-5-mbiemra-nje-mashtruese-ordinere-vetingu-ndaj-saj-nje-falsifikim-i-turpshem","status":"publish","type":"post","link":"https:\/\/rdnews.al\/index.php\/2025\/07\/21\/berisha-irena-me-5-mbiemra-nje-mashtruese-ordinere-vetingu-ndaj-saj-nje-falsifikim-i-turpshem\/","title":{"rendered":"Berisha: Irena me 5 mbiemra nj\u00eb mashtruese ordinere, vetingu ndaj saj nj\u00eb falsifikim i turpsh\u00ebm!"},"content":{"rendered":"<p>Kryetari i Partis\u00eb Demokratike, Sali Berisha, n\u00eb nj\u00eb deklarat\u00eb p\u00ebr gazetar\u00ebt jasht\u00eb ambienteve t\u00eb SPAK, denoncoi si t\u00eb falsifikuar dhe t\u00eb turpsh\u00ebm aktin e\u00a0p\u00ebrdorur nga Irena Gjoka\u00a0n\u00eb procesin e vetingut.<\/p>\n<p>Ai tha se nj\u00eb kontrat\u00eb e vitit 1996 p\u00ebrmend nj\u00eb nen t\u00eb Kodit Civil q\u00eb nuk ekzistonte n\u00eb at\u00eb koh\u00eb, duke e cil\u00ebsuar k\u00ebt\u00eb si mashtrim flagrant. Berisha akuzoi drejtp\u00ebrdrejt komisioner\u00ebt e vetingut si t\u00eb korruptuar dhe t\u00eb pap\u00ebrgjegjsh\u00ebm.<\/p>\n<p>\u201cN\u00eb qoft\u00ebse i vetuari deklaron se, 60 milion lek mbi baz\u00ebn e k\u00ebsaj kontrate t\u00eb firmosur n\u00eb p\u00ebrputhje me nenin 801 t\u00eb Kodit Civil n\u00eb vitin 1996, n\u00eb nj\u00eb koh\u00eb kur Kodi Civil i vitit 1996 ka patur gjithsej 230 nene, at\u00ebher\u00eb m\u00eb thuaj mua; veting \u00ebsht\u00eb ky? Ky \u00ebsht\u00eb turp veting.<\/p>\n<p>Ky \u00ebsht\u00eb nj\u00eb akt falsifikimi i turpsh\u00ebm, i kap\u00ebrdir\u00eb me urdh\u00ebr nga t\u00eb gjith\u00eb ata t\u00eb cil\u00ebt e kan\u00eb kaluar.<\/p>\n<p>Mjafton ky fakt, mjafton kjo deklarat\u00eb e saj se un\u00eb kam marr\u00eb borxh tek ish-gruaja e burrit, n\u00eb vitin 1996, me nenet e Kodit 2015, tregon se ajo \u00ebsht\u00eb nj\u00eb mashtruese ordinere dhe tregon se ata q\u00eb kan\u00eb firmosur vetingun e saj, jan\u00eb t\u00eb pap\u00ebrgjegjsh\u00ebm dhe t\u00eb korruptuar, t\u00eb kompromentuar, cilido qoft\u00eb ai.<\/p>\n<p>Si mundet, k\u00ebto jan\u00eb evidente, jan\u00eb t\u00eb shkruara\u201d, tha Berisha.<\/p>\n","protected":false},"excerpt":{"rendered":"<p>Kryetari i Partis\u00eb Demokratike, Sali Berisha, n\u00eb nj\u00eb deklarat\u00eb p\u00ebr gazetar\u00ebt jasht\u00eb ambienteve t\u00eb SPAK, denoncoi si t\u00eb falsifikuar dhe t\u00eb turpsh\u00ebm aktin e\u00a0p\u00ebrdorur nga Irena Gjoka\u00a0n\u00eb procesin e vetingut. Ai tha se nj\u00eb kontrat\u00eb e vitit 1996 p\u00ebrmend nj\u00eb nen t\u00eb Kodit Civil q\u00eb nuk ekzistonte n\u00eb at\u00eb koh\u00eb, duke e cil\u00ebsuar k\u00ebt\u00eb si &hellip;<\/p>\n","protected":false},"author":4,"featured_media":61715,"comment_status":"closed","ping_status":"closed","sticky":false,"template":"","format":"standard","meta":{"footnotes":""},"categories":[37],"tags":[],"class_list":["post-119444","post","type-post","status-publish","format-standard","has-post-thumbnail","","category-politike"],"_links":{"self":[{"href":"https:\/\/rdnews.al\/index.php\/wp-json\/wp\/v2\/posts\/119444","targetHints":{"allow":["GET"]}}],"collection":[{"href":"https:\/\/rdnews.al\/index.php\/wp-json\/wp\/v2\/posts"}],"about":[{"href":"https:\/\/rdnews.al\/index.php\/wp-json\/wp\/v2\/types\/post"}],"author":[{"embeddable":true,"href":"https:\/\/rdnews.al\/index.php\/wp-json\/wp\/v2\/users\/4"}],"replies":[{"embeddable":true,"href":"https:\/\/rdnews.al\/index.php\/wp-json\/wp\/v2\/comments?post=119444"}],"version-history":[{"count":1,"href":"https:\/\/rdnews.al\/index.php\/wp-json\/wp\/v2\/posts\/119444\/revisions"}],"predecessor-version":[{"id":119445,"href":"https:\/\/rdnews.al\/index.php\/wp-json\/wp\/v2\/posts\/119444\/revisions\/119445"}],"wp:featuredmedia":[{"embeddable":true,"href":"https:\/\/rdnews.al\/index.php\/wp-json\/wp\/v2\/media\/61715"}],"wp:attachment":[{"href":"https:\/\/rdnews.al\/index.php\/wp-json\/wp\/v2\/media?parent=119444"}],"wp:term":[{"taxonomy":"category","embeddable":true,"href":"https:\/\/rdnews.al\/index.php\/wp-json\/wp\/v2\/categories?post=119444"},{"taxonomy":"post_tag","embeddable":true,"href":"https:\/\/rdnews.al\/index.php\/wp-json\/wp\/v2\/tags?post=119444"}],"curies":[{"name":"wp","href":"https:\/\/api.w.org\/{rel}","templated":true}]}}