{"id":119464,"date":"2025-07-21T11:23:33","date_gmt":"2025-07-21T11:23:33","guid":{"rendered":"https:\/\/rdnews.al\/?p=119464"},"modified":"2025-07-21T11:24:32","modified_gmt":"2025-07-21T11:24:32","slug":"farsa-elektorale-berisha-sjell-te-tjera-prova-filmike-te-masakres-zgjedhore-me-praktiken-e-trenit-bullgar","status":"publish","type":"post","link":"https:\/\/rdnews.al\/index.php\/2025\/07\/21\/farsa-elektorale-berisha-sjell-te-tjera-prova-filmike-te-masakres-zgjedhore-me-praktiken-e-trenit-bullgar\/","title":{"rendered":"Farsa elektorale\/ Berisha sjell t\u00eb tjera prova filmike t\u00eb masakr\u00ebs zgjedhore me praktik\u00ebn e Trenit Bullgar"},"content":{"rendered":"<p>Kryetari i Partis\u00eb Demokratike, Sali Berisha paraqiti gjat\u00eb nj\u00eb konference shtypi fakte t\u00eb reja me pamje video p\u00ebr fars\u00ebn elektorale t\u00eb 11 majit.<\/p>\n<p>\u201cTani vazhdojm\u00eb pjes\u00ebn tjet\u00ebr sepse mbrojtja, denoncimi i fars\u00ebs elektorale k\u00ebrkon q\u00eb t\u00eb b\u00ebhet publik mund\u00ebsisht \u00e7do fakt, \u00e7do dokument i dhunimit.<\/p>\n<p>Berisha tha se, n\u00eb \u00e7do qend\u00ebr votimi, dokumentohen element\u00eb t\u00eb pakund\u00ebrshtuesh\u00ebm t\u00eb fars\u00ebs elektorale.<\/p>\n<p>\u201cTani, urdh\u00ebro komisioneri me flet\u00eb votimi mbrapa, shikojeni&#8230;<\/p>\n<p>Urdh\u00ebro \u00e7far\u00eb b\u00ebn me t\u00eb.<\/p>\n<p>Urdh\u00ebroni, del jasht\u00eb qendr\u00ebs, jep flet\u00ebn e votimit sepse duhet t\u00eb realizoj\u00eb Trenin Bullgar.<\/p>\n<p>E nxjerr flet\u00ebn e votimit, ia jep kryetarit, m\u00eb pas e hedh p\u00ebrs\u00ebri n\u00eb kutin\u00eb e votimit. K\u00ebta b\u00ebjn\u00eb \u00e7\u2019t\u00eb duan me flet\u00ebn e votimit.<\/p>\n<p>Patronazhisti i shoq\u00ebron votuesit n\u00eb dhom\u00ebn e fsheht\u00eb dhe voton p\u00ebr ta. Ata futen formalisht, sikur t\u00eb jen\u00eb manekin\u00eb.<\/p>\n<p>Edhe k\u00ebtu nxirret fleta e votimit jasht\u00eb p\u00ebr t\u00eb krijuar karuzelin apo Trenin Bullgar.<\/p>\n<p>Ja me flet\u00eb del ai. Tani kthehet prap\u00eb.<\/p>\n<p>Me qindra kuti jan\u00eb me nj\u00eb flet\u00eb votimi mang\u00ebt, \u00e7ka \u00ebsht\u00eb dukuria absolute e karuzelit apo Trenit Bullgar.<\/p>\n<p>Edhe n\u00eb tabel\u00ebn e rezultateve del mang\u00ebt fleta e votimit.<\/p>\n<p>N\u00eb Plangaric\u00eb, Elbasan.<\/p>\n<p>Pra, n\u00eb \u00e7do qend\u00ebr votimi, dokumentohen element\u00eb t\u00eb pakund\u00ebrshtuesh\u00ebm t\u00eb fars\u00ebs elektorale\u201d, tha Berisha.<\/p>\n<div class=\"readmore-text-here\">\n<p><iframe loading=\"lazy\" class=\"rumble\" src=\"https:\/\/rumble.com\/embed\/v6ua25c\/?pub=1j3sut\" width=\"640\" height=\"360\" frameborder=\"0\" allowfullscreen=\"allowfullscreen\" data-mce-fragment=\"1\"><\/iframe><\/p>\n<\/div>\n<div id=\"rekl-33\"><\/div>\n","protected":false},"excerpt":{"rendered":"<p>Kryetari i Partis\u00eb Demokratike, Sali Berisha paraqiti gjat\u00eb nj\u00eb konference shtypi fakte t\u00eb reja me pamje video p\u00ebr fars\u00ebn elektorale t\u00eb 11 majit. \u201cTani vazhdojm\u00eb pjes\u00ebn tjet\u00ebr sepse mbrojtja, denoncimi i fars\u00ebs elektorale k\u00ebrkon q\u00eb t\u00eb b\u00ebhet publik mund\u00ebsisht \u00e7do fakt, \u00e7do dokument i dhunimit. Berisha tha se, n\u00eb \u00e7do qend\u00ebr votimi, dokumentohen element\u00eb t\u00eb &hellip;<\/p>\n","protected":false},"author":4,"featured_media":119465,"comment_status":"closed","ping_status":"closed","sticky":false,"template":"","format":"standard","meta":{"footnotes":""},"categories":[37],"tags":[],"class_list":["post-119464","post","type-post","status-publish","format-standard","has-post-thumbnail","","category-politike"],"_links":{"self":[{"href":"https:\/\/rdnews.al\/index.php\/wp-json\/wp\/v2\/posts\/119464","targetHints":{"allow":["GET"]}}],"collection":[{"href":"https:\/\/rdnews.al\/index.php\/wp-json\/wp\/v2\/posts"}],"about":[{"href":"https:\/\/rdnews.al\/index.php\/wp-json\/wp\/v2\/types\/post"}],"author":[{"embeddable":true,"href":"https:\/\/rdnews.al\/index.php\/wp-json\/wp\/v2\/users\/4"}],"replies":[{"embeddable":true,"href":"https:\/\/rdnews.al\/index.php\/wp-json\/wp\/v2\/comments?post=119464"}],"version-history":[{"count":2,"href":"https:\/\/rdnews.al\/index.php\/wp-json\/wp\/v2\/posts\/119464\/revisions"}],"predecessor-version":[{"id":119468,"href":"https:\/\/rdnews.al\/index.php\/wp-json\/wp\/v2\/posts\/119464\/revisions\/119468"}],"wp:featuredmedia":[{"embeddable":true,"href":"https:\/\/rdnews.al\/index.php\/wp-json\/wp\/v2\/media\/119465"}],"wp:attachment":[{"href":"https:\/\/rdnews.al\/index.php\/wp-json\/wp\/v2\/media?parent=119464"}],"wp:term":[{"taxonomy":"category","embeddable":true,"href":"https:\/\/rdnews.al\/index.php\/wp-json\/wp\/v2\/categories?post=119464"},{"taxonomy":"post_tag","embeddable":true,"href":"https:\/\/rdnews.al\/index.php\/wp-json\/wp\/v2\/tags?post=119464"}],"curies":[{"name":"wp","href":"https:\/\/api.w.org\/{rel}","templated":true}]}}