{"id":119473,"date":"2025-07-21T11:30:43","date_gmt":"2025-07-21T11:30:43","guid":{"rendered":"https:\/\/rdnews.al\/?p=119473"},"modified":"2025-07-21T11:30:43","modified_gmt":"2025-07-21T11:30:43","slug":"berisha-rama-e-ka-marre-peng-bajram-begajn-me-aferen-e-tmerrshme-te-porteve-te-ushtrise-prandaj-nuk-e-cel-gojen-me","status":"publish","type":"post","link":"https:\/\/rdnews.al\/index.php\/2025\/07\/21\/berisha-rama-e-ka-marre-peng-bajram-begajn-me-aferen-e-tmerrshme-te-porteve-te-ushtrise-prandaj-nuk-e-cel-gojen-me\/","title":{"rendered":"Berisha: Rama e ka marr\u00eb peng Bajram Begajn me afer\u00ebn e tmerrshme t\u00eb porteve t\u00eb ushtris\u00eb, prandaj nuk e \u00e7el goj\u00ebn m\u00eb"},"content":{"rendered":"<p>Kreu i PD, Sali Berisha, n\u00eb nj\u00eb deklarat\u00eb p\u00ebr gazetar\u00ebt, akuzoi kryeministrin Edi Rama se ka marr\u00eb peng Presidentin Bajram Begaj p\u00ebrmes afer\u00ebs s\u00eb porteve t\u00eb ushtris\u00eb. Sipas tij, kjo \u00ebsht\u00eb arsyeja pse Begaj nuk flet m\u00eb publikisht.<br \/>\nBerisha theksoi se Gjykata e Lart\u00eb nuk ka kompetenc\u00eb p\u00ebr t\u00eb nd\u00ebrprer\u00eb mandate, nd\u00ebrsa akuzoi Sokol Sadushin se vepron sipas urdhrave t\u00eb Ram\u00ebs.<br \/>\n\u201cGjykata e Lart\u00eb nuk ka asnj\u00eb tag\u00ebr. Po, \u00ebsht\u00eb e v\u00ebrtet\u00eb ajo q\u00eb i njihet e drejta e propozimit, por jo e mbarimit t\u00eb mandateve.<br \/>\nKy \u00ebsht\u00eb problemi!<br \/>\nSokol Sadushi \u00ebsht\u00eb p\u00ebrdorur. Ka p\u00ebrdorur vendin q\u00eb ka n\u00eb Gjykat\u00ebn e Lart\u00eb p\u00ebr t\u00eb b\u00ebr\u00eb gjith\u00e7ka q\u00eb t\u00eb nd\u00ebrpritet mandatin i gjykat\u00ebses apo gjykat\u00ebsve q\u00eb nuk p\u00eblqehen nga Edi Rama&#8230;<br \/>\n&#8230; Po si mund t\u00eb flas\u00ebsh? Po \u00e7far\u00eb ke par\u00eb individuale ose qoft\u00eb dhe nj\u00eb mikron\u00eb t\u00eb ndryshme nga Bajrami nga Edi Rama?<br \/>\nJan\u00eb nj\u00eb ata.<br \/>\nA e ke marr\u00eb vesh? Mjafton t\u00eb lexosh komunikatat q\u00eb l\u00ebshojn\u00eb, me nj\u00eb diferenc\u00eb nj\u00eb or\u00eb nga nj\u00ebra-tjetra, P\u00ebllumbesha dhe Bajrami, q\u00eb i marrin t\u00eb dyja nga Fuga, nga Rama. Por ata harrojn\u00eb se b\u00ebjn\u00eb skandal.<br \/>\nNuk ka aty, ku ekziston ai. Ai ekziston n\u00eb let\u00ebr.<br \/>\nAi ka humbur q\u00eb e ka marr\u00eb peng me afer\u00ebn e tmerrshme t\u00eb porteve t\u00eb ushtris\u00eb, goja e tij nuk \u00e7elet m\u00eb.<br \/>\nNuk \u00e7elet m\u00eb. Nuk ka k\u00ebtu.<br \/>\nKjo \u00ebsht\u00eb ajo q\u00eb mund t\u00eb them\u201d, tha Berisha.<\/p>\n","protected":false},"excerpt":{"rendered":"<p>Kreu i PD, Sali Berisha, n\u00eb nj\u00eb deklarat\u00eb p\u00ebr gazetar\u00ebt, akuzoi kryeministrin Edi Rama se ka marr\u00eb peng Presidentin Bajram Begaj p\u00ebrmes afer\u00ebs s\u00eb porteve t\u00eb ushtris\u00eb. Sipas tij, kjo \u00ebsht\u00eb arsyeja pse Begaj nuk flet m\u00eb publikisht. Berisha theksoi se Gjykata e Lart\u00eb nuk ka kompetenc\u00eb p\u00ebr t\u00eb nd\u00ebrprer\u00eb mandate, nd\u00ebrsa akuzoi Sokol Sadushin &hellip;<\/p>\n","protected":false},"author":4,"featured_media":14239,"comment_status":"closed","ping_status":"closed","sticky":false,"template":"","format":"standard","meta":{"footnotes":""},"categories":[37],"tags":[],"class_list":["post-119473","post","type-post","status-publish","format-standard","has-post-thumbnail","","category-politike"],"_links":{"self":[{"href":"https:\/\/rdnews.al\/index.php\/wp-json\/wp\/v2\/posts\/119473","targetHints":{"allow":["GET"]}}],"collection":[{"href":"https:\/\/rdnews.al\/index.php\/wp-json\/wp\/v2\/posts"}],"about":[{"href":"https:\/\/rdnews.al\/index.php\/wp-json\/wp\/v2\/types\/post"}],"author":[{"embeddable":true,"href":"https:\/\/rdnews.al\/index.php\/wp-json\/wp\/v2\/users\/4"}],"replies":[{"embeddable":true,"href":"https:\/\/rdnews.al\/index.php\/wp-json\/wp\/v2\/comments?post=119473"}],"version-history":[{"count":1,"href":"https:\/\/rdnews.al\/index.php\/wp-json\/wp\/v2\/posts\/119473\/revisions"}],"predecessor-version":[{"id":119474,"href":"https:\/\/rdnews.al\/index.php\/wp-json\/wp\/v2\/posts\/119473\/revisions\/119474"}],"wp:featuredmedia":[{"embeddable":true,"href":"https:\/\/rdnews.al\/index.php\/wp-json\/wp\/v2\/media\/14239"}],"wp:attachment":[{"href":"https:\/\/rdnews.al\/index.php\/wp-json\/wp\/v2\/media?parent=119473"}],"wp:term":[{"taxonomy":"category","embeddable":true,"href":"https:\/\/rdnews.al\/index.php\/wp-json\/wp\/v2\/categories?post=119473"},{"taxonomy":"post_tag","embeddable":true,"href":"https:\/\/rdnews.al\/index.php\/wp-json\/wp\/v2\/tags?post=119473"}],"curies":[{"name":"wp","href":"https:\/\/api.w.org\/{rel}","templated":true}]}}