{"id":119475,"date":"2025-07-21T11:34:39","date_gmt":"2025-07-21T11:34:39","guid":{"rendered":"https:\/\/rdnews.al\/?p=119475"},"modified":"2025-07-21T11:34:39","modified_gmt":"2025-07-21T11:34:39","slug":"berisha-nga-ke-rekomandohet-ndarja-e-partise-nga-shteti-pra-zgjedhjet-jane-zhvilluar-ne-kushtet-e-partise-shtet","status":"publish","type":"post","link":"https:\/\/rdnews.al\/index.php\/2025\/07\/21\/berisha-nga-ke-rekomandohet-ndarja-e-partise-nga-shteti-pra-zgjedhjet-jane-zhvilluar-ne-kushtet-e-partise-shtet\/","title":{"rendered":"Berisha: Nga KE rekomandohet ndarja e partis\u00eb nga shteti! Pra zgjedhjet jan\u00eb zhvilluar n\u00eb kushtet e partis\u00eb shtet!"},"content":{"rendered":"<p>Kryetari i Partis\u00eb Demokratike, Sali Berisha ka vijuar me denoncimin e fars\u00ebs elektorale t\u00eb 11 majit, si dhe ka theksuar se \u2018nga KE rekomandohet ndarja e partis\u00eb nga shteti\u2019.<\/p>\n<p>Berisha tha se, nga KE rekomandohet ndarja e partis\u00eb nga shteti. Pra zgjedhjet jan\u00eb zhvilluar n\u00eb kushtet e partis\u00eb shtet. Fars\u00eb!<\/p>\n<p>\u201cPartia Demokratike \u00ebsht\u00eb Parti Demokratike e hapur, transparente, e gatshme t\u00eb analizoj\u00eb t\u00eb gjith\u00eb veprimtarin\u00eb e saj n\u00eb drit\u00ebn e t\u00eb v\u00ebrtet\u00ebs.<\/p>\n<p>Por n\u00eb k\u00ebt\u00eb periudh\u00eb si\u00e7 e kam shprehur, PD po paraqet t\u00eb v\u00ebrteta t\u00eb m\u00ebdha t\u00eb fars\u00ebs elektorale. Dhe po paraqet me dokumente zyrtare, po paraqet me dokumente t\u00eb pakund\u00ebrshtueshme, por t\u00eb gjitha k\u00ebto nuk mund dhe nuk do t\u00eb pengojn\u00eb PD-n\u00eb t\u00eb b\u00ebj\u00eb analiz\u00ebn m\u00eb t\u00eb plot\u00eb t\u00eb n\u00eb raport me strukturat e veta dhe funksionin e saj.<\/p>\n<p>Mos harro vet\u00ebm nj\u00eb gj\u00eb.<\/p>\n<p>K\u00ebmbanat po bien p\u00ebr fars\u00ebn elektorale.<\/p>\n<p>Kaloi se nuk ke faj, se k\u00ebtu b\u00ebhet nj\u00eb censur\u00eb e tmerrshme.<\/p>\n<p>N\u00eb K\u00ebshillin e Europ\u00ebs, raporti i delegacionit q\u00eb v\u00ebzhgoi zgjedhjet, ka si rekomandim kryesor, ndarjen e partis\u00eb nga shteti, kaq.<\/p>\n<p>Kur ky rekomandim b\u00ebhet p\u00ebr t\u00eb gjith\u00eb ata q\u00eb kan\u00eb alf\u00ebn e kultur\u00ebs ligjore elektorale do t\u00eb thot\u00eb se, aty nuk ka patur zgjedhje, por fars\u00eb elektorale.<\/p>\n<p>Mjafton ky rekomandim; t\u00eb ndahet partia nga shteti. Pra zgjedhjet do t\u00eb thot\u00eb se, jan\u00eb zhvilluar n\u00eb kushtet e partis\u00eb shtet. Fars\u00eb\u201d, tha Berisha.<\/p>\n","protected":false},"excerpt":{"rendered":"<p>Kryetari i Partis\u00eb Demokratike, Sali Berisha ka vijuar me denoncimin e fars\u00ebs elektorale t\u00eb 11 majit, si dhe ka theksuar se \u2018nga KE rekomandohet ndarja e partis\u00eb nga shteti\u2019. Berisha tha se, nga KE rekomandohet ndarja e partis\u00eb nga shteti. Pra zgjedhjet jan\u00eb zhvilluar n\u00eb kushtet e partis\u00eb shtet. Fars\u00eb! \u201cPartia Demokratike \u00ebsht\u00eb Parti Demokratike &hellip;<\/p>\n","protected":false},"author":4,"featured_media":119476,"comment_status":"closed","ping_status":"closed","sticky":false,"template":"","format":"standard","meta":{"footnotes":""},"categories":[37],"tags":[],"class_list":["post-119475","post","type-post","status-publish","format-standard","has-post-thumbnail","","category-politike"],"_links":{"self":[{"href":"https:\/\/rdnews.al\/index.php\/wp-json\/wp\/v2\/posts\/119475","targetHints":{"allow":["GET"]}}],"collection":[{"href":"https:\/\/rdnews.al\/index.php\/wp-json\/wp\/v2\/posts"}],"about":[{"href":"https:\/\/rdnews.al\/index.php\/wp-json\/wp\/v2\/types\/post"}],"author":[{"embeddable":true,"href":"https:\/\/rdnews.al\/index.php\/wp-json\/wp\/v2\/users\/4"}],"replies":[{"embeddable":true,"href":"https:\/\/rdnews.al\/index.php\/wp-json\/wp\/v2\/comments?post=119475"}],"version-history":[{"count":1,"href":"https:\/\/rdnews.al\/index.php\/wp-json\/wp\/v2\/posts\/119475\/revisions"}],"predecessor-version":[{"id":119477,"href":"https:\/\/rdnews.al\/index.php\/wp-json\/wp\/v2\/posts\/119475\/revisions\/119477"}],"wp:featuredmedia":[{"embeddable":true,"href":"https:\/\/rdnews.al\/index.php\/wp-json\/wp\/v2\/media\/119476"}],"wp:attachment":[{"href":"https:\/\/rdnews.al\/index.php\/wp-json\/wp\/v2\/media?parent=119475"}],"wp:term":[{"taxonomy":"category","embeddable":true,"href":"https:\/\/rdnews.al\/index.php\/wp-json\/wp\/v2\/categories?post=119475"},{"taxonomy":"post_tag","embeddable":true,"href":"https:\/\/rdnews.al\/index.php\/wp-json\/wp\/v2\/tags?post=119475"}],"curies":[{"name":"wp","href":"https:\/\/api.w.org\/{rel}","templated":true}]}}