{"id":119483,"date":"2025-07-21T11:47:44","date_gmt":"2025-07-21T11:47:44","guid":{"rendered":"https:\/\/rdnews.al\/?p=119483"},"modified":"2025-07-21T12:22:55","modified_gmt":"2025-07-21T12:22:55","slug":"urdhri-i-rubios-berisha-departamenti-i-shtetit-deklaroi-se-zgjedhjet-nuk-kane-qene-te-lira","status":"publish","type":"post","link":"https:\/\/rdnews.al\/index.php\/2025\/07\/21\/urdhri-i-rubios-berisha-departamenti-i-shtetit-deklaroi-se-zgjedhjet-nuk-kane-qene-te-lira\/","title":{"rendered":"Urdh\u00ebri i Rubios\/ Departamenti i Shtetit deklaroi se zgjedhjet nuk kan\u00eb qen\u00eb t\u00eb lira!"},"content":{"rendered":"<p>Kryetari i PD, Sali Berisha u \u00ebsht\u00eb p\u00ebrgjigjur pyetje t\u00eb gazetar\u00ebve p\u00ebr deklarat\u00ebn e Sekretarit Rubio.<\/p>\n<p>Berisha tha se, po ta lexosh t\u00eb plot\u00eb at\u00eb udh\u00ebzim, thot\u00eb q\u00eb sekretari Rubio uroi presidentin e k\u00ebtij vendi p\u00ebr fitoren, uroi kryeministrin e nj\u00eb vendi tjet\u00ebr p\u00ebr fitoren, po Edi Ram\u00ebs nuk ka kush t\u2019i shkruaj\u00eb.<\/p>\n<p>\u201cPolitikat zyrtare t\u00eb administrat\u00ebs s\u00eb SHBA, bazuar n\u00eb parimin \u2018America first\u2019 jan\u00eb tashm\u00eb t\u00eb qarta.<\/p>\n<p>Por p\u00ebr nj\u00eb vend an\u00ebtar t\u00eb NATO-s, q\u00eb zhvillon fars\u00eb elektorale dhe q\u00eb nuk merr dot- se po ta lexosh t\u00eb plot\u00eb at\u00eb udh\u00ebzim, thot\u00eb q\u00eb sekretari Rubio uroi presidentin e k\u00ebtij vendi p\u00ebr fitoren, uroi kryeministrin e nj\u00eb vendi tjet\u00ebr p\u00ebr fitoren, po Edi Ram\u00ebs nuk ka kush t\u2019i shkruaj\u00eb.<\/p>\n<p>Nuk mori asnj\u00eb urim.<\/p>\n<p>Un\u00eb e kuptova se mjafton t\u00eb lexosh mediat e tij se si u g\u00ebzuan nga deklarata. U g\u00ebzuan, u hodh\u00ebn p\u00ebrpjet\u00eb me kryeartikuj, mir\u00ebpo harruan se me at\u00eb m\u00eb ndihmuan mua se ata provuan se farsa ka ndodhur por nuk do na thot\u00eb kush gj\u00eb.<\/p>\n<p>Jo, nuk \u00ebsht\u00eb e v\u00ebrtet\u00eb.<\/p>\n<p>I pyetur, nga nj\u00ebri prej gazetar\u00ebve m\u00eb serioz\u00eb, i akredituar n\u00eb Sht\u00ebpin\u00eb e Bardh\u00eb, Departamenti i Shtetit iu tha q\u00eb zgjedhjet nuk kan\u00eb qen\u00eb t\u00eb lira. Kaq \u00ebsht\u00eb.<\/p>\n<p>Pra jo vet\u00ebm q\u00eb nuk erdhi urimi, por u tha q\u00eb zgjedhjet nuk kan\u00eb qen\u00eb t\u00eb lira.<\/p>\n<p>K\u00ebshtu q\u00eb ky \u00ebsht\u00eb komenti im\u201d, tha Berisha.<\/p>\n<p><a href=\"https:\/\/www.facebook.com\/photo\/?fbid=2090769364668040&amp;set=pcb.2090769481334695&amp;__cft__%5b0%5d=AZUJNvJ9-ThksIE9JSP-oQaYTcFzPDjLVllFoBAundIJiVmzAnbdiZUGUIAGQZqxRYTFXA_pIx2d1o86nZPtO8GRexn5v0x6MNvnpUT27qBM3TEQuyiixj5AoD6mVZlc_KNd8burbnhXUE4lS8gAjjSqOXBZsVMH6LyoU3ldSu7kCA&amp;__tn__=*b1H-R\" target=\"_blank\" rel=\"noopener\">\u00a0<\/a><\/p>\n","protected":false},"excerpt":{"rendered":"<p>Kryetari i PD, Sali Berisha u \u00ebsht\u00eb p\u00ebrgjigjur pyetje t\u00eb gazetar\u00ebve p\u00ebr deklarat\u00ebn e Sekretarit Rubio. Berisha tha se, po ta lexosh t\u00eb plot\u00eb at\u00eb udh\u00ebzim, thot\u00eb q\u00eb sekretari Rubio uroi presidentin e k\u00ebtij vendi p\u00ebr fitoren, uroi kryeministrin e nj\u00eb vendi tjet\u00ebr p\u00ebr fitoren, po Edi Ram\u00ebs nuk ka kush t\u2019i shkruaj\u00eb. \u201cPolitikat zyrtare &hellip;<\/p>\n","protected":false},"author":4,"featured_media":114512,"comment_status":"closed","ping_status":"closed","sticky":false,"template":"","format":"standard","meta":{"footnotes":""},"categories":[37],"tags":[],"class_list":["post-119483","post","type-post","status-publish","format-standard","has-post-thumbnail","","category-politike"],"_links":{"self":[{"href":"https:\/\/rdnews.al\/index.php\/wp-json\/wp\/v2\/posts\/119483","targetHints":{"allow":["GET"]}}],"collection":[{"href":"https:\/\/rdnews.al\/index.php\/wp-json\/wp\/v2\/posts"}],"about":[{"href":"https:\/\/rdnews.al\/index.php\/wp-json\/wp\/v2\/types\/post"}],"author":[{"embeddable":true,"href":"https:\/\/rdnews.al\/index.php\/wp-json\/wp\/v2\/users\/4"}],"replies":[{"embeddable":true,"href":"https:\/\/rdnews.al\/index.php\/wp-json\/wp\/v2\/comments?post=119483"}],"version-history":[{"count":3,"href":"https:\/\/rdnews.al\/index.php\/wp-json\/wp\/v2\/posts\/119483\/revisions"}],"predecessor-version":[{"id":119486,"href":"https:\/\/rdnews.al\/index.php\/wp-json\/wp\/v2\/posts\/119483\/revisions\/119486"}],"wp:featuredmedia":[{"embeddable":true,"href":"https:\/\/rdnews.al\/index.php\/wp-json\/wp\/v2\/media\/114512"}],"wp:attachment":[{"href":"https:\/\/rdnews.al\/index.php\/wp-json\/wp\/v2\/media?parent=119483"}],"wp:term":[{"taxonomy":"category","embeddable":true,"href":"https:\/\/rdnews.al\/index.php\/wp-json\/wp\/v2\/categories?post=119483"},{"taxonomy":"post_tag","embeddable":true,"href":"https:\/\/rdnews.al\/index.php\/wp-json\/wp\/v2\/tags?post=119483"}],"curies":[{"name":"wp","href":"https:\/\/api.w.org\/{rel}","templated":true}]}}