{"id":119487,"date":"2025-07-21T14:36:17","date_gmt":"2025-07-21T14:36:17","guid":{"rendered":"https:\/\/rdnews.al\/?p=119487"},"modified":"2025-07-21T14:36:17","modified_gmt":"2025-07-21T14:36:17","slug":"ministrat-rrihen-ne-paradhomen-e-rames","status":"publish","type":"post","link":"https:\/\/rdnews.al\/index.php\/2025\/07\/21\/ministrat-rrihen-ne-paradhomen-e-rames\/","title":{"rendered":"Ministrat rrihen n\u00eb paradhom\u00ebn e Ram\u00ebs"},"content":{"rendered":"<p>Nj\u00eb p\u00ebrplasje e ashp\u00ebr mendohet se ka tronditur zyrat e Kryeministris\u00eb, ku n\u00eb hollin (para dhom\u00ebn) q\u00eb t\u00eb \u00e7on drejt zyr\u00ebs s\u00eb Edi Ram\u00ebs ka shp\u00ebrthyer nj\u00eb sherr mes ministrit t\u00eb Financave, Petrit Malaj dhe ministrit t\u00eb Jasht\u00ebm, Igli Hasani, b\u00ebjn\u00eb me dije p\u00ebr Syri-n burimet. Situata \u00ebsht\u00eb p\u00ebrshkall\u00ebzuar kur Malaj ka ngritur tonet dhe \u00ebsht\u00eb afruar n\u00eb m\u00ebnyr\u00eb k\u00ebrc\u00ebnuese ndaj Ministrit t\u00eb Jasht\u00ebm, Igli Hasanit. N\u00eb momentet tensionuese, Malaj thuhet se ka tentuar ta godas\u00eb me grusht Hasanin, nd\u00ebrsa t\u00eb pranishmit kan\u00eb mbetur t\u00eb shtangur. Por n\u00eb k\u00ebt\u00eb moment, ka nd\u00ebrhyr\u00eb ministri i Drejt\u00ebsis\u00eb, Ulsi Manja, i cili arriti t\u00eb shmangte p\u00ebrplasjen fizike.\/Syri.net<\/p>\n","protected":false},"excerpt":{"rendered":"<p>Nj\u00eb p\u00ebrplasje e ashp\u00ebr mendohet se ka tronditur zyrat e Kryeministris\u00eb, ku n\u00eb hollin (para dhom\u00ebn) q\u00eb t\u00eb \u00e7on drejt zyr\u00ebs s\u00eb Edi Ram\u00ebs ka shp\u00ebrthyer nj\u00eb sherr mes ministrit t\u00eb Financave, Petrit Malaj dhe ministrit t\u00eb Jasht\u00ebm, Igli Hasani, b\u00ebjn\u00eb me dije p\u00ebr Syri-n burimet. Situata \u00ebsht\u00eb p\u00ebrshkall\u00ebzuar kur Malaj ka ngritur tonet dhe &hellip;<\/p>\n","protected":false},"author":3,"featured_media":49111,"comment_status":"closed","ping_status":"closed","sticky":false,"template":"","format":"standard","meta":{"footnotes":""},"categories":[37],"tags":[],"class_list":["post-119487","post","type-post","status-publish","format-standard","has-post-thumbnail","","category-politike"],"_links":{"self":[{"href":"https:\/\/rdnews.al\/index.php\/wp-json\/wp\/v2\/posts\/119487","targetHints":{"allow":["GET"]}}],"collection":[{"href":"https:\/\/rdnews.al\/index.php\/wp-json\/wp\/v2\/posts"}],"about":[{"href":"https:\/\/rdnews.al\/index.php\/wp-json\/wp\/v2\/types\/post"}],"author":[{"embeddable":true,"href":"https:\/\/rdnews.al\/index.php\/wp-json\/wp\/v2\/users\/3"}],"replies":[{"embeddable":true,"href":"https:\/\/rdnews.al\/index.php\/wp-json\/wp\/v2\/comments?post=119487"}],"version-history":[{"count":1,"href":"https:\/\/rdnews.al\/index.php\/wp-json\/wp\/v2\/posts\/119487\/revisions"}],"predecessor-version":[{"id":119488,"href":"https:\/\/rdnews.al\/index.php\/wp-json\/wp\/v2\/posts\/119487\/revisions\/119488"}],"wp:featuredmedia":[{"embeddable":true,"href":"https:\/\/rdnews.al\/index.php\/wp-json\/wp\/v2\/media\/49111"}],"wp:attachment":[{"href":"https:\/\/rdnews.al\/index.php\/wp-json\/wp\/v2\/media?parent=119487"}],"wp:term":[{"taxonomy":"category","embeddable":true,"href":"https:\/\/rdnews.al\/index.php\/wp-json\/wp\/v2\/categories?post=119487"},{"taxonomy":"post_tag","embeddable":true,"href":"https:\/\/rdnews.al\/index.php\/wp-json\/wp\/v2\/tags?post=119487"}],"curies":[{"name":"wp","href":"https:\/\/api.w.org\/{rel}","templated":true}]}}