{"id":119489,"date":"2025-07-21T15:16:04","date_gmt":"2025-07-21T15:16:04","guid":{"rendered":"https:\/\/rdnews.al\/?p=119489"},"modified":"2025-07-21T15:16:04","modified_gmt":"2025-07-21T15:16:04","slug":"e-verteta-vonon-por-nuk-harron","status":"publish","type":"post","link":"https:\/\/rdnews.al\/index.php\/2025\/07\/21\/e-verteta-vonon-por-nuk-harron\/","title":{"rendered":"E v\u00ebrteta vonon, por nuk harron"},"content":{"rendered":"<p>Albana VOKSHI<\/p>\n<p>GJKKO m\u00eb shpalli t\u00eb pafajshme ndaj padis\u00eb p\u00ebr shpifje nga Vilma Nushi.<\/p>\n<p>Ishte nj\u00eb vendim i pashmangsh\u00ebm. Nj\u00eb vendim i bazuar n\u00eb fakte q\u00eb nuk mund t\u00eb shtremb\u00ebroheshin, nuk mund t\u00eb fshiheshin, pavar\u00ebsisht presioneve.<\/p>\n<p>P\u00ebrball\u00eb nuk kam thjesht dik\u00eb q\u00eb ka nj\u00eb biznes, por nj\u00eb biznes q\u00eb financon Edi Ram\u00ebn n\u00eb fushat\u00eb, dhe q\u00eb Edi Rama e ka shp\u00ebrblyer me miliona euro nga taksat tona p\u00ebr koncesionin e d\u00ebshtuar t\u00eb check-up-it.<\/p>\n<p>Kam nj\u00eb apel p\u00ebr \u00e7do qytetar: Mos heshtni! N\u00ebse heshtim sot, do t\u00eb b\u00ebhet edhe m\u00eb keq nes\u00ebr.<br \/>\nMos pranoni dhun\u00ebn e qeveris\u00eb dhe t\u00eb Edi Ram\u00ebs q\u00eb ju zhvat me taksa dhe vendime t\u00eb padrejta!<br \/>\nMos pranoni dhun\u00ebn e oligark\u00ebve q\u00eb ju rrjepin me \u00e7mime t\u00eb larta abuzive, q\u00eb nga ila\u00e7et deri tek ushqimet!<br \/>\nMos pranoni t\u00eb rimbursohen miliona euro p\u00ebr ila\u00e7e q\u00eb nuk hyjn\u00eb kurr\u00eb n\u00eb Shqip\u00ebri!<br \/>\nMos pranoni dhun\u00ebn e nj\u00eb shteti kriminal q\u00eb ju vjedh vot\u00ebn dhe pastaj ju merr gjith\u00e7ka tjet\u00ebr pa ju pyetur!<\/p>\n<p>Beteja ime nuk \u00ebsht\u00eb personale. Kam ngritur z\u00ebrin p\u00ebr interesin publik: q\u00eb t\u00eb qeverisemi m\u00eb mir\u00eb, t\u00eb mos vidhemi, t\u00eb jetojm\u00eb n\u00eb nj\u00eb vend m\u00eb t\u00eb drejt\u00eb.<\/p>\n<p>Shqiptar\u00ebt meritojn\u00eb sh\u00ebndet\u00ebsi, meritojn\u00eb t\u00eb trajtohen dhe jo t\u00eb vriten n\u00eb dyert e spitaleve!<br \/>\nPa sh\u00ebndet\u00ebsi, nuk ka jet\u00eb! Nuk ka integrim!<\/p>\n<p>Mua do t\u00eb m\u00eb ket\u00eb p\u00ebrball\u00eb kushdo q\u00eb pushtetin e p\u00ebrdor p\u00ebr t\u00eb vjedhur njer\u00ebzit dhe p\u00ebr t\u00eb na e b\u00ebr\u00eb jet\u00ebn m\u00eb t\u00eb v\u00ebshtir\u00eb t\u00eb gjith\u00ebve.<\/p>\n<p>Nuk ndalemi!<br \/>\n#EV\u00ebrtetaFiton #StopKoncesioneveAbuzive<\/p>\n","protected":false},"excerpt":{"rendered":"<p>Albana VOKSHI GJKKO m\u00eb shpalli t\u00eb pafajshme ndaj padis\u00eb p\u00ebr shpifje nga Vilma Nushi. Ishte nj\u00eb vendim i pashmangsh\u00ebm. Nj\u00eb vendim i bazuar n\u00eb fakte q\u00eb nuk mund t\u00eb shtremb\u00ebroheshin, nuk mund t\u00eb fshiheshin, pavar\u00ebsisht presioneve. P\u00ebrball\u00eb nuk kam thjesht dik\u00eb q\u00eb ka nj\u00eb biznes, por nj\u00eb biznes q\u00eb financon Edi Ram\u00ebn n\u00eb fushat\u00eb, dhe &hellip;<\/p>\n","protected":false},"author":3,"featured_media":119490,"comment_status":"closed","ping_status":"closed","sticky":false,"template":"","format":"standard","meta":{"footnotes":""},"categories":[37],"tags":[],"class_list":["post-119489","post","type-post","status-publish","format-standard","has-post-thumbnail","","category-politike"],"_links":{"self":[{"href":"https:\/\/rdnews.al\/index.php\/wp-json\/wp\/v2\/posts\/119489","targetHints":{"allow":["GET"]}}],"collection":[{"href":"https:\/\/rdnews.al\/index.php\/wp-json\/wp\/v2\/posts"}],"about":[{"href":"https:\/\/rdnews.al\/index.php\/wp-json\/wp\/v2\/types\/post"}],"author":[{"embeddable":true,"href":"https:\/\/rdnews.al\/index.php\/wp-json\/wp\/v2\/users\/3"}],"replies":[{"embeddable":true,"href":"https:\/\/rdnews.al\/index.php\/wp-json\/wp\/v2\/comments?post=119489"}],"version-history":[{"count":1,"href":"https:\/\/rdnews.al\/index.php\/wp-json\/wp\/v2\/posts\/119489\/revisions"}],"predecessor-version":[{"id":119491,"href":"https:\/\/rdnews.al\/index.php\/wp-json\/wp\/v2\/posts\/119489\/revisions\/119491"}],"wp:featuredmedia":[{"embeddable":true,"href":"https:\/\/rdnews.al\/index.php\/wp-json\/wp\/v2\/media\/119490"}],"wp:attachment":[{"href":"https:\/\/rdnews.al\/index.php\/wp-json\/wp\/v2\/media?parent=119489"}],"wp:term":[{"taxonomy":"category","embeddable":true,"href":"https:\/\/rdnews.al\/index.php\/wp-json\/wp\/v2\/categories?post=119489"},{"taxonomy":"post_tag","embeddable":true,"href":"https:\/\/rdnews.al\/index.php\/wp-json\/wp\/v2\/tags?post=119489"}],"curies":[{"name":"wp","href":"https:\/\/api.w.org\/{rel}","templated":true}]}}