{"id":119579,"date":"2025-07-22T19:42:48","date_gmt":"2025-07-22T19:42:48","guid":{"rendered":"https:\/\/rdnews.al\/?p=119579"},"modified":"2025-07-22T19:45:07","modified_gmt":"2025-07-22T19:45:07","slug":"trump-obama-kryetari-i-bandes-ne-krimin-me-te-madh-politik","status":"publish","type":"post","link":"https:\/\/rdnews.al\/index.php\/2025\/07\/22\/trump-obama-kryetari-i-bandes-ne-krimin-me-te-madh-politik\/","title":{"rendered":"Trump: Obama, Kryetari i band\u00ebs n\u00eb krimin m\u00eb t\u00eb madh politik"},"content":{"rendered":"<p>Presidenti i SHBA, Donald Trump, ka hedhur akuza t\u00eb r\u00ebnda ndaj paraardh\u00ebsit t\u00eb tij, Barack Obama, duke e cil\u00ebsuar si \u201ckryetar bande\u201d dhe duke e akuzuar p\u00ebr tradhti dhe komplot.<\/p>\n<p>Deklarata erdhi gjat\u00eb nj\u00eb interviste n\u00eb Zyr\u00ebn Ovale, kur Trump u pyet p\u00ebr \u00e7\u00ebshtjen e Jeffrey Epstein, por shpejt e kaloi diskutimin te nj\u00eb sulm ndaj Obam\u00ebs.<\/p>\n<p>Trump pretendon se Obama ka qen\u00eb n\u00eb qend\u00ebr t\u00eb nisjes s\u00eb hetimit p\u00ebr nd\u00ebrhyrjen e mundshme t\u00eb Rusis\u00eb n\u00eb zgjedhjet e vitit 2016, nj\u00eb \u00e7\u00ebshtje q\u00eb ka hedhur hije mbi mandatin e tij t\u00eb par\u00eb presidencial.<\/p>\n<p>\u201cE nisi presidenti Obama dhe ishin t\u00eb gjith\u00eb aty \u2013 Joe Biden, James Comey, James Clapper dhe John Brennan. T\u00eb gjith\u00eb pjes\u00eb e komplotit,\u201d \u2013 u shpreh Trump, duke shtuar:<\/p>\n<p>\u201cObama ishte kryetari i band\u00ebs\u2026 Ai \u00ebsht\u00eb fajtor.\u201d<\/p>\n<p>Trump deklaroi gjithashtu se dokumente t\u00eb publikuara s\u00eb fundmi nga Drejtoresha e Inteligjenc\u00ebs Komb\u00ebtare, Tulsi Gabbard, sipas tij, provojn\u00eb p\u00ebrfshirjen e Obam\u00ebs n\u00eb at\u00eb q\u00eb e cil\u00ebson si \u201ckrimi m\u00eb i madh politik\u201d.<\/p>\n<p>\u201cE sakt\u00eb apo e gabuar, ka ardhur koha t\u00eb ndiqen penalisht disa njer\u00ebz,\u201d p\u00ebrfundoi Trump, duke dh\u00ebn\u00eb sinjale p\u00ebr hakmarrje politike ndaj ish-administrat\u00ebs Obama-Biden.<\/p>\n","protected":false},"excerpt":{"rendered":"<p>Presidenti i SHBA, Donald Trump, ka hedhur akuza t\u00eb r\u00ebnda ndaj paraardh\u00ebsit t\u00eb tij, Barack Obama, duke e cil\u00ebsuar si \u201ckryetar bande\u201d dhe duke e akuzuar p\u00ebr tradhti dhe komplot. Deklarata erdhi gjat\u00eb nj\u00eb interviste n\u00eb Zyr\u00ebn Ovale, kur Trump u pyet p\u00ebr \u00e7\u00ebshtjen e Jeffrey Epstein, por shpejt e kaloi diskutimin te nj\u00eb sulm &hellip;<\/p>\n","protected":false},"author":3,"featured_media":119582,"comment_status":"closed","ping_status":"closed","sticky":false,"template":"","format":"standard","meta":{"footnotes":""},"categories":[38],"tags":[],"class_list":["post-119579","post","type-post","status-publish","format-standard","has-post-thumbnail","","category-bota"],"_links":{"self":[{"href":"https:\/\/rdnews.al\/index.php\/wp-json\/wp\/v2\/posts\/119579","targetHints":{"allow":["GET"]}}],"collection":[{"href":"https:\/\/rdnews.al\/index.php\/wp-json\/wp\/v2\/posts"}],"about":[{"href":"https:\/\/rdnews.al\/index.php\/wp-json\/wp\/v2\/types\/post"}],"author":[{"embeddable":true,"href":"https:\/\/rdnews.al\/index.php\/wp-json\/wp\/v2\/users\/3"}],"replies":[{"embeddable":true,"href":"https:\/\/rdnews.al\/index.php\/wp-json\/wp\/v2\/comments?post=119579"}],"version-history":[{"count":1,"href":"https:\/\/rdnews.al\/index.php\/wp-json\/wp\/v2\/posts\/119579\/revisions"}],"predecessor-version":[{"id":119581,"href":"https:\/\/rdnews.al\/index.php\/wp-json\/wp\/v2\/posts\/119579\/revisions\/119581"}],"wp:featuredmedia":[{"embeddable":true,"href":"https:\/\/rdnews.al\/index.php\/wp-json\/wp\/v2\/media\/119582"}],"wp:attachment":[{"href":"https:\/\/rdnews.al\/index.php\/wp-json\/wp\/v2\/media?parent=119579"}],"wp:term":[{"taxonomy":"category","embeddable":true,"href":"https:\/\/rdnews.al\/index.php\/wp-json\/wp\/v2\/categories?post=119579"},{"taxonomy":"post_tag","embeddable":true,"href":"https:\/\/rdnews.al\/index.php\/wp-json\/wp\/v2\/tags?post=119579"}],"curies":[{"name":"wp","href":"https:\/\/api.w.org\/{rel}","templated":true}]}}