{"id":119681,"date":"2025-07-24T09:52:10","date_gmt":"2025-07-24T09:52:10","guid":{"rendered":"https:\/\/rdnews.al\/?p=119681"},"modified":"2025-07-24T09:52:10","modified_gmt":"2025-07-24T09:52:10","slug":"i-vrasin-ne-gjume-babain-policia-fsheh-autorin-berisha-publikon-denoncimin-trondites","status":"publish","type":"post","link":"https:\/\/rdnews.al\/index.php\/2025\/07\/24\/i-vrasin-ne-gjume-babain-policia-fsheh-autorin-berisha-publikon-denoncimin-trondites\/","title":{"rendered":"I vrasin n\u00eb gjum\u00eb babain, policia fsheh autorin!\u00a0Berisha publikon denoncimin trondit\u00ebs"},"content":{"rendered":"<p>Kryetari i PD dhe ish-kryeministri Sali Berisha ka publikuar nj\u00eb denoncim t\u00eb r\u00ebnd\u00eb, duke akuzuar Policin\u00eb dhe Prokurorin\u00eb p\u00ebr fshehjen e nj\u00eb vrasjeje t\u00eb kryer n\u00eb m\u00ebnyr\u00eb mizore n\u00eb Mirdit\u00eb. Sipas denoncimit t\u00eb vajz\u00ebs s\u00eb viktim\u00ebs, Frederik Radi, ai \u00ebsht\u00eb vrar\u00eb n\u00eb gjum\u00eb m\u00eb 20 gusht 2024 n\u00eb sht\u00ebpin\u00eb e tij n\u00eb Lajthiz\u00eb, nd\u00ebrsa autor\u00ebt jan\u00eb t\u00eb njohur p\u00ebr autoritetet, por nuk \u00ebsht\u00eb marr\u00eb asnj\u00eb mas\u00eb ndaj tyre.<\/p>\n<p>Berisha shkruan se, e d\u00ebnon me forc\u00ebn m\u00eb t\u00eb madhe fshehjen e k\u00ebsaj vrasjeje \u00e7njer\u00ebzore!<\/p>\n<p><strong>Denoncimi i plot\u00eb<\/strong><\/p>\n<p><em>I vrasin n\u00eb gjum\u00eb babain, policia fsheh autorin!<\/em><br \/>\n<em>[\ud83d\udce9<\/em><em>] Lexoni denoncimin e vajz\u00ebs s\u00eb viktim\u00ebs, d\u00ebnoj me forc\u00ebn m\u00eb t\u00eb madhe fshehjen e vrasjes t\u00eb babait t\u00eb saj!<\/em><br \/>\n<em>P\u00ebrsh\u00ebndetje z. Berisha,<\/em><br \/>\n<em>Po ju drejtohem me shum\u00eb dhimbje, por edhe me shpres\u00ebn e fundit q\u00eb m\u00eb ka mbetur, sepse prej institucioneve t\u00eb drejt\u00ebsis\u00eb kam marr\u00eb vet\u00ebm heshtje dhe padrejt\u00ebsi.<\/em><br \/>\n<em>Babai im, Frederik Radi, \u00ebsht\u00eb vrar\u00eb n\u00eb gjum\u00eb, n\u00eb m\u00ebnyr\u00eb t\u00eb pabes\u00eb dhe mizore, m\u00eb 20 gusht 2024, n\u00eb sht\u00ebpin\u00eb e tij n\u00eb Lajthiz\u00eb, Mirdit\u00eb. Prej asaj dite, pavar\u00ebsisht se Policia e Lezh\u00ebs, Policia e Rr\u00ebshenit dhe Prokuroria jan\u00eb n\u00eb dijeni t\u00eb plot\u00eb kush jan\u00eb autor\u00ebt, nuk \u00ebsht\u00eb marr\u00eb asnj\u00eb mas\u00eb ligjore. T\u00eb gjith\u00eb heshtin.<\/em><br \/>\n<em>Ne kemi arsye t\u00eb forta t\u00eb besojm\u00eb se pal\u00eb t\u00eb fuqishme kan\u00eb nd\u00ebrhyr\u00eb n\u00eb hetim dhe po mbrojn\u00eb vras\u00ebsit. Kjo \u00ebsht\u00eb nj\u00eb padrejt\u00ebsi e tmerrshme, dhe shteti po tregohet i pafuqish\u00ebm \u2013 ose i kapur.<\/em><br \/>\n<em>Zoti Berisha, ju jeni z\u00ebri i vet\u00ebm q\u00eb arrin t\u00eb \u00e7oj\u00eb t\u00eb v\u00ebrtet\u00ebn n\u00eb drit\u00ebn e opinionit publik. Ju lutem, ju b\u00ebj thirrje si qytetare dhe si e bija i nj\u00eb njeriu t\u00eb pafajsh\u00ebm q\u00eb \u00ebsht\u00eb vrar\u00eb mizorisht: ndihmoni q\u00eb kjo \u00e7\u00ebshtje t\u00eb b\u00ebhet publike! Ndihmoni q\u00eb t\u00eb ushtrohet presion publik mbi institucionet q\u00eb kan\u00eb zgjedhur t\u00eb heshtin.<\/em><br \/>\n<em>Pa ndihm\u00ebn tuaj dhe pa jehon\u00eb mediatike, kjo vrasje do t\u00eb mbulohet me pluhur dhe kriminel\u00ebt do t\u00eb vazhdojn\u00eb t\u00eb ecin t\u00eb lir\u00eb. Mos lejoni q\u00eb drejt\u00ebsia t\u00eb vdes\u00eb bashk\u00eb me viktim\u00ebn!<\/em><\/p>\n<div class=\"readmore-text-here\">\n<p><iframe loading=\"lazy\" src=\"https:\/\/www.facebook.com\/plugins\/post.php?href=https%3A%2F%2Fwww.facebook.com%2FSaliBerisha%2Fposts%2Fpfbid02JfSnWihHALsZ9nUAAvCTUWdHj79KTrfwFfs16h3VqTXFxkZnVfBvFtctUSKEKHzql&amp;show_text=true&amp;width=500\" width=\"500\" height=\"659\" frameborder=\"0\" scrolling=\"no\" allowfullscreen=\"allowfullscreen\" data-mce-fragment=\"1\"><\/iframe><\/p>\n<div id=\"rekl-57\"><\/div>\n<\/div>\n","protected":false},"excerpt":{"rendered":"<p>Kryetari i PD dhe ish-kryeministri Sali Berisha ka publikuar nj\u00eb denoncim t\u00eb r\u00ebnd\u00eb, duke akuzuar Policin\u00eb dhe Prokurorin\u00eb p\u00ebr fshehjen e nj\u00eb vrasjeje t\u00eb kryer n\u00eb m\u00ebnyr\u00eb mizore n\u00eb Mirdit\u00eb. Sipas denoncimit t\u00eb vajz\u00ebs s\u00eb viktim\u00ebs, Frederik Radi, ai \u00ebsht\u00eb vrar\u00eb n\u00eb gjum\u00eb m\u00eb 20 gusht 2024 n\u00eb sht\u00ebpin\u00eb e tij n\u00eb Lajthiz\u00eb, nd\u00ebrsa autor\u00ebt &hellip;<\/p>\n","protected":false},"author":4,"featured_media":119682,"comment_status":"closed","ping_status":"closed","sticky":false,"template":"","format":"standard","meta":{"footnotes":""},"categories":[37],"tags":[],"class_list":["post-119681","post","type-post","status-publish","format-standard","has-post-thumbnail","","category-politike"],"_links":{"self":[{"href":"https:\/\/rdnews.al\/index.php\/wp-json\/wp\/v2\/posts\/119681","targetHints":{"allow":["GET"]}}],"collection":[{"href":"https:\/\/rdnews.al\/index.php\/wp-json\/wp\/v2\/posts"}],"about":[{"href":"https:\/\/rdnews.al\/index.php\/wp-json\/wp\/v2\/types\/post"}],"author":[{"embeddable":true,"href":"https:\/\/rdnews.al\/index.php\/wp-json\/wp\/v2\/users\/4"}],"replies":[{"embeddable":true,"href":"https:\/\/rdnews.al\/index.php\/wp-json\/wp\/v2\/comments?post=119681"}],"version-history":[{"count":1,"href":"https:\/\/rdnews.al\/index.php\/wp-json\/wp\/v2\/posts\/119681\/revisions"}],"predecessor-version":[{"id":119683,"href":"https:\/\/rdnews.al\/index.php\/wp-json\/wp\/v2\/posts\/119681\/revisions\/119683"}],"wp:featuredmedia":[{"embeddable":true,"href":"https:\/\/rdnews.al\/index.php\/wp-json\/wp\/v2\/media\/119682"}],"wp:attachment":[{"href":"https:\/\/rdnews.al\/index.php\/wp-json\/wp\/v2\/media?parent=119681"}],"wp:term":[{"taxonomy":"category","embeddable":true,"href":"https:\/\/rdnews.al\/index.php\/wp-json\/wp\/v2\/categories?post=119681"},{"taxonomy":"post_tag","embeddable":true,"href":"https:\/\/rdnews.al\/index.php\/wp-json\/wp\/v2\/tags?post=119681"}],"curies":[{"name":"wp","href":"https:\/\/api.w.org\/{rel}","templated":true}]}}