{"id":119727,"date":"2025-07-24T19:48:34","date_gmt":"2025-07-24T19:48:34","guid":{"rendered":"https:\/\/rdnews.al\/?p=119727"},"modified":"2025-07-24T20:05:15","modified_gmt":"2025-07-24T20:05:15","slug":"kellici-rama-nuk-ka-vendosur-fatin-politik-te-veliajt-po-negociohet-sa-vite-burg-do-beje","status":"publish","type":"post","link":"https:\/\/rdnews.al\/index.php\/2025\/07\/24\/kellici-rama-nuk-ka-vendosur-fatin-politik-te-veliajt-po-negociohet-sa-vite-burg-do-beje\/","title":{"rendered":"K\u00eblli\u00e7i: Rama nuk ka vendosur ende p\u00ebr fatin e Veliajt! Po negociohet sa vite burg do t\u00eb b\u00ebj\u00eb!"},"content":{"rendered":"<p>Drejtuesi politik i Partis\u00eb Demokratike p\u00ebr Tiran\u00ebn dhe deputeti i zgjedhur, Belind K\u00eblli\u00e7i, n\u00eb nj\u00eb intervist\u00eb p\u00ebr Ora News, deklaroi se, Edi Rama ende nuk ka marr\u00eb nj\u00eb vendim p\u00ebr fatin politik dhe juridik t\u00eb Erion Veliajt.<\/p>\n<p>Sipas K\u00eblli\u00e7it, Tirana prej m\u00eb shum\u00eb se gjasht\u00eb muajsh \u00ebsht\u00eb pa nj\u00eb kryetar bashkie de jure, nd\u00ebrsa qyteti \u00ebsht\u00eb m\u00eb i pis\u00ebt dhe m\u00eb i keqmenaxhuar se kurr\u00eb, p\u00ebr shkak t\u00eb munges\u00ebs s\u00eb drejtimit dhe pasojave t\u00eb keqmenaxhimit t\u00eb shkuar.<\/p>\n<p>\u201cEnde \u2018kryebashkiaku\u2019 i Shqip\u00ebris\u00eb, Edi Rama nuk ka vendosur fatin politik t\u00eb Erion Veliajt.<\/p>\n<p>Sot q\u00eb ne flasim, Tirana vijon t\u00eb jet\u00eb prej m\u00eb shum\u00eb se 6 muajsh de facto por ende jo de jure pa kryetar bashkie.<\/p>\n<p>N\u00eb fakt nuk \u00ebsht\u00eb se ka humbur ndonj\u00eb gj\u00eb t\u00eb madhe sepse n\u00eb fund t\u00eb dit\u00ebs hajduti m\u00eb i madh i fondeve publike n\u00eb kryeqytet tashm\u00eb nuk ka mund\u00ebsi q\u00eb ta b\u00ebj\u00eb d\u00ebmin nga zyra e kryetarit t\u00eb bashkis\u00eb.<\/p>\n<p>Por nga ana tjet\u00ebr ky qytet sot \u00ebsht\u00eb m\u00eb i pis\u00ebt se kurr\u00eb.<\/p>\n<p>\u00cbsht\u00eb m\u00eb i keqmenaxhuar se kurr\u00eb dhe sigurisht l\u00ebngon p\u00ebr t\u00eb patur nj\u00eb drejtim normal.<\/p>\n<p>Edi Rama ende nuk ka vendosur se \u00e7far\u00eb do t\u00eb b\u00ebhet me fatin e Erion Veliajt p\u00ebr shkak se ende n\u00eb qarqet politike flitet r\u00ebndomt\u00eb nuk ka nj\u00eb dakord\u00ebsi midis tij dhe Veliajt p\u00ebr fatin juridik t\u00eb Veliajt.<\/p>\n<p>Sepse fati politik tashm\u00eb dihet, Erion Veliaj ka dal\u00eb nga politika.<\/p>\n<p>Dhe do mbahet mend mbase si kryebashkiaku m\u00eb i korruptuar n\u00eb historin\u00eb e Shqip\u00ebris\u00eb i t\u00eb gjitha bashkive.<\/p>\n<p>P\u00ebr fatin juridik t\u00eb Veliajt t\u00eb gjith\u00eb biem dakord q\u00eb ai do shkoj\u00eb n\u00eb burg.<\/p>\n<p>Un\u00eb e kisha fjal\u00ebn q\u00eb po negociohen vitet, sa vite burg do t\u00eb b\u00ebj\u00eb.<\/p>\n<p>Kjo varet bazuar edhe n\u00eb d\u00ebshim\u00eb e tij n\u00eb faktin q\u00eb a do b\u00ebhet edhe ai nj\u00eb pendito si\u00e7 \u00ebsht\u00eb b\u00ebr\u00eb edhe ajo financierja Kondak\u00e7iu q\u00eb \u00ebsht\u00eb p\u00ebr tu p\u00ebrg\u00ebzuar q\u00eb SPAK ka nj\u00eb bashk\u00ebpun\u00ebtore fem\u00ebr.<\/p>\n<p>Historia e tij politike \u00ebsht\u00eb mbyllur q\u00eb dit\u00ebn q\u00eb i jan\u00eb v\u00ebn\u00eb prangat\u201d, tha K\u00eblli\u00e7i.<\/p>\n","protected":false},"excerpt":{"rendered":"<p>Drejtuesi politik i Partis\u00eb Demokratike p\u00ebr Tiran\u00ebn dhe deputeti i zgjedhur, Belind K\u00eblli\u00e7i, n\u00eb nj\u00eb intervist\u00eb p\u00ebr Ora News, deklaroi se, Edi Rama ende nuk ka marr\u00eb nj\u00eb vendim p\u00ebr fatin politik dhe juridik t\u00eb Erion Veliajt. Sipas K\u00eblli\u00e7it, Tirana prej m\u00eb shum\u00eb se gjasht\u00eb muajsh \u00ebsht\u00eb pa nj\u00eb kryetar bashkie de jure, nd\u00ebrsa qyteti &hellip;<\/p>\n","protected":false},"author":4,"featured_media":108717,"comment_status":"closed","ping_status":"closed","sticky":false,"template":"","format":"standard","meta":{"footnotes":""},"categories":[37],"tags":[],"class_list":["post-119727","post","type-post","status-publish","format-standard","has-post-thumbnail","","category-politike"],"_links":{"self":[{"href":"https:\/\/rdnews.al\/index.php\/wp-json\/wp\/v2\/posts\/119727","targetHints":{"allow":["GET"]}}],"collection":[{"href":"https:\/\/rdnews.al\/index.php\/wp-json\/wp\/v2\/posts"}],"about":[{"href":"https:\/\/rdnews.al\/index.php\/wp-json\/wp\/v2\/types\/post"}],"author":[{"embeddable":true,"href":"https:\/\/rdnews.al\/index.php\/wp-json\/wp\/v2\/users\/4"}],"replies":[{"embeddable":true,"href":"https:\/\/rdnews.al\/index.php\/wp-json\/wp\/v2\/comments?post=119727"}],"version-history":[{"count":3,"href":"https:\/\/rdnews.al\/index.php\/wp-json\/wp\/v2\/posts\/119727\/revisions"}],"predecessor-version":[{"id":119730,"href":"https:\/\/rdnews.al\/index.php\/wp-json\/wp\/v2\/posts\/119727\/revisions\/119730"}],"wp:featuredmedia":[{"embeddable":true,"href":"https:\/\/rdnews.al\/index.php\/wp-json\/wp\/v2\/media\/108717"}],"wp:attachment":[{"href":"https:\/\/rdnews.al\/index.php\/wp-json\/wp\/v2\/media?parent=119727"}],"wp:term":[{"taxonomy":"category","embeddable":true,"href":"https:\/\/rdnews.al\/index.php\/wp-json\/wp\/v2\/categories?post=119727"},{"taxonomy":"post_tag","embeddable":true,"href":"https:\/\/rdnews.al\/index.php\/wp-json\/wp\/v2\/tags?post=119727"}],"curies":[{"name":"wp","href":"https:\/\/api.w.org\/{rel}","templated":true}]}}