{"id":119737,"date":"2025-07-25T08:40:13","date_gmt":"2025-07-25T08:40:13","guid":{"rendered":"https:\/\/rdnews.al\/?p=119737"},"modified":"2025-07-25T08:40:13","modified_gmt":"2025-07-25T08:40:13","slug":"alimehmeti-bashkia-e-tiranes-6-muaj-pa-asnje-investim-nderkohe-taksat-u-merren-qytetareve","status":"publish","type":"post","link":"https:\/\/rdnews.al\/index.php\/2025\/07\/25\/alimehmeti-bashkia-e-tiranes-6-muaj-pa-asnje-investim-nderkohe-taksat-u-merren-qytetareve\/","title":{"rendered":"Alimehmeti: Bashkia e Tiran\u00ebs 6 muaj pa asnj\u00eb investim, nd\u00ebrkoh\u00eb taksat u merren qytetar\u00ebve"},"content":{"rendered":"<p>Kryetari i grupit t\u00eb k\u00ebshilltar\u00ebve t\u00eb opozit\u00ebs n\u00eb K\u00ebshillin Bashkiak t\u00eb Tiran\u00ebs, Ilir Alimehmeti ka komentuar situat\u00ebn e tensionuar dhe kaotike q\u00eb po kalon Bashkia e Tiran\u00ebs, duke evidentuar nj\u00eb s\u00ebr\u00eb problematikash q\u00eb\u00a0po minojn\u00eb funksionimin normal t\u00eb institucioneve vendore dhe po r\u00ebndojn\u00eb mbi qytetar\u00ebt.<\/p>\n<p>N\u00eb nj\u00eb lidhje Skype p\u00ebr emisionin \u201cKafe Shqeto\u201d n\u00eb Syri TV, Alimehmeti u ndal fillimisht te fakti q\u00eb prej m\u00eb shum\u00eb se dy vitesh mediat nuk lejohen t\u00eb ndjekin nga af\u00ebr mbledhjet e K\u00ebshillit Bashkiak, me justifikime q\u00eb ai i cil\u00ebsoi &#8220;f\u00ebminore&#8221;, si\u00e7 \u00ebsht\u00eb pretendimi se gazetar\u00ebt prishin rendin e mbledhjeve.<\/p>\n<p>\u201cN\u00ebse ka par\u00eb ndonj\u00eb njeri ndonj\u00eb gazetar q\u00eb prish nj\u00eb mbledhje parlamentare apo t\u00eb k\u00ebshillave bashkiak\u00eb, le ta thot\u00eb. E qart\u00eb q\u00eb q\u00ebllimi \u00ebsht\u00eb t\u00eb fshihet ajo q\u00eb ndodh aty brenda\u201d, u shpreh ai.<\/p>\n<p>M\u00eb tej, ai ngriti si shqet\u00ebsim kryesor munges\u00ebn e gjat\u00eb t\u00eb kryetarit t\u00eb Bashkis\u00eb, Erion Veliaj, i cili sipas tij \u00ebsht\u00eb i munguar prej pes\u00eb muajsh, nd\u00ebrkoh\u00eb q\u00eb ligji parashikon qart\u00eb se n\u00ebse nj\u00eb kryebashkiak mungon p\u00ebr m\u00eb shum\u00eb se tre muaj, K\u00ebshilli Bashkiak ka detyrimin t\u00eb propozoj\u00eb shkarkimin e tij pran\u00eb K\u00ebshillit t\u00eb Ministrave.<\/p>\n<p>&#8220;E para, sa i p\u00ebrket atij diskutimi q\u00eb ju e pat\u00ebt n\u00eb insert, ku p\u00ebr dy vjet mediat nuk u lejuan q\u00eb t\u00eb merrnin pjes\u00eb n\u00eb mbledhjet e K\u00ebshillit Bashkiak sepse me justifikimin f\u00ebminor q\u00eb gazetar\u00ebt prishnin mbledhjen.<\/p>\n<p>N\u00ebse ju keni par\u00eb diku ndonj\u00ebher\u00eb nj\u00eb gazetar q\u00eb e prish mbledhjen n\u00ebp\u00ebr k\u00ebshille bashkiake apo parlamentare, e kuptoni qart\u00eb se \u00ebsht\u00eb d\u00ebshir\u00eb p\u00ebr t\u00eb mbuluar gjith\u00e7ka ndodh aty brenda.<\/p>\n<p>P\u00ebrfshir\u00eb faktin q\u00eb e kemi shum\u00eb t\u00eb qart\u00eb kryetarin e Bashkis\u00eb, Veliaj, q\u00eb \u00ebsht\u00eb n\u00eb burg prej 5 muajsh dhe ligji e thot\u00eb mir\u00eb se n\u00ebse nuk paraqitet n\u00eb detyr\u00eb p\u00ebr 3 muaj, K\u00ebshilli Bashkiak duhet t\u00eb \u00e7oj\u00eb propozimin K\u00ebshillit t\u00eb Ministrave p\u00ebr shkarkimin e tij.<\/p>\n<p>Kjo n\u00eb fakt \u00ebsht\u00eb tema m\u00eb e r\u00ebnd\u00ebsishme q\u00eb duhet t\u00eb ket\u00eb ky K\u00ebshill Bashkiak: pa kryetar bashkie, me n\u00ebnkryetar t\u00eb shkarkuar nga Edi Rama, me nj\u00eb kryetare n\u00eb detyr\u00eb t\u00eb em\u00ebruar po nga Rama, me drejtor\u00eb t\u00eb cil\u00ebt nuk ishin t\u00eb pranish\u00ebm pasi u \u00ebsht\u00eb k\u00ebrkuar dor\u00ebheqja shumic\u00ebs s\u00eb drejtor\u00ebve, K\u00ebshilli Bashkiak nuk kishte asnj\u00eb fjal\u00eb p\u00ebr t\u00eb folur p\u00ebr k\u00ebt\u00eb e madje p\u00ebr \u00e7\u00ebshtjen Erion Veliaj nuk guxojn\u00eb t\u00eb shprehen.<\/p>\n<p>Fakt \u00ebsht\u00eb q\u00eb k\u00ebta nuk po b\u00ebjn\u00eb detyr\u00ebn e tyre dhe ne jemi t\u00eb detyruar t\u00eb veprojm\u00eb n\u00eb rrug\u00eb ligjore, p\u00ebr sa koh\u00eb q\u00eb K\u00ebshilli Bashkiak nuk b\u00ebn detyr\u00ebn e tij. Thon\u00eb vet\u00ebm, &#8220;e kemi diskutuar&#8221; dhe pyetja direkte q\u00eb i b\u00ebra kryetares n\u00eb detyr\u00eb ishte: \u201cOkej, e keni diskutuar, po ku \u00ebsht\u00eb p\u00ebrfundimi?\u201d<\/p>\n<p>N\u00eb 6 muaj vet\u00ebm gjysma e investimeve \u00ebsht\u00eb kryer n\u00eb Tiran\u00eb, nd\u00ebrkoh\u00eb taksat e gjobat na merren, futet dora thell\u00eb n\u00eb xhep, nd\u00ebrkoh\u00eb q\u00eb p\u00ebr investimet kan\u00eb justifikime: \u201cjo po pati nj\u00eb problem\u201d. Por si pati problem? 90% e buxhetit t\u00eb Bashkis\u00eb me problem? Kjo \u00ebsht\u00eb Bashkia e Tiran\u00ebs, dhe k\u00ebta kan\u00eb frik\u00eb t\u00eb ecin para me investimet, e ne e kemi t\u00eb qart\u00eb se \u00e7far\u00eb po ndodh aty brenda&#8221;, tha Alimehmeti.<\/p>\n","protected":false},"excerpt":{"rendered":"<p>Kryetari i grupit t\u00eb k\u00ebshilltar\u00ebve t\u00eb opozit\u00ebs n\u00eb K\u00ebshillin Bashkiak t\u00eb Tiran\u00ebs, Ilir Alimehmeti ka komentuar situat\u00ebn e tensionuar dhe kaotike q\u00eb po kalon Bashkia e Tiran\u00ebs, duke evidentuar nj\u00eb s\u00ebr\u00eb problematikash q\u00eb\u00a0po minojn\u00eb funksionimin normal t\u00eb institucioneve vendore dhe po r\u00ebndojn\u00eb mbi qytetar\u00ebt. N\u00eb nj\u00eb lidhje Skype p\u00ebr emisionin \u201cKafe Shqeto\u201d n\u00eb Syri TV, &hellip;<\/p>\n","protected":false},"author":4,"featured_media":114337,"comment_status":"closed","ping_status":"closed","sticky":false,"template":"","format":"standard","meta":{"footnotes":""},"categories":[37],"tags":[],"class_list":["post-119737","post","type-post","status-publish","format-standard","has-post-thumbnail","","category-politike"],"_links":{"self":[{"href":"https:\/\/rdnews.al\/index.php\/wp-json\/wp\/v2\/posts\/119737","targetHints":{"allow":["GET"]}}],"collection":[{"href":"https:\/\/rdnews.al\/index.php\/wp-json\/wp\/v2\/posts"}],"about":[{"href":"https:\/\/rdnews.al\/index.php\/wp-json\/wp\/v2\/types\/post"}],"author":[{"embeddable":true,"href":"https:\/\/rdnews.al\/index.php\/wp-json\/wp\/v2\/users\/4"}],"replies":[{"embeddable":true,"href":"https:\/\/rdnews.al\/index.php\/wp-json\/wp\/v2\/comments?post=119737"}],"version-history":[{"count":1,"href":"https:\/\/rdnews.al\/index.php\/wp-json\/wp\/v2\/posts\/119737\/revisions"}],"predecessor-version":[{"id":119738,"href":"https:\/\/rdnews.al\/index.php\/wp-json\/wp\/v2\/posts\/119737\/revisions\/119738"}],"wp:featuredmedia":[{"embeddable":true,"href":"https:\/\/rdnews.al\/index.php\/wp-json\/wp\/v2\/media\/114337"}],"wp:attachment":[{"href":"https:\/\/rdnews.al\/index.php\/wp-json\/wp\/v2\/media?parent=119737"}],"wp:term":[{"taxonomy":"category","embeddable":true,"href":"https:\/\/rdnews.al\/index.php\/wp-json\/wp\/v2\/categories?post=119737"},{"taxonomy":"post_tag","embeddable":true,"href":"https:\/\/rdnews.al\/index.php\/wp-json\/wp\/v2\/tags?post=119737"}],"curies":[{"name":"wp","href":"https:\/\/api.w.org\/{rel}","templated":true}]}}