{"id":119770,"date":"2025-07-25T16:52:03","date_gmt":"2025-07-25T16:52:03","guid":{"rendered":"https:\/\/rdnews.al\/?p=119770"},"modified":"2025-07-25T16:52:03","modified_gmt":"2025-07-25T16:52:03","slug":"denoncohen-zjarrfikesit-ne-delvine-vajza-e-lane-babain-dhe-gjyshin-te-digjet-edhe-i-rrahen","status":"publish","type":"post","link":"https:\/\/rdnews.al\/index.php\/2025\/07\/25\/denoncohen-zjarrfikesit-ne-delvine-vajza-e-lane-babain-dhe-gjyshin-te-digjet-edhe-i-rrahen\/","title":{"rendered":"Denoncohen zjarrfik\u00ebsit n\u00eb Delvin\u00eb, vajza: E lan\u00eb babain dhe gjyshin t\u00eb digjet, edhe i rrah\u00ebn"},"content":{"rendered":"<p>Nj\u00eb banore e fshatit Kalas\u00eb, n\u00eb Delvin\u00eb ka denoncuar nj\u00eb ngjarje t\u00eb r\u00ebnd\u00eb, duke akuzuar zjarrfik\u00ebsit p\u00ebr mosveprim dhe dhun\u00eb ndaj familjar\u00ebve t\u00eb saj gjat\u00eb nj\u00eb zjarri q\u00eb ra n\u00eb nj\u00eb sip\u00ebrfaqe me ullinj.<\/p>\n<p>Sipas saj, babai dhe gjyshi ndodheshin n\u00eb tok\u00ebn me ullinj n\u00eb momentin q\u00eb zjarri shp\u00ebrtheu. Ajo thot\u00eb se kishte marr\u00eb babain n\u00eb telefon dhe u nis menj\u00ebher\u00eb nga Saranda p\u00ebr n\u00eb vendngjarje bashk\u00eb me n\u00ebn\u00ebn dhe tezen. Por kur mb\u00ebrrit\u00ebn, sipas d\u00ebshmis\u00eb, gjet\u00ebn zjarrfik\u00ebsit duke mos b\u00ebr\u00eb asgj\u00eb.<\/p>\n<p>\u201c<em>U luta q\u00eb t\u00eb m\u00eb shp\u00ebtonin babin. Ai d\u00ebgjoi ul\u00ebrimat e mia dhe doli mes flak\u00ebve p\u00ebr t\u00eb ardhur te ne. N\u00eb vend q\u00eb ta ndihmonin, zjarrfik\u00ebsit e rrah\u00ebn me grushte,\u201d<\/em>\u00a0tregon vajza p\u00ebr JOQ. Ajo thot\u00eb se babai \u00ebsht\u00eb i s\u00ebmur\u00eb me mushk\u00ebri dhe ka q\u00ebndruar nj\u00eb muaj n\u00eb koma m\u00eb her\u00ebt, nd\u00ebrsa tani ka shenja dhune n\u00eb trup.<\/p>\n<p>Sipas saj, zjarrfik\u00ebsit e dinin q\u00eb edhe gjyshi ishte n\u00eb zon\u00ebn e zjarrit, por nuk nd\u00ebrhyn\u00eb. Ishte n\u00ebna dhe nj\u00eb kush\u00ebri q\u00eb arrit\u00ebn ta shp\u00ebtonin.<\/p>\n<p>Zjarri ka shkrumbuar rreth 1 000 rr\u00ebnj\u00eb ullinj q\u00eb ishin n\u00eb prodhim prej 15 vitesh, 50 koshere blet\u00ebsh dhe nj\u00eb makin\u00eb me vler\u00eb 20 mij\u00eb euro.<\/p>\n<p><iframe loading=\"lazy\" src=\"https:\/\/www.facebook.com\/plugins\/video.php?height=476&amp;href=https%3A%2F%2Fweb.facebook.com%2Fjoqalbania%2Fvideos%2F719976547679518%2F&amp;show_text=false&amp;width=267&amp;t=0\" width=\"267\" height=\"476\" frameborder=\"0\" scrolling=\"no\" allowfullscreen=\"allowfullscreen\" data-mce-fragment=\"1\"><\/iframe><\/p>\n","protected":false},"excerpt":{"rendered":"<p>Nj\u00eb banore e fshatit Kalas\u00eb, n\u00eb Delvin\u00eb ka denoncuar nj\u00eb ngjarje t\u00eb r\u00ebnd\u00eb, duke akuzuar zjarrfik\u00ebsit p\u00ebr mosveprim dhe dhun\u00eb ndaj familjar\u00ebve t\u00eb saj gjat\u00eb nj\u00eb zjarri q\u00eb ra n\u00eb nj\u00eb sip\u00ebrfaqe me ullinj. Sipas saj, babai dhe gjyshi ndodheshin n\u00eb tok\u00ebn me ullinj n\u00eb momentin q\u00eb zjarri shp\u00ebrtheu. Ajo thot\u00eb se kishte marr\u00eb babain &hellip;<\/p>\n","protected":false},"author":4,"featured_media":119771,"comment_status":"closed","ping_status":"closed","sticky":false,"template":"","format":"standard","meta":{"footnotes":""},"categories":[37],"tags":[],"class_list":["post-119770","post","type-post","status-publish","format-standard","has-post-thumbnail","","category-politike"],"_links":{"self":[{"href":"https:\/\/rdnews.al\/index.php\/wp-json\/wp\/v2\/posts\/119770","targetHints":{"allow":["GET"]}}],"collection":[{"href":"https:\/\/rdnews.al\/index.php\/wp-json\/wp\/v2\/posts"}],"about":[{"href":"https:\/\/rdnews.al\/index.php\/wp-json\/wp\/v2\/types\/post"}],"author":[{"embeddable":true,"href":"https:\/\/rdnews.al\/index.php\/wp-json\/wp\/v2\/users\/4"}],"replies":[{"embeddable":true,"href":"https:\/\/rdnews.al\/index.php\/wp-json\/wp\/v2\/comments?post=119770"}],"version-history":[{"count":1,"href":"https:\/\/rdnews.al\/index.php\/wp-json\/wp\/v2\/posts\/119770\/revisions"}],"predecessor-version":[{"id":119772,"href":"https:\/\/rdnews.al\/index.php\/wp-json\/wp\/v2\/posts\/119770\/revisions\/119772"}],"wp:featuredmedia":[{"embeddable":true,"href":"https:\/\/rdnews.al\/index.php\/wp-json\/wp\/v2\/media\/119771"}],"wp:attachment":[{"href":"https:\/\/rdnews.al\/index.php\/wp-json\/wp\/v2\/media?parent=119770"}],"wp:term":[{"taxonomy":"category","embeddable":true,"href":"https:\/\/rdnews.al\/index.php\/wp-json\/wp\/v2\/categories?post=119770"},{"taxonomy":"post_tag","embeddable":true,"href":"https:\/\/rdnews.al\/index.php\/wp-json\/wp\/v2\/tags?post=119770"}],"curies":[{"name":"wp","href":"https:\/\/api.w.org\/{rel}","templated":true}]}}