{"id":119773,"date":"2025-07-25T16:56:26","date_gmt":"2025-07-25T16:56:26","guid":{"rendered":"https:\/\/rdnews.al\/?p=119773"},"modified":"2025-07-25T16:56:26","modified_gmt":"2025-07-25T16:56:26","slug":"zjarri-ne-delvine-del-nga-kontrollit-digjen-11-shtepi-dhe-nje-kishe-5-te-lenduar","status":"publish","type":"post","link":"https:\/\/rdnews.al\/index.php\/2025\/07\/25\/zjarri-ne-delvine-del-nga-kontrollit-digjen-11-shtepi-dhe-nje-kishe-5-te-lenduar\/","title":{"rendered":"Zjarri n\u00eb Delvin\u00eb del nga kontrollit! Digjen 11 sht\u00ebpi dhe nj\u00eb kish\u00eb, 5 t\u00eb l\u00ebnduar"},"content":{"rendered":"<p>Zjarri n\u00eb Delvin\u00eb ka dal\u00eb jasht\u00eb kontrollit, teksa pas shkrumbimit t\u00eb dhjet\u00ebrave hektar\u00ebve, disa persona kan\u00eb mbetur t\u00eb l\u00ebnduar nga flak\u00ebt.<\/p>\n<p>Deri tani 5 persona jan\u00eb paraqitur n\u00eb Sh\u00ebrbimin e Urgjenc\u00ebs s\u00eb Delvin\u00ebs, ku jan\u00eb trajtuar p\u00ebr djegie t\u00eb shkall\u00ebve t\u00eb ndryshme dhe problemeve sh\u00ebndet\u00ebsore t\u00eb shkaktuara si pasoj\u00eb e asfiksimit.<\/p>\n<p>Dy raste u d\u00ebrguan drejt spitalit t\u00eb Sarand\u00ebs.<\/p>\n<p>Nd\u00ebsa sa i p\u00ebrket d\u00ebmeve nga zjarri, flak\u00ebt t\u00eb favorizuara nga era e fort\u00eb, kan\u00eb p\u00ebrfshir\u00eb 11 sht\u00ebpi dhe kan\u00eb shkrumbuar kish\u00ebn 200-vje\u00e7are t\u00eb Sh\u00ebn Dhimitrit, nj\u00eb monument kulture i kategoris\u00eb s\u00eb par\u00eb.<\/p>\n<p>P\u00ebr frenimin e p\u00ebrhapjes s\u00eb flak\u00ebve jan\u00eb angazhuar edhe dy helikopter\u00eb, t\u00eb cil\u00ebt kan\u00eb operuar nga ajri q\u00eb prej dit\u00ebs s\u00eb enjte.<\/p>\n<p><span style=\"font-style: inherit; font-weight: inherit;\">Nd\u00ebrsa pas urdhrit t\u00eb autoriteteve nisen evakuimet e fshatrave Palavli, Vergo dhe Kopa\u00e7\u00ebz t\u00eb Bashkis\u00eb Delvin\u00eb, pasi zjarret kan\u00eb marr\u00eb p\u00ebrmasa t\u00eb m\u00ebdha, duke djegur sip\u00ebrfaqe t\u00eb t\u00ebra toke, sht\u00ebpi e madje dhe nj\u00eb kish\u00eb shekullore.<\/span><\/p>\n","protected":false},"excerpt":{"rendered":"<p>Zjarri n\u00eb Delvin\u00eb ka dal\u00eb jasht\u00eb kontrollit, teksa pas shkrumbimit t\u00eb dhjet\u00ebrave hektar\u00ebve, disa persona kan\u00eb mbetur t\u00eb l\u00ebnduar nga flak\u00ebt. Deri tani 5 persona jan\u00eb paraqitur n\u00eb Sh\u00ebrbimin e Urgjenc\u00ebs s\u00eb Delvin\u00ebs, ku jan\u00eb trajtuar p\u00ebr djegie t\u00eb shkall\u00ebve t\u00eb ndryshme dhe problemeve sh\u00ebndet\u00ebsore t\u00eb shkaktuara si pasoj\u00eb e asfiksimit. Dy raste u d\u00ebrguan &hellip;<\/p>\n","protected":false},"author":4,"featured_media":119774,"comment_status":"closed","ping_status":"closed","sticky":false,"template":"","format":"standard","meta":{"footnotes":""},"categories":[37],"tags":[],"class_list":["post-119773","post","type-post","status-publish","format-standard","has-post-thumbnail","","category-politike"],"_links":{"self":[{"href":"https:\/\/rdnews.al\/index.php\/wp-json\/wp\/v2\/posts\/119773","targetHints":{"allow":["GET"]}}],"collection":[{"href":"https:\/\/rdnews.al\/index.php\/wp-json\/wp\/v2\/posts"}],"about":[{"href":"https:\/\/rdnews.al\/index.php\/wp-json\/wp\/v2\/types\/post"}],"author":[{"embeddable":true,"href":"https:\/\/rdnews.al\/index.php\/wp-json\/wp\/v2\/users\/4"}],"replies":[{"embeddable":true,"href":"https:\/\/rdnews.al\/index.php\/wp-json\/wp\/v2\/comments?post=119773"}],"version-history":[{"count":1,"href":"https:\/\/rdnews.al\/index.php\/wp-json\/wp\/v2\/posts\/119773\/revisions"}],"predecessor-version":[{"id":119775,"href":"https:\/\/rdnews.al\/index.php\/wp-json\/wp\/v2\/posts\/119773\/revisions\/119775"}],"wp:featuredmedia":[{"embeddable":true,"href":"https:\/\/rdnews.al\/index.php\/wp-json\/wp\/v2\/media\/119774"}],"wp:attachment":[{"href":"https:\/\/rdnews.al\/index.php\/wp-json\/wp\/v2\/media?parent=119773"}],"wp:term":[{"taxonomy":"category","embeddable":true,"href":"https:\/\/rdnews.al\/index.php\/wp-json\/wp\/v2\/categories?post=119773"},{"taxonomy":"post_tag","embeddable":true,"href":"https:\/\/rdnews.al\/index.php\/wp-json\/wp\/v2\/tags?post=119773"}],"curies":[{"name":"wp","href":"https:\/\/api.w.org\/{rel}","templated":true}]}}