{"id":119776,"date":"2025-07-25T17:02:09","date_gmt":"2025-07-25T17:02:09","guid":{"rendered":"https:\/\/rdnews.al\/?p=119776"},"modified":"2025-07-25T17:02:09","modified_gmt":"2025-07-25T17:02:09","slug":"zjarri-ne-parkun-lure-mali-i-dejes-vijon-prej-20-ditesh-digjen-400-hea-pyje-ne-berat-flaket-i-afrohen-banesave","status":"publish","type":"post","link":"https:\/\/rdnews.al\/index.php\/2025\/07\/25\/zjarri-ne-parkun-lure-mali-i-dejes-vijon-prej-20-ditesh-digjen-400-hea-pyje-ne-berat-flaket-i-afrohen-banesave\/","title":{"rendered":"Zjarri n\u00eb parkun \u201cLur\u00eb\u2013Mali i Dej\u00ebs\u201d vijon prej 20 dit\u00ebsh, digjen 400 hea pyje, n\u00eb Berat flak\u00ebt i afrohen banesave"},"content":{"rendered":"<p>Prej afro 20 dit\u00ebsh, nj\u00eb vat\u00ebr zjarri aktive po shkrumbon qindra hektar\u00eb pyje n\u00eb parkun komb\u00ebtar \u201cLur\u00eb\u2013Mali i Dej\u00ebs\u201d.<\/p>\n<p>Zjarri ka p\u00ebrfshir\u00eb sip\u00ebrfaqe t\u00eb gjera me pyje halore n\u00eb zon\u00ebn nga Gur\u00eb-Lura, Zall-Gjo\u00e7aj, e deri n\u00eb Mas-Dej\u00eb. Deri m\u00eb tani, llogaritet se jan\u00eb djegur mbi 400 hektar\u00eb.<\/p>\n<p>Aktualisht, nj\u00eb vat\u00ebr tjet\u00ebr aktive ndodhet n\u00eb zon\u00ebn e njohur si \u201cGjura e Pllaut\u201d, n\u00eb nj\u00eb terren t\u00eb v\u00ebshtir\u00eb q\u00eb nuk lejon nd\u00ebrhyrje nga toka.<\/p>\n<p>Nd\u00ebrkoh\u00eb, edhe n\u00eb parkun natyror \u201cUl\u00ebz\u2013Shkopet\u201d situata mbetet problematike. Vatra e zjarrit n\u00eb lugin\u00ebn e Shkopetit, q\u00eb ishte fikur nj\u00eb dit\u00eb m\u00eb par\u00eb, \u00ebsht\u00eb riaktivizuar sot pasdite pran\u00eb tunelit t\u00eb madh.<\/p>\n<p>Nj\u00eb tjet\u00ebr vat\u00ebr \u00ebsht\u00eb p\u00ebrhapur n\u00eb zon\u00ebn kufitare midis Matit, Mirdit\u00ebs dhe Kurbinin, ku po b\u00ebhen p\u00ebrpjekje p\u00ebr izolimin e flak\u00ebve.<\/p>\n<p><strong>N\u00eb Berat, flak\u00ebt i afrohen banesave<\/strong><\/p>\n<p>Nj\u00eb zjarr ka p\u00ebrfshir\u00eb nj\u00eb zon\u00eb pyjore n\u00eb nj\u00eb nga fshatrat e Beratit.<\/p>\n<p>N\u00eb pamjet e siguruara nga Boldnews.al, shihet se flak\u00ebt jan\u00eb p\u00ebrhapur n\u00eb nj\u00eb zon\u00eb kodrinore.<\/p>\n<p><img loading=\"lazy\" decoding=\"async\" class=\"alignnone size-medium wp-image-1581161\" src=\"https:\/\/boldnews.al\/wp-content\/uploads\/2025\/07\/WhatsApp-Image-2025-07-25-at-15.00.35-640x853.jpeg\" sizes=\"auto, (max-width: 640px) 100vw, 640px\" srcset=\"https:\/\/boldnews.al\/wp-content\/uploads\/2025\/07\/WhatsApp-Image-2025-07-25-at-15.00.35-640x853.jpeg 640w, https:\/\/boldnews.al\/wp-content\/uploads\/2025\/07\/WhatsApp-Image-2025-07-25-at-15.00.35-1024x1365.jpeg 1024w, https:\/\/boldnews.al\/wp-content\/uploads\/2025\/07\/WhatsApp-Image-2025-07-25-at-15.00.35-1152x1536.jpeg 1152w, https:\/\/boldnews.al\/wp-content\/uploads\/2025\/07\/WhatsApp-Image-2025-07-25-at-15.00.35-750x1000.jpeg 750w, https:\/\/boldnews.al\/wp-content\/uploads\/2025\/07\/WhatsApp-Image-2025-07-25-at-15.00.35-1140x1520.jpeg 1140w, https:\/\/boldnews.al\/wp-content\/uploads\/2025\/07\/WhatsApp-Image-2025-07-25-at-15.00.35.jpeg 1200w\" alt=\"\" width=\"640\" height=\"853\" data-pin-no-hover=\"true\" \/><\/p>\n<p>Deri m\u00eb tani flak\u00ebt jan\u00eb p\u00ebrhapur n\u00eb nj\u00eb zon\u00eb t\u00eb konsiderueshme dhe jan\u00eb afruar pran\u00eb banesave.<\/p>\n","protected":false},"excerpt":{"rendered":"<p>Prej afro 20 dit\u00ebsh, nj\u00eb vat\u00ebr zjarri aktive po shkrumbon qindra hektar\u00eb pyje n\u00eb parkun komb\u00ebtar \u201cLur\u00eb\u2013Mali i Dej\u00ebs\u201d. Zjarri ka p\u00ebrfshir\u00eb sip\u00ebrfaqe t\u00eb gjera me pyje halore n\u00eb zon\u00ebn nga Gur\u00eb-Lura, Zall-Gjo\u00e7aj, e deri n\u00eb Mas-Dej\u00eb. Deri m\u00eb tani, llogaritet se jan\u00eb djegur mbi 400 hektar\u00eb. Aktualisht, nj\u00eb vat\u00ebr tjet\u00ebr aktive ndodhet n\u00eb zon\u00ebn &hellip;<\/p>\n","protected":false},"author":4,"featured_media":119777,"comment_status":"closed","ping_status":"closed","sticky":false,"template":"","format":"standard","meta":{"footnotes":""},"categories":[37],"tags":[],"class_list":["post-119776","post","type-post","status-publish","format-standard","has-post-thumbnail","","category-politike"],"_links":{"self":[{"href":"https:\/\/rdnews.al\/index.php\/wp-json\/wp\/v2\/posts\/119776","targetHints":{"allow":["GET"]}}],"collection":[{"href":"https:\/\/rdnews.al\/index.php\/wp-json\/wp\/v2\/posts"}],"about":[{"href":"https:\/\/rdnews.al\/index.php\/wp-json\/wp\/v2\/types\/post"}],"author":[{"embeddable":true,"href":"https:\/\/rdnews.al\/index.php\/wp-json\/wp\/v2\/users\/4"}],"replies":[{"embeddable":true,"href":"https:\/\/rdnews.al\/index.php\/wp-json\/wp\/v2\/comments?post=119776"}],"version-history":[{"count":1,"href":"https:\/\/rdnews.al\/index.php\/wp-json\/wp\/v2\/posts\/119776\/revisions"}],"predecessor-version":[{"id":119778,"href":"https:\/\/rdnews.al\/index.php\/wp-json\/wp\/v2\/posts\/119776\/revisions\/119778"}],"wp:featuredmedia":[{"embeddable":true,"href":"https:\/\/rdnews.al\/index.php\/wp-json\/wp\/v2\/media\/119777"}],"wp:attachment":[{"href":"https:\/\/rdnews.al\/index.php\/wp-json\/wp\/v2\/media?parent=119776"}],"wp:term":[{"taxonomy":"category","embeddable":true,"href":"https:\/\/rdnews.al\/index.php\/wp-json\/wp\/v2\/categories?post=119776"},{"taxonomy":"post_tag","embeddable":true,"href":"https:\/\/rdnews.al\/index.php\/wp-json\/wp\/v2\/tags?post=119776"}],"curies":[{"name":"wp","href":"https:\/\/api.w.org\/{rel}","templated":true}]}}