{"id":119779,"date":"2025-07-25T17:45:43","date_gmt":"2025-07-25T17:45:43","guid":{"rendered":"https:\/\/rdnews.al\/?p=119779"},"modified":"2025-07-25T17:45:43","modified_gmt":"2025-07-25T17:45:43","slug":"zjarri-iafrohet-tiranes-flaket-perfshijne-nje-objekt-ne-ibe","status":"publish","type":"post","link":"https:\/\/rdnews.al\/index.php\/2025\/07\/25\/zjarri-iafrohet-tiranes-flaket-perfshijne-nje-objekt-ne-ibe\/","title":{"rendered":"Zjarri iafrohet Tiran\u00ebs, flak\u00ebt p\u00ebrfshijn\u00eb nj\u00eb objekt n\u00eb Ib\u00eb"},"content":{"rendered":"<p>Nj\u00eb zjarr i madh ka r\u00ebn\u00eb pasditen e sotme n\u00eb zon\u00ebn e Ib\u00ebs, n\u00eb periferi t\u00eb Tiran\u00ebs.<\/p>\n<p>Ende nuk dihet n\u00ebse objekti i p\u00ebrfshir\u00eb nga flak\u00ebt \u00ebsht\u00eb nj\u00eb banes\u00eb apo nj\u00eb magazin\u00eb.<\/p>\n<p>P\u00ebr momentin nuk ka t\u00eb dh\u00ebna p\u00ebr persona t\u00eb l\u00ebnduar, nd\u00ebrsa nuk dihen ende shkaqet e zjarrit apo d\u00ebmet e shkaktuara.<\/p>\n","protected":false},"excerpt":{"rendered":"<p>Nj\u00eb zjarr i madh ka r\u00ebn\u00eb pasditen e sotme n\u00eb zon\u00ebn e Ib\u00ebs, n\u00eb periferi t\u00eb Tiran\u00ebs. Ende nuk dihet n\u00ebse objekti i p\u00ebrfshir\u00eb nga flak\u00ebt \u00ebsht\u00eb nj\u00eb banes\u00eb apo nj\u00eb magazin\u00eb. P\u00ebr momentin nuk ka t\u00eb dh\u00ebna p\u00ebr persona t\u00eb l\u00ebnduar, nd\u00ebrsa nuk dihen ende shkaqet e zjarrit apo d\u00ebmet e shkaktuara.<\/p>\n","protected":false},"author":4,"featured_media":119780,"comment_status":"closed","ping_status":"closed","sticky":false,"template":"","format":"standard","meta":{"footnotes":""},"categories":[37],"tags":[],"class_list":["post-119779","post","type-post","status-publish","format-standard","has-post-thumbnail","","category-politike"],"_links":{"self":[{"href":"https:\/\/rdnews.al\/index.php\/wp-json\/wp\/v2\/posts\/119779","targetHints":{"allow":["GET"]}}],"collection":[{"href":"https:\/\/rdnews.al\/index.php\/wp-json\/wp\/v2\/posts"}],"about":[{"href":"https:\/\/rdnews.al\/index.php\/wp-json\/wp\/v2\/types\/post"}],"author":[{"embeddable":true,"href":"https:\/\/rdnews.al\/index.php\/wp-json\/wp\/v2\/users\/4"}],"replies":[{"embeddable":true,"href":"https:\/\/rdnews.al\/index.php\/wp-json\/wp\/v2\/comments?post=119779"}],"version-history":[{"count":1,"href":"https:\/\/rdnews.al\/index.php\/wp-json\/wp\/v2\/posts\/119779\/revisions"}],"predecessor-version":[{"id":119781,"href":"https:\/\/rdnews.al\/index.php\/wp-json\/wp\/v2\/posts\/119779\/revisions\/119781"}],"wp:featuredmedia":[{"embeddable":true,"href":"https:\/\/rdnews.al\/index.php\/wp-json\/wp\/v2\/media\/119780"}],"wp:attachment":[{"href":"https:\/\/rdnews.al\/index.php\/wp-json\/wp\/v2\/media?parent=119779"}],"wp:term":[{"taxonomy":"category","embeddable":true,"href":"https:\/\/rdnews.al\/index.php\/wp-json\/wp\/v2\/categories?post=119779"},{"taxonomy":"post_tag","embeddable":true,"href":"https:\/\/rdnews.al\/index.php\/wp-json\/wp\/v2\/tags?post=119779"}],"curies":[{"name":"wp","href":"https:\/\/api.w.org\/{rel}","templated":true}]}}