{"id":119788,"date":"2025-07-25T19:29:26","date_gmt":"2025-07-25T19:29:26","guid":{"rendered":"https:\/\/rdnews.al\/?p=119788"},"modified":"2025-07-25T19:29:26","modified_gmt":"2025-07-25T19:29:26","slug":"ndahet-nga-jeta-ish-zevendeskryeministri-abdyl-xhaja","status":"publish","type":"post","link":"https:\/\/rdnews.al\/index.php\/2025\/07\/25\/ndahet-nga-jeta-ish-zevendeskryeministri-abdyl-xhaja\/","title":{"rendered":"Ndahet nga jeta ish-z\u00ebvend\u00ebskryeministri Abdyl Xhaja"},"content":{"rendered":"<p>\u00cbsht\u00eb ndar\u00eb nga jeta pas nj\u00eb s\u00ebmundje t\u00eb gjat\u00eb dhe t\u00eb pash\u00ebrueshme n\u00eb mosh\u00ebn 82-vje\u00e7are, ish zv.kryeministri Abdyl Xhaja.<\/p>\n<p>Xhaja, i lindur n\u00eb Elbasan, ka mbajtur rolin e ministrit t\u00eb Energjis\u00eb dhe Burimeve Minerare p\u00ebr Shqip\u00ebrin\u00eb n\u00eb qeverin\u00eb e vitit 1992, si dhe deputet i Partis\u00eb Demokratike t\u00eb Shqip\u00ebris\u00eb.<\/p>\n<p>Ai ka mbajtur disa poste t\u00eb r\u00ebnd\u00ebsishme nd\u00ebr vite, si:<\/p>\n<p>1991 \u2013 Z\u00ebvend\u00ebsminist\u00ebr i Burimeve Minerare dhe Energjetik\u00eb.<\/p>\n<p>1991 \u2013 1992 Z\u00ebvend\u00ebskryeminist\u00ebr.<\/p>\n<p>1991 \u2013 1992 dhe 1994 \u2013 1997 Minist\u00ebr i Burimeve Minerare dhe Energjetik\u00ebs.<\/p>\n<p>1992 \u2013 1994 Minist\u00ebr i Industris\u00eb, Burimeve Minerare dhe Energjetik\u00ebs.<\/p>\n<p>1995 -1997 an\u00ebtar i K\u00ebshillit Komb\u00ebtar t\u00eb PD-s\u00eb.<\/p>\n<p>1996 \u2013 1997 deputet i PD-s\u00eb.<\/p>\n<p>1997 kandidat i PD-s\u00eb p\u00ebr deputet.<\/p>\n<p>1997 \u2013 1998 k\u00ebshilltar i unionit t\u00eb investitor\u00ebve t\u00eb huaja n\u00eb Shqip\u00ebri.<\/p>\n<p>1999 k\u00ebshilltar i Sh\u00ebrbimit Gjeologjik Shqiptar.<\/p>\n","protected":false},"excerpt":{"rendered":"<p>\u00cbsht\u00eb ndar\u00eb nga jeta pas nj\u00eb s\u00ebmundje t\u00eb gjat\u00eb dhe t\u00eb pash\u00ebrueshme n\u00eb mosh\u00ebn 82-vje\u00e7are, ish zv.kryeministri Abdyl Xhaja. Xhaja, i lindur n\u00eb Elbasan, ka mbajtur rolin e ministrit t\u00eb Energjis\u00eb dhe Burimeve Minerare p\u00ebr Shqip\u00ebrin\u00eb n\u00eb qeverin\u00eb e vitit 1992, si dhe deputet i Partis\u00eb Demokratike t\u00eb Shqip\u00ebris\u00eb. Ai ka mbajtur disa poste t\u00eb &hellip;<\/p>\n","protected":false},"author":4,"featured_media":119789,"comment_status":"closed","ping_status":"closed","sticky":false,"template":"","format":"standard","meta":{"footnotes":""},"categories":[37],"tags":[],"class_list":["post-119788","post","type-post","status-publish","format-standard","has-post-thumbnail","","category-politike"],"_links":{"self":[{"href":"https:\/\/rdnews.al\/index.php\/wp-json\/wp\/v2\/posts\/119788","targetHints":{"allow":["GET"]}}],"collection":[{"href":"https:\/\/rdnews.al\/index.php\/wp-json\/wp\/v2\/posts"}],"about":[{"href":"https:\/\/rdnews.al\/index.php\/wp-json\/wp\/v2\/types\/post"}],"author":[{"embeddable":true,"href":"https:\/\/rdnews.al\/index.php\/wp-json\/wp\/v2\/users\/4"}],"replies":[{"embeddable":true,"href":"https:\/\/rdnews.al\/index.php\/wp-json\/wp\/v2\/comments?post=119788"}],"version-history":[{"count":1,"href":"https:\/\/rdnews.al\/index.php\/wp-json\/wp\/v2\/posts\/119788\/revisions"}],"predecessor-version":[{"id":119790,"href":"https:\/\/rdnews.al\/index.php\/wp-json\/wp\/v2\/posts\/119788\/revisions\/119790"}],"wp:featuredmedia":[{"embeddable":true,"href":"https:\/\/rdnews.al\/index.php\/wp-json\/wp\/v2\/media\/119789"}],"wp:attachment":[{"href":"https:\/\/rdnews.al\/index.php\/wp-json\/wp\/v2\/media?parent=119788"}],"wp:term":[{"taxonomy":"category","embeddable":true,"href":"https:\/\/rdnews.al\/index.php\/wp-json\/wp\/v2\/categories?post=119788"},{"taxonomy":"post_tag","embeddable":true,"href":"https:\/\/rdnews.al\/index.php\/wp-json\/wp\/v2\/tags?post=119788"}],"curies":[{"name":"wp","href":"https:\/\/api.w.org\/{rel}","templated":true}]}}