{"id":119839,"date":"2025-07-26T19:26:12","date_gmt":"2025-07-26T19:26:12","guid":{"rendered":"https:\/\/rdnews.al\/?p=119839"},"modified":"2025-07-26T19:26:12","modified_gmt":"2025-07-26T19:26:12","slug":"shqiperia-e-pushtuar-nga-zjarret-pd-thirrje-qytetareve-te-ruhen-me-edi-ramen-keshtu-do-te-jete-parate-e-shtetit-i-ben-shpenzime-luksi","status":"publish","type":"post","link":"https:\/\/rdnews.al\/index.php\/2025\/07\/26\/shqiperia-e-pushtuar-nga-zjarret-pd-thirrje-qytetareve-te-ruhen-me-edi-ramen-keshtu-do-te-jete-parate-e-shtetit-i-ben-shpenzime-luksi\/","title":{"rendered":"Shqip\u00ebria e pushtuar nga zjarret\/ PD thirrje qytetar\u00ebve t\u00eb ruhen: Me Edi Ram\u00ebn k\u00ebshtu do t\u00eb jet\u00eb, parat\u00eb e shtetit i b\u00ebn shp\u00ebnzime luksi"},"content":{"rendered":"<p><strong>Deklarat\u00eb e Partis\u00eb Demokratike t\u00eb Shqip\u00ebris\u00eb<\/strong><\/p>\n<p>Nga Jugu n\u00eb Veri, Shqip\u00ebria \u00ebsht\u00eb pushtuar nga zjarret.<\/p>\n<p>Nd\u00ebrkoh\u00eb q\u00eb, u b\u00ebjm\u00eb thirrje banor\u00ebve, qytetar\u00ebve dhe turist\u00ebve t\u00eb tregojn\u00eb kujdes t\u00eb shtuar, t\u00eb largohen sa m\u00eb par\u00eb nga zonat e\u00a0 k\u00ebrc\u00ebnuara, dhe t\u00eb ndihmojn\u00eb k\u00ebdo n\u00eb rrezik. Partia Demokratike shpreh indinjat\u00ebn e thell\u00eb me reagimin minimalist dhe thuajse p\u00ebrqesh\u00ebs t\u00eb autoriteteve.<\/p>\n<p>Jo vet\u00ebm nd\u00ebrhyrjet b\u00ebhen me vones\u00eb, por jan\u00eb mungesa e alarmit dhe angazhimit q\u00eb e b\u00ebjn\u00eb situat\u00ebn\u00a0 t\u00eb duket edhe m\u00eb kaotike, k\u00ebrc\u00ebnuese dhe d\u00ebshp\u00ebruese.<\/p>\n<p>Zjarret, p\u00ebrmbytjet, fatkeq\u00ebsit\u00eb natyrore p\u00ebrs\u00ebriten n\u00eb Shqip\u00ebri, si n\u00eb t\u00eb gjith\u00eb bot\u00ebn, dhe kjo nuk \u00ebsht\u00eb n\u00eb dor\u00eb t\u00eb qeverive, por p\u00ebrgatitjet, gatishm\u00ebria, vullneti, jan\u00eb detyr\u00eb dhe n\u00eb dor\u00eb t\u00eb tyre.<\/p>\n<p>Si\u00e7 e kemi par\u00eb prej vitesh, qeveria d\u00ebrgon ushtrin\u00eb dhe zjarrfik\u00ebsit, t\u00eb cil\u00ebt u sulen zjarreve me shkurre, me lopata dhe batanije, si n\u00eb nj\u00eb vend t\u00eb Bot\u00ebs s\u00eb Tret\u00eb, apo t\u00eb sapodal\u00eb nga lufta dhe n\u00eb munges\u00eb t\u00eb mjeteve bazike.<\/p>\n<p>Nj\u00eb pamje tjet\u00ebr shohim prej tri jav\u00ebsh n\u00eb Theth, Tiran\u00eb dhe gjithandej n\u00ebp\u00ebr Shqip\u00ebri.<\/p>\n<p>P\u00ebr t\u00eb shembur bujtinat n\u00eb Theth dhe marr\u00eb para shit\u00ebsit t\u00eb rigonit n\u00eb Sarand\u00eb, qeveria d\u00ebrgoi IMT, Tatimet, Policin\u00eb dhe Ushtrin\u00eb, me mjete t\u00eb r\u00ebnda, me arroganc\u00eb, t\u00eb armatosur deri n\u00eb dh\u00ebmb\u00eb, n\u00eb luft\u00eb me qytetar\u00ebt.<\/p>\n<p>P\u00ebr Edi Ram\u00ebn, prioritet absolut \u00ebsht\u00eb uzurpimi i pushtetit lokal, jo zjarret dhe dhjet\u00ebra problemet q\u00eb k\u00ebrc\u00ebnojn\u00eb qytetar\u00ebt dhe jet\u00ebn e tyre.<\/p>\n<p>P\u00ebr Edi Ram\u00ebn, prioritet \u00ebsht\u00eb spektakli me satelit\u00ebt \u201cAlbania 1\u201d dhe \u201c2\u201d, apo dron\u00ebt p\u00ebr t\u00eb cil\u00ebt, pasi i hedh n\u00eb Facebook p\u00ebr t\u2019u mburrur nuk ka kush as t\u2019i lexoj\u00eb dhe as kush t\u2019i komandoj\u00eb. Sepse, Edi Rama e ka b\u00ebr\u00eb ushtrin\u00eb e nj\u00eb vendi t\u00eb NATOs, nj\u00eb organizat\u00eb q\u00eb shkon t\u00eb fik\u00eb zjarret me shkurre dhe pagure.<\/p>\n<p>Prandaj, p\u00ebrballja me zjarret dhe fatkeq\u00ebsit\u00eb natyrore q\u00eb k\u00ebrc\u00ebnojn\u00eb qytetar\u00ebt jan\u00eb t\u00eb mekura.<\/p>\n<p>Do t\u00eb jet\u00eb k\u00ebshtu k\u00ebt\u00eb ver\u00eb dhe tjetr\u00ebn, sepse Edi Rama nuk kujtohet dhe as kujdeset p\u00ebr infrastruktur\u00ebn e shtetit, p\u00ebr fondet e emergjencave, p\u00ebr modernzimin e ekipeve t\u00eb k\u00ebrkim-shp\u00ebtimit. Parat\u00eb q\u00eb i merr nga taksat i b\u00ebn shpenzime luksi p\u00ebr vete dhe ministrat, udh\u00ebtime me carter, koncerte t\u00eb shtrenjta apo kop\u00ebsht 4 milion euro n\u00eb oborrin e Kryeministris\u00eb.<\/p>\n<p>Edi Rama \u00ebsht\u00eb me pushime, pasi b\u00ebri zhurm\u00ebn me drejtor\u00ebt, me heqjen e tendave dhe terrorizimin e Thethit, por zjarret nuk b\u00ebjn\u00eb pushim dhe pyjet, territori, bizneset, sht\u00ebpit\u00eb dhe jeta e qytetar\u00ebve \u00ebsht\u00eb n\u00eb rrezik.<\/p>\n<p>Edi Rama nuk \u00ebsht\u00eb zjarrfik\u00ebs, por ai nuk mund t\u00eb lejohet t\u00eb jet\u00eb Kryeministri q\u00eb hedh Shqip\u00ebrin\u00eb n\u00eb zjarr.<\/p>\n","protected":false},"excerpt":{"rendered":"<p>Deklarat\u00eb e Partis\u00eb Demokratike t\u00eb Shqip\u00ebris\u00eb Nga Jugu n\u00eb Veri, Shqip\u00ebria \u00ebsht\u00eb pushtuar nga zjarret. Nd\u00ebrkoh\u00eb q\u00eb, u b\u00ebjm\u00eb thirrje banor\u00ebve, qytetar\u00ebve dhe turist\u00ebve t\u00eb tregojn\u00eb kujdes t\u00eb shtuar, t\u00eb largohen sa m\u00eb par\u00eb nga zonat e\u00a0 k\u00ebrc\u00ebnuara, dhe t\u00eb ndihmojn\u00eb k\u00ebdo n\u00eb rrezik. Partia Demokratike shpreh indinjat\u00ebn e thell\u00eb me reagimin minimalist dhe thuajse &hellip;<\/p>\n","protected":false},"author":4,"featured_media":85912,"comment_status":"closed","ping_status":"closed","sticky":false,"template":"","format":"standard","meta":{"footnotes":""},"categories":[37],"tags":[],"class_list":["post-119839","post","type-post","status-publish","format-standard","has-post-thumbnail","","category-politike"],"_links":{"self":[{"href":"https:\/\/rdnews.al\/index.php\/wp-json\/wp\/v2\/posts\/119839","targetHints":{"allow":["GET"]}}],"collection":[{"href":"https:\/\/rdnews.al\/index.php\/wp-json\/wp\/v2\/posts"}],"about":[{"href":"https:\/\/rdnews.al\/index.php\/wp-json\/wp\/v2\/types\/post"}],"author":[{"embeddable":true,"href":"https:\/\/rdnews.al\/index.php\/wp-json\/wp\/v2\/users\/4"}],"replies":[{"embeddable":true,"href":"https:\/\/rdnews.al\/index.php\/wp-json\/wp\/v2\/comments?post=119839"}],"version-history":[{"count":1,"href":"https:\/\/rdnews.al\/index.php\/wp-json\/wp\/v2\/posts\/119839\/revisions"}],"predecessor-version":[{"id":119840,"href":"https:\/\/rdnews.al\/index.php\/wp-json\/wp\/v2\/posts\/119839\/revisions\/119840"}],"wp:featuredmedia":[{"embeddable":true,"href":"https:\/\/rdnews.al\/index.php\/wp-json\/wp\/v2\/media\/85912"}],"wp:attachment":[{"href":"https:\/\/rdnews.al\/index.php\/wp-json\/wp\/v2\/media?parent=119839"}],"wp:term":[{"taxonomy":"category","embeddable":true,"href":"https:\/\/rdnews.al\/index.php\/wp-json\/wp\/v2\/categories?post=119839"},{"taxonomy":"post_tag","embeddable":true,"href":"https:\/\/rdnews.al\/index.php\/wp-json\/wp\/v2\/tags?post=119839"}],"curies":[{"name":"wp","href":"https:\/\/api.w.org\/{rel}","templated":true}]}}