{"id":119841,"date":"2025-07-26T20:23:19","date_gmt":"2025-07-26T20:23:19","guid":{"rendered":"https:\/\/rdnews.al\/?p=119841"},"modified":"2025-07-26T20:23:19","modified_gmt":"2025-07-26T20:23:19","slug":"berisha-publikon-videon-borshi-ne-flake-asnje-ndihme-ramoduro-me-satelitet","status":"publish","type":"post","link":"https:\/\/rdnews.al\/index.php\/2025\/07\/26\/berisha-publikon-videon-borshi-ne-flake-asnje-ndihme-ramoduro-me-satelitet\/","title":{"rendered":"Berisha publikon videon: Borshi n\u00eb flak\u00eb! Asnj\u00eb ndihm\u00eb, Ramoduro me satelit\u00ebt!"},"content":{"rendered":"<p>Kryetari i Partis\u00eb Demokratike, Sali Berisha ka publikuar pamje nga zjarri i madh q\u00eb ka p\u00ebrfshir\u00eb malet n\u00eb zon\u00ebn e Borshit.<\/p>\n<p>Berisha shkruan se, zona \u00ebsht\u00eb n\u00eb flak\u00eb, nd\u00ebrsa n\u00eb ndihm\u00eb nuk i ka shkuar asnj\u00eb instanc\u00eb shtet\u00ebrore.<\/p>\n<p>Berishai shkruan se, Ramaduro vazhdon me satelit\u00ebt, nd\u00ebrsa zona bregdetare vazhdon e digjet pa asnj\u00eb ndihm\u00eb p\u00ebr shuarjen e zjarreve.<\/p>\n<p>\u201cBorshi n\u00eb flak\u00eb! Asnj\u00eb ndihm\u00eb! Ramoduro me satelit\u00ebt!\u201d,\u00a0shkruan kreu i PD krahas videos s\u00eb publikuar.<\/p>\n<p><iframe loading=\"lazy\" style=\"border: none; overflow: hidden;\" src=\"https:\/\/www.facebook.com\/plugins\/video.php?height=476&amp;href=https%3A%2F%2Fwww.facebook.com%2FSaliBerisha%2Fvideos%2F1259041178965767%2F&amp;show_text=false&amp;width=269&amp;t=0\" width=\"269\" height=\"476\" frameborder=\"0\" scrolling=\"no\" allowfullscreen=\"allowfullscreen\"><\/iframe><\/p>\n","protected":false},"excerpt":{"rendered":"<p>Kryetari i Partis\u00eb Demokratike, Sali Berisha ka publikuar pamje nga zjarri i madh q\u00eb ka p\u00ebrfshir\u00eb malet n\u00eb zon\u00ebn e Borshit. Berisha shkruan se, zona \u00ebsht\u00eb n\u00eb flak\u00eb, nd\u00ebrsa n\u00eb ndihm\u00eb nuk i ka shkuar asnj\u00eb instanc\u00eb shtet\u00ebrore. Berishai shkruan se, Ramaduro vazhdon me satelit\u00ebt, nd\u00ebrsa zona bregdetare vazhdon e digjet pa asnj\u00eb ndihm\u00eb p\u00ebr &hellip;<\/p>\n","protected":false},"author":4,"featured_media":119777,"comment_status":"closed","ping_status":"closed","sticky":false,"template":"","format":"standard","meta":{"footnotes":""},"categories":[37],"tags":[],"class_list":["post-119841","post","type-post","status-publish","format-standard","has-post-thumbnail","","category-politike"],"_links":{"self":[{"href":"https:\/\/rdnews.al\/index.php\/wp-json\/wp\/v2\/posts\/119841","targetHints":{"allow":["GET"]}}],"collection":[{"href":"https:\/\/rdnews.al\/index.php\/wp-json\/wp\/v2\/posts"}],"about":[{"href":"https:\/\/rdnews.al\/index.php\/wp-json\/wp\/v2\/types\/post"}],"author":[{"embeddable":true,"href":"https:\/\/rdnews.al\/index.php\/wp-json\/wp\/v2\/users\/4"}],"replies":[{"embeddable":true,"href":"https:\/\/rdnews.al\/index.php\/wp-json\/wp\/v2\/comments?post=119841"}],"version-history":[{"count":1,"href":"https:\/\/rdnews.al\/index.php\/wp-json\/wp\/v2\/posts\/119841\/revisions"}],"predecessor-version":[{"id":119842,"href":"https:\/\/rdnews.al\/index.php\/wp-json\/wp\/v2\/posts\/119841\/revisions\/119842"}],"wp:featuredmedia":[{"embeddable":true,"href":"https:\/\/rdnews.al\/index.php\/wp-json\/wp\/v2\/media\/119777"}],"wp:attachment":[{"href":"https:\/\/rdnews.al\/index.php\/wp-json\/wp\/v2\/media?parent=119841"}],"wp:term":[{"taxonomy":"category","embeddable":true,"href":"https:\/\/rdnews.al\/index.php\/wp-json\/wp\/v2\/categories?post=119841"},{"taxonomy":"post_tag","embeddable":true,"href":"https:\/\/rdnews.al\/index.php\/wp-json\/wp\/v2\/tags?post=119841"}],"curies":[{"name":"wp","href":"https:\/\/api.w.org\/{rel}","templated":true}]}}