{"id":119995,"date":"2025-07-29T11:09:08","date_gmt":"2025-07-29T11:09:08","guid":{"rendered":"https:\/\/rdnews.al\/?p=119995"},"modified":"2025-07-29T11:09:39","modified_gmt":"2025-07-29T11:09:39","slug":"berisha-publikon-te-dhenat-tronditese-nga-laptopi-i-lubi-ballukut","status":"publish","type":"post","link":"https:\/\/rdnews.al\/index.php\/2025\/07\/29\/berisha-publikon-te-dhenat-tronditese-nga-laptopi-i-lubi-ballukut\/","title":{"rendered":"Berisha publikon t\u00eb dh\u00ebnat trondit\u00ebse nga laptopi i Lubi Ballukut!"},"content":{"rendered":"<p>Kreu i PD, n\u00eb nj\u00eb konferenc\u00eb p\u00ebr median, u shpreh se ka n\u00eb dor\u00eb t\u00eb dh\u00ebna trondit\u00ebse t\u00eb nxjerra nga ajo q\u00eb ai e quajti \u201claptopi i Lubis\u00eb\u201d, duke akuzuar ministren Belinda Balluku p\u00ebr p\u00ebrdorimin e administrat\u00ebs shtet\u00ebrore si polici elektorale n\u00eb zgjedhje.<br \/>\nBerisha tha se, t\u00eb dh\u00ebnat p\u00ebrfshijn\u00eb emra konkret\u00eb t\u00eb punonj\u00ebsve n\u00eb institucione publike, t\u00eb cil\u00ebt, sipas tij, jan\u00eb p\u00ebrdorur si \u201cterrorist\u00eb elektoral\u00eb\u201d p\u00ebr llogari t\u00eb pushtetit. Ai theksoi se nd\u00ebrhyrja politike n\u00eb administrat\u00eb \u00ebsht\u00eb b\u00ebr\u00eb masive dhe ka goditur r\u00ebnd\u00eb ekonomin\u00eb, eksportet dhe industrin\u00eb, p\u00ebr shkak t\u00eb dominimit t\u00eb \u201cnarkoeuros\u201d dhe lidhjeve t\u00eb qeveris\u00eb me kartelet e drog\u00ebs.<br \/>\n\u201cJu e keni parasysh, k\u00ebto dit\u00eb paraqita para jush miliona met\u00ebr katror\u00eb nd\u00ebrtime t\u00eb dh\u00ebna me firm\u00ebn e Edi Ram\u00ebs dhe Adelajda Rrok\u00ebs p\u00ebr kartelet e drog\u00ebs.<br \/>\nAdelajda \u00ebsht\u00eb drejtoresha e p\u00ebrgjithshme e zyr\u00ebs komb\u00ebtare t\u00eb urbanistik\u00ebs, motra e dy Rrokove, lejtnant\u00eb kryesor\u00eb t\u00eb Suel \u00c7el\u00ebs.<br \/>\nAdelajda n\u00eb nj\u00ebfar\u00eb m\u00ebnyr\u00eb \u00ebsht\u00eb Ergys Agasi me pantallona.<br \/>\nPor Adelajda nuk \u00ebsht\u00eb pa lidhje me familjen Rama.<br \/>\nU b\u00ebj thirrje medieve me guxim t\u00eb ndri\u00e7ojn\u00eb k\u00ebto t\u00eb v\u00ebrteta tragjike p\u00ebr shqiptar\u00ebt.<br \/>\nPo, iu b\u00ebj thirrje medieve t\u00eb pyesin veten si ka mund\u00ebsi t\u00eb bien eksportet nga nj\u00eb vit n\u00eb nj\u00eb tjet\u00ebr me 30 p\u00ebrqind n\u00eb nj\u00eb vend me ekonomik tregu dhe pas kovidit?<br \/>\nSi mund t\u00eb ndodh\u00eb? Shum\u00eb thjesht\u00eb. Narkoeuro. Zhvler\u00ebsimi i monedh\u00ebs evropiane nga narkoeurot n\u00eb Shqip\u00ebri, shkat\u00ebrroi dhe falimentoi me qindra dhe mij\u00ebra nd\u00ebrmarrje eksporti.<br \/>\nU b\u00ebj thirrje medieve t\u00eb ndalen pse bie nga viti n\u00eb vit prodhimi industrial. Si ka mund\u00ebsi?<br \/>\nPor mos harroni se eksportet dhe prodhimi industrial jan\u00eb dy gjenerator\u00ebt kryesor\u00eb t\u00eb pun\u00ebsimit.<br \/>\nAto bien prej narkoeuros.<br \/>\nAto bien sepse nd\u00ebrtimi \u00ebsht\u00eb shnd\u00ebrruar n\u00eb shtyll\u00eb kryesore ku trafikant\u00ebt me n\u00eb krye kreun e organizat\u00ebs kriminale kan\u00eb gjetur parajs\u00ebn.<br \/>\nB\u00ebra k\u00ebt\u00eb hyrjen, e lidhur fund e krye me zgjedhjet, sepse narkozyrtar\u00ebt, zyrtar\u00ebt e narkoshtetit, mij\u00ebra e mij\u00ebra prej tyre, jan\u00eb shnd\u00ebrruar n\u00eb polici politike t\u00eb vot\u00ebs s\u00eb shqiptar\u00ebve.<br \/>\nNe disponojm\u00eb regjistrat e dhjet\u00ebra mij\u00ebra mercenar\u00ebve q\u00eb marrin rrogat nga taksapaguesit e qytetar\u00ebve dhe b\u00ebjn\u00eb policin elektoral. B\u00ebjn\u00eb patronazhistin. Kryejn\u00eb krimin e sh\u00ebmtuar.<br \/>\nAta jan\u00eb masivisht zyrtar\u00eb t\u00eb administrat\u00ebs, jan\u00eb zyrtar\u00eb t\u00eb institucioneve t\u00eb ashtuquajtura t\u00eb pavarura, jan\u00eb n\u00eb polici, gjykata, prokurori, jan\u00eb n\u00eb nd\u00ebrmarrjet publike.<br \/>\nLaptopi i Lubis\u00eb n\u00eb Fier \u00ebsht\u00eb sjell\u00eb si shembull k\u00ebtu.<br \/>\n\u00c7far\u00eb paraqet?<br \/>\nK\u00ebtu jan\u00eb t\u00eb dh\u00ebnat ku punojn\u00eb terrorist\u00ebt elektoral\u00eb q\u00eb i p\u00ebrdori Lubi Balluku p\u00ebr zgjedhjet.<br \/>\nVazhdo, urdh\u00ebroni. Pozicioni ku punojn\u00eb. Shef sh\u00ebrbimi, laborante, infermiere, ark\u00ebtar provizor, specialist i lart\u00eb&#8230;<br \/>\nVazhdojm\u00eb&#8230;<br \/>\nDrejtor kabineti, kryespecialist, p\u00ebrgjegj\u00ebs sektori. P\u00ebrgjegj\u00ebs operativ.<br \/>\nShikoni se si edhe sanitar\u00eb mund t\u00eb gjeni k\u00ebtu, se si Lubi Balluku n\u00eb m\u00ebnyr\u00eb kriminale e shnd\u00ebrroi t\u00eb gjith\u00eb administrat\u00ebn shtet\u00ebrore n\u00eb Fier n\u00eb polici politike\u201d, u shpreh Berisha.<\/p>\n","protected":false},"excerpt":{"rendered":"<p>Kreu i PD, n\u00eb nj\u00eb konferenc\u00eb p\u00ebr median, u shpreh se ka n\u00eb dor\u00eb t\u00eb dh\u00ebna trondit\u00ebse t\u00eb nxjerra nga ajo q\u00eb ai e quajti \u201claptopi i Lubis\u00eb\u201d, duke akuzuar ministren Belinda Balluku p\u00ebr p\u00ebrdorimin e administrat\u00ebs shtet\u00ebrore si polici elektorale n\u00eb zgjedhje. Berisha tha se, t\u00eb dh\u00ebnat p\u00ebrfshijn\u00eb emra konkret\u00eb t\u00eb punonj\u00ebsve n\u00eb institucione &hellip;<\/p>\n","protected":false},"author":4,"featured_media":119997,"comment_status":"closed","ping_status":"closed","sticky":false,"template":"","format":"standard","meta":{"footnotes":""},"categories":[37],"tags":[],"class_list":["post-119995","post","type-post","status-publish","format-standard","has-post-thumbnail","","category-politike"],"_links":{"self":[{"href":"https:\/\/rdnews.al\/index.php\/wp-json\/wp\/v2\/posts\/119995","targetHints":{"allow":["GET"]}}],"collection":[{"href":"https:\/\/rdnews.al\/index.php\/wp-json\/wp\/v2\/posts"}],"about":[{"href":"https:\/\/rdnews.al\/index.php\/wp-json\/wp\/v2\/types\/post"}],"author":[{"embeddable":true,"href":"https:\/\/rdnews.al\/index.php\/wp-json\/wp\/v2\/users\/4"}],"replies":[{"embeddable":true,"href":"https:\/\/rdnews.al\/index.php\/wp-json\/wp\/v2\/comments?post=119995"}],"version-history":[{"count":1,"href":"https:\/\/rdnews.al\/index.php\/wp-json\/wp\/v2\/posts\/119995\/revisions"}],"predecessor-version":[{"id":119996,"href":"https:\/\/rdnews.al\/index.php\/wp-json\/wp\/v2\/posts\/119995\/revisions\/119996"}],"wp:featuredmedia":[{"embeddable":true,"href":"https:\/\/rdnews.al\/index.php\/wp-json\/wp\/v2\/media\/119997"}],"wp:attachment":[{"href":"https:\/\/rdnews.al\/index.php\/wp-json\/wp\/v2\/media?parent=119995"}],"wp:term":[{"taxonomy":"category","embeddable":true,"href":"https:\/\/rdnews.al\/index.php\/wp-json\/wp\/v2\/categories?post=119995"},{"taxonomy":"post_tag","embeddable":true,"href":"https:\/\/rdnews.al\/index.php\/wp-json\/wp\/v2\/tags?post=119995"}],"curies":[{"name":"wp","href":"https:\/\/api.w.org\/{rel}","templated":true}]}}