{"id":120004,"date":"2025-07-29T11:25:30","date_gmt":"2025-07-29T11:25:30","guid":{"rendered":"https:\/\/rdnews.al\/?p=120004"},"modified":"2025-07-29T11:25:47","modified_gmt":"2025-07-29T11:25:47","slug":"laptopi-i-lubise-berisha-keto-materiale-jane-te-zgjedhjeve-te-11-majit-jane-marre-nga-hakerat","status":"publish","type":"post","link":"https:\/\/rdnews.al\/index.php\/2025\/07\/29\/laptopi-i-lubise-berisha-keto-materiale-jane-te-zgjedhjeve-te-11-majit-jane-marre-nga-hakerat\/","title":{"rendered":"\u201cLaptopi i Lubis\u00eb\u201d\/ Berisha: K\u00ebto materiale jan\u00eb t\u00eb zgjedhjeve t\u00eb 11 majit, jan\u00eb marr\u00eb nga hakerat!"},"content":{"rendered":"<p>Kryetari i Partis\u00eb Demokratike, Sali Berisha, ka b\u00ebr\u00eb deklarata t\u00eb forta lidhur me materialet q\u00eb jan\u00eb marr\u00eb nga laptopi i Ballukut.<\/p>\n<p>Ai ka akuzuar haker\u00ebt p\u00ebr marrjen e informacionit t\u00eb zgjedhjeve t\u00eb 11 majit, duke shtuar se materialet jan\u00eb t\u00eb fresk\u00ebta dhe p\u00ebrfshijn\u00eb mij\u00ebra t\u00eb dh\u00ebna q\u00eb lidhen me procesin zgjedhor.<\/p>\n<p>\u201cK\u00ebto jan\u00eb t\u00eb gjith\u00eb t\u00eb fresk\u00ebt t\u00eb 11 majit, t\u00eb zgjedhjeve t\u00eb 11 majit dhe jan\u00eb mij\u00ebra t\u00eb tjer\u00eb. Por po t\u00eb rrija dhe t&#8217;ua paraqisja shkonim shum\u00eb gjat\u00eb.<\/p>\n<p>T\u00eb gjith\u00eb jan\u00eb me telefona, me persona korrespondues.<\/p>\n<p>&#8230; Hakerat, hakerat jan\u00eb, hakerat\u201d, tha Berisha.<\/p>\n","protected":false},"excerpt":{"rendered":"<p>Kryetari i Partis\u00eb Demokratike, Sali Berisha, ka b\u00ebr\u00eb deklarata t\u00eb forta lidhur me materialet q\u00eb jan\u00eb marr\u00eb nga laptopi i Ballukut. Ai ka akuzuar haker\u00ebt p\u00ebr marrjen e informacionit t\u00eb zgjedhjeve t\u00eb 11 majit, duke shtuar se materialet jan\u00eb t\u00eb fresk\u00ebta dhe p\u00ebrfshijn\u00eb mij\u00ebra t\u00eb dh\u00ebna q\u00eb lidhen me procesin zgjedhor. \u201cK\u00ebto jan\u00eb t\u00eb gjith\u00eb &hellip;<\/p>\n","protected":false},"author":4,"featured_media":120006,"comment_status":"closed","ping_status":"closed","sticky":false,"template":"","format":"standard","meta":{"footnotes":""},"categories":[37],"tags":[],"class_list":["post-120004","post","type-post","status-publish","format-standard","has-post-thumbnail","","category-politike"],"_links":{"self":[{"href":"https:\/\/rdnews.al\/index.php\/wp-json\/wp\/v2\/posts\/120004","targetHints":{"allow":["GET"]}}],"collection":[{"href":"https:\/\/rdnews.al\/index.php\/wp-json\/wp\/v2\/posts"}],"about":[{"href":"https:\/\/rdnews.al\/index.php\/wp-json\/wp\/v2\/types\/post"}],"author":[{"embeddable":true,"href":"https:\/\/rdnews.al\/index.php\/wp-json\/wp\/v2\/users\/4"}],"replies":[{"embeddable":true,"href":"https:\/\/rdnews.al\/index.php\/wp-json\/wp\/v2\/comments?post=120004"}],"version-history":[{"count":1,"href":"https:\/\/rdnews.al\/index.php\/wp-json\/wp\/v2\/posts\/120004\/revisions"}],"predecessor-version":[{"id":120005,"href":"https:\/\/rdnews.al\/index.php\/wp-json\/wp\/v2\/posts\/120004\/revisions\/120005"}],"wp:featuredmedia":[{"embeddable":true,"href":"https:\/\/rdnews.al\/index.php\/wp-json\/wp\/v2\/media\/120006"}],"wp:attachment":[{"href":"https:\/\/rdnews.al\/index.php\/wp-json\/wp\/v2\/media?parent=120004"}],"wp:term":[{"taxonomy":"category","embeddable":true,"href":"https:\/\/rdnews.al\/index.php\/wp-json\/wp\/v2\/categories?post=120004"},{"taxonomy":"post_tag","embeddable":true,"href":"https:\/\/rdnews.al\/index.php\/wp-json\/wp\/v2\/tags?post=120004"}],"curies":[{"name":"wp","href":"https:\/\/api.w.org\/{rel}","templated":true}]}}