{"id":120017,"date":"2025-07-29T11:41:20","date_gmt":"2025-07-29T11:41:20","guid":{"rendered":"https:\/\/rdnews.al\/?p=120017"},"modified":"2025-07-29T11:41:20","modified_gmt":"2025-07-29T11:41:20","slug":"denoncimet-per-voten-e-diaspores-berisha-do-ti-drejtohemi-kushtetueses-si-nje-shkalle-per-te-kaluar-drejt-strasburgut","status":"publish","type":"post","link":"https:\/\/rdnews.al\/index.php\/2025\/07\/29\/denoncimet-per-voten-e-diaspores-berisha-do-ti-drejtohemi-kushtetueses-si-nje-shkalle-per-te-kaluar-drejt-strasburgut\/","title":{"rendered":"Denoncimet p\u00ebr vot\u00ebn e diaspor\u00ebs\/ Berisha: Do t\u2019i drejtohemi Kushtetueses si nj\u00eb shkall\u00eb p\u00ebr t\u00eb kaluar drejt Strasburgut"},"content":{"rendered":"<p>Kryetari i Partis\u00eb Demokratike, Sali Berisha, ka deklaruar se PD do t\u2019i drejtohet Gjykat\u00ebs Kushtetuese p\u00ebr denoncimet lidhur me abuzimet me vot\u00ebn e diaspor\u00ebs, dhe n\u00ebse nuk merren masa, do t\u00eb \u00e7oj\u00eb \u00e7\u00ebshtjen n\u00eb Gjykat\u00ebn Europiane t\u00eb t\u00eb Drejtave t\u00eb Njeriut n\u00eb Strasburg.<br \/>\nAi theksoi se Gjykata Kushtetuese \u00ebsht\u00eb e kontrolluar dhe ka dh\u00ebn\u00eb vendime q\u00eb ai i konsideron t\u00eb turpshme dhe antikushtetuese, duke p\u00ebrmendur gjithashtu se ajo ka legalizuar k\u00ebrkesat q\u00eb jan\u00eb t\u00eb papranueshme p\u00ebr shtetin ligjor.<br \/>\n\u201cPa diskutim do e \u00e7ojm\u00eb, por vet\u00ebkuptohet, gjykata \u00ebsht\u00eb totalisht e kontrolluar. Gjykata Kushtetuese.<br \/>\nTani ne po e \u00e7uam atje, e \u00e7ojm\u00eb p\u00ebr Strasburg.<br \/>\nPor t\u00eb kesh besim tek gjykata q\u00eb \u00e7\u2019t\u00eb thuash, ka vendosur standarde t\u00eb v\u00ebrteta antikushtetuese n\u00eb dy aspekte.<br \/>\nAspekti i par\u00eb, ajo ka dh\u00ebn\u00eb vendime q\u00eb turp\u00ebrojn\u00eb \u00e7do njeri t\u00eb lir\u00eb sepse t\u00eb pranoj\u00eb gjykata vendimet ekstraligjore t\u00eb gjykatave&#8230;<br \/>\nE qart\u00eb, heqja e t\u00eb drejt\u00ebs p\u00ebr komunikim, \u00ebsht\u00eb hequr ligji q\u00eb lejonte k\u00ebt\u00eb vendim dhe \u00ebsht\u00eb hequr me k\u00ebrkes\u00eb t\u00eb Strasburgut dhe Gjykata Kushtetuese e p\u00ebrligj k\u00ebt\u00eb k\u00ebrkes\u00eb n\u00eb m\u00ebnyr\u00ebn m\u00eb t\u00eb turpshme, m\u00eb ekstraligjore.<br \/>\nPor Gjykata Kushtetuese gjithashtu \u00ebsht\u00eb nj\u00eb shkall\u00eb, etap\u00eb p\u00ebr t\u00eb kaluar \u00e7\u00ebshtjet n\u00eb Strasburg.<br \/>\nNatyrisht kjo gjykat\u00eb ka problemin e madh se vendimet e saj kur nuk i p\u00eblqejn\u00eb Edi Ram\u00ebs, hidhen n\u00eb kosh.<br \/>\nDhe gjykata mjaftohet me disa deklarata superficiale, n\u00eb vend q\u00eb t\u00eb bllokoj\u00eb pun\u00ebn dhe t\u00eb thot\u00eb se ose vendimi zbatohet ose ne nuk funksionojm\u00eb.<br \/>\nPor jan\u00eb t\u00eb kapur, e dini vet\u00eb ju, t\u00eb mos hyj\u00eb n\u00eb ato histori un\u00eb se nuk kan\u00eb fund, dhe sipas urdhrave t\u00eb Edi Ram\u00ebs, b\u00ebjn\u00eb tani&#8230; problemin kryesor e kan\u00eb t\u00eb interpretojn\u00eb em\u00ebrimin q\u00eb presidenti i republik\u00ebs e ka b\u00ebr\u00eb p\u00ebr 8 vite.<br \/>\nQ\u00eb me k\u00ebt\u00eb akt, ajo gjykat\u00eb nd\u00ebrmerr nj\u00eb hap vet\u00ebshkat\u00ebrrues.<br \/>\nPrandaj edhe ne p\u00ebr hir t\u00eb hierarkis\u00eb gjyq\u00ebsore dhe gjykat\u00ebs nd\u00ebrkomb\u00ebtare, t\u00eb cil\u00ebs do i drejtohemi p\u00ebr aspekte kushtetuese sepse jemi t\u00eb angazhuar n\u00eb mbrojtjen e vot\u00ebs, do kalojm\u00eb \u00e7do faz\u00eb\u201d, tha Berisha.<\/p>\n","protected":false},"excerpt":{"rendered":"<p>Kryetari i Partis\u00eb Demokratike, Sali Berisha, ka deklaruar se PD do t\u2019i drejtohet Gjykat\u00ebs Kushtetuese p\u00ebr denoncimet lidhur me abuzimet me vot\u00ebn e diaspor\u00ebs, dhe n\u00ebse nuk merren masa, do t\u00eb \u00e7oj\u00eb \u00e7\u00ebshtjen n\u00eb Gjykat\u00ebn Europiane t\u00eb t\u00eb Drejtave t\u00eb Njeriut n\u00eb Strasburg. Ai theksoi se Gjykata Kushtetuese \u00ebsht\u00eb e kontrolluar dhe ka dh\u00ebn\u00eb vendime &hellip;<\/p>\n","protected":false},"author":4,"featured_media":119992,"comment_status":"closed","ping_status":"closed","sticky":false,"template":"","format":"standard","meta":{"footnotes":""},"categories":[37],"tags":[],"class_list":["post-120017","post","type-post","status-publish","format-standard","has-post-thumbnail","","category-politike"],"_links":{"self":[{"href":"https:\/\/rdnews.al\/index.php\/wp-json\/wp\/v2\/posts\/120017","targetHints":{"allow":["GET"]}}],"collection":[{"href":"https:\/\/rdnews.al\/index.php\/wp-json\/wp\/v2\/posts"}],"about":[{"href":"https:\/\/rdnews.al\/index.php\/wp-json\/wp\/v2\/types\/post"}],"author":[{"embeddable":true,"href":"https:\/\/rdnews.al\/index.php\/wp-json\/wp\/v2\/users\/4"}],"replies":[{"embeddable":true,"href":"https:\/\/rdnews.al\/index.php\/wp-json\/wp\/v2\/comments?post=120017"}],"version-history":[{"count":1,"href":"https:\/\/rdnews.al\/index.php\/wp-json\/wp\/v2\/posts\/120017\/revisions"}],"predecessor-version":[{"id":120018,"href":"https:\/\/rdnews.al\/index.php\/wp-json\/wp\/v2\/posts\/120017\/revisions\/120018"}],"wp:featuredmedia":[{"embeddable":true,"href":"https:\/\/rdnews.al\/index.php\/wp-json\/wp\/v2\/media\/119992"}],"wp:attachment":[{"href":"https:\/\/rdnews.al\/index.php\/wp-json\/wp\/v2\/media?parent=120017"}],"wp:term":[{"taxonomy":"category","embeddable":true,"href":"https:\/\/rdnews.al\/index.php\/wp-json\/wp\/v2\/categories?post=120017"},{"taxonomy":"post_tag","embeddable":true,"href":"https:\/\/rdnews.al\/index.php\/wp-json\/wp\/v2\/tags?post=120017"}],"curies":[{"name":"wp","href":"https:\/\/api.w.org\/{rel}","templated":true}]}}