{"id":120022,"date":"2025-07-29T11:54:31","date_gmt":"2025-07-29T11:54:31","guid":{"rendered":"https:\/\/rdnews.al\/?p=120022"},"modified":"2025-07-29T11:54:48","modified_gmt":"2025-07-29T11:54:48","slug":"ministri-i-rames-thote-se-po-punohet-per-te-blere-dy-avione-zjarrfikes","status":"publish","type":"post","link":"https:\/\/rdnews.al\/index.php\/2025\/07\/29\/ministri-i-rames-thote-se-po-punohet-per-te-blere-dy-avione-zjarrfikes\/","title":{"rendered":"Ministri i Ram\u00ebs thot\u00eb se po punohet p\u00ebr t\u00eb bler\u00eb dy avion\u00eb zjarrfik\u00ebs"},"content":{"rendered":"<p>Ministri i Mbrojtjes, Pirro Vengu, foli p\u00ebr situat\u00ebn e zjarreve n\u00eb vend gjat\u00eb nj\u00eb interviste p\u00ebr Euronews Albania, ku p\u00ebr her\u00eb t\u00eb par\u00eb b\u00ebri me dije se Shqip\u00ebria ka p\u00ebrfunduar procedurat p\u00ebr blerjen e dy avion\u00ebve zjarrfik\u00ebs.<\/p>\n<p>Sipas tij fondet p\u00ebr avion\u00ebt zjarrfik\u00ebs jan\u00eb alokuar, dhe aktualisht pritet prodhimi i tyre si dhe trajnimi i pilot\u00ebve.<\/p>\n<p>Ministri Vengu e zbuloi k\u00ebt\u00eb informacion pas nd\u00ebrhyrjes s\u00eb gazetarit Thimi Samarxhi, i cili vuri n\u00eb dukje p\u00ebrpjekjet intensive t\u00eb ushtar\u00ebve p\u00ebr t\u00eb shuar flak\u00ebt dhe pyeti n\u00ebse ministria mendon se ka ardhur koha q\u00eb Shqip\u00ebria t\u00eb ket\u00eb avion\u00eb t\u00eb saj zjarrfik\u00ebs, p\u00ebr t\u00eb mb\u00ebshtetur m\u00eb mir\u00eb ushtar\u00ebt dhe p\u00ebr t\u00eb leht\u00ebsuar pun\u00ebn e tyre.<\/p>\n<p>\u201cP\u00ebrgjigja ime \u00ebsht\u00eb se k\u00ebt\u00eb vit jan\u00eb angazhuar pes\u00eb helikopter\u00eb p\u00ebr fikjen e zjarreve, nj\u00eb num\u00ebr i paprecedent deri m\u00eb tani. Ky element do t\u00eb p\u00ebrforcohet, pasi kemi alokuar fonde dhe kemi p\u00ebrfunduar procesin p\u00ebr blerjen e dy avion\u00ebve zjarrfik\u00ebs. Buxheti \u00ebsht\u00eb i siguruar dhe procedurat p\u00ebr blerjen e tyre jan\u00eb realizuar. Prodhimi dhe ardhja e avion\u00ebve n\u00eb vendin ton\u00eb k\u00ebrkon koh\u00eb t\u00eb arsyeshme, pasi duhet t\u00eb prodhohen dhe t\u00eb dislokohen. Nd\u00ebrkoh\u00eb, po trajnojm\u00eb pilot\u00ebt, pasi q\u00eb prej vitit 2007 Shqip\u00ebria nuk ka pasur pilot\u00eb avion\u00ebsh. Pra, qeveria e ka parashikuar k\u00ebt\u00eb dhe po investon p\u00ebr t\u00eb pasur mjete ajrore shtes\u00eb, duke forcuar edhe flot\u00ebn e helikopter\u00ebve,\u201d tha ministri Pirro Vengu.<\/p>\n<p>Ai shtoi se po rinovohet flota e mjeteve zjarrfik\u00ebse n\u00eb t\u00eb gjith\u00eb vendin, fal\u00eb edhe themelimit t\u00eb kompanis\u00eb shtet\u00ebrore t\u00eb prodhimit ushtarak, e cila do t\u00eb ket\u00eb mund\u00ebsi t\u00eb prodhoj\u00eb edhe mjete emergjence civile.<\/p>\n<p>\u201cKjo do t\u00eb ndihmoj\u00eb n\u00eb stabilizimin e situat\u00ebs, si nga toka, ashtu edhe nga ajri\u201d, tha ai.<\/p>\n<p>Sa i p\u00ebrket situat\u00ebs aktuale t\u00eb zjarreve, ministri tha se aktualisht gjendja \u00ebsht\u00eb e p\u00ebrmir\u00ebsuar ndjesh\u00ebm, fal\u00eb p\u00ebrpjekjeve intensive gjat\u00eb jav\u00ebs s\u00eb fundit dhe reshjeve n\u00eb or\u00ebt e para t\u00eb m\u00ebngjesit t\u00eb s\u00eb mart\u00ebs.<\/p>\n<p>\u201cQ\u00eb nga data 20 korrik, \u00ebsht\u00eb regjistruar nj\u00eb intensifikim i vatrave n\u00eb t\u00eb gjith\u00eb vendin. Forcat e armatosura, bashk\u00eb me strukturat vendore, kan\u00eb punuar intensivisht p\u00ebr t\u00eb mbrojtur zonat e banuara, pronat, bizneset dhe infrastruktur\u00ebn kritike. Sot, pas reshjeve t\u00eb shiut, situata \u00ebsht\u00eb p\u00ebrmir\u00ebsuar ndjesh\u00ebm. Shiu ka ndihmuar n\u00eb shuarjen e vatrave n\u00eb zonat malore dhe pyjore, ku m\u00eb par\u00eb kishte v\u00ebshtir\u00ebsi p\u00ebr nd\u00ebrhyrje. Aktualisht, mund t\u00eb them se shumica e vatrave t\u00eb zjarrit n\u00eb territorin komb\u00ebtar jan\u00eb shuar. N\u00eb k\u00ebt\u00eb moment, kemi pes\u00eb vatra aktive zjarri n\u00eb Shkod\u00ebr, Gjirokast\u00ebr, Kuk\u00ebs dhe vende t\u00eb tjera, por ato aktualisht jan\u00eb pa rrezik t\u00eb menj\u00ebhersh\u00ebm,\u201d p\u00ebrfundoi ministri Vengu.<\/p>\n","protected":false},"excerpt":{"rendered":"<p>Ministri i Mbrojtjes, Pirro Vengu, foli p\u00ebr situat\u00ebn e zjarreve n\u00eb vend gjat\u00eb nj\u00eb interviste p\u00ebr Euronews Albania, ku p\u00ebr her\u00eb t\u00eb par\u00eb b\u00ebri me dije se Shqip\u00ebria ka p\u00ebrfunduar procedurat p\u00ebr blerjen e dy avion\u00ebve zjarrfik\u00ebs. Sipas tij fondet p\u00ebr avion\u00ebt zjarrfik\u00ebs jan\u00eb alokuar, dhe aktualisht pritet prodhimi i tyre si dhe trajnimi i &hellip;<\/p>\n","protected":false},"author":4,"featured_media":120023,"comment_status":"closed","ping_status":"closed","sticky":false,"template":"","format":"standard","meta":{"footnotes":""},"categories":[37],"tags":[],"class_list":["post-120022","post","type-post","status-publish","format-standard","has-post-thumbnail","","category-politike"],"_links":{"self":[{"href":"https:\/\/rdnews.al\/index.php\/wp-json\/wp\/v2\/posts\/120022","targetHints":{"allow":["GET"]}}],"collection":[{"href":"https:\/\/rdnews.al\/index.php\/wp-json\/wp\/v2\/posts"}],"about":[{"href":"https:\/\/rdnews.al\/index.php\/wp-json\/wp\/v2\/types\/post"}],"author":[{"embeddable":true,"href":"https:\/\/rdnews.al\/index.php\/wp-json\/wp\/v2\/users\/4"}],"replies":[{"embeddable":true,"href":"https:\/\/rdnews.al\/index.php\/wp-json\/wp\/v2\/comments?post=120022"}],"version-history":[{"count":1,"href":"https:\/\/rdnews.al\/index.php\/wp-json\/wp\/v2\/posts\/120022\/revisions"}],"predecessor-version":[{"id":120024,"href":"https:\/\/rdnews.al\/index.php\/wp-json\/wp\/v2\/posts\/120022\/revisions\/120024"}],"wp:featuredmedia":[{"embeddable":true,"href":"https:\/\/rdnews.al\/index.php\/wp-json\/wp\/v2\/media\/120023"}],"wp:attachment":[{"href":"https:\/\/rdnews.al\/index.php\/wp-json\/wp\/v2\/media?parent=120022"}],"wp:term":[{"taxonomy":"category","embeddable":true,"href":"https:\/\/rdnews.al\/index.php\/wp-json\/wp\/v2\/categories?post=120022"},{"taxonomy":"post_tag","embeddable":true,"href":"https:\/\/rdnews.al\/index.php\/wp-json\/wp\/v2\/tags?post=120022"}],"curies":[{"name":"wp","href":"https:\/\/api.w.org\/{rel}","templated":true}]}}