{"id":120025,"date":"2025-07-29T11:57:40","date_gmt":"2025-07-29T11:57:40","guid":{"rendered":"https:\/\/rdnews.al\/?p=120025"},"modified":"2025-07-29T11:57:40","modified_gmt":"2025-07-29T11:57:40","slug":"raporti-perfundimtar-per-zgjedhjet-berisha-rama-po-ben-presion-te-madh-por-une-kam-besim-te-palekundur-tek-institucionet-nderkombetare","status":"publish","type":"post","link":"https:\/\/rdnews.al\/index.php\/2025\/07\/29\/raporti-perfundimtar-per-zgjedhjet-berisha-rama-po-ben-presion-te-madh-por-une-kam-besim-te-palekundur-tek-institucionet-nderkombetare\/","title":{"rendered":"Raporti p\u00ebrfundimtar p\u00ebr zgjedhjet\/ Berisha: Rama po b\u00ebn presion t\u00eb madh, por un\u00eb kam besim t\u00eb pal\u00ebkundur tek institucionet nd\u00ebrkomb\u00ebtare"},"content":{"rendered":"<p>Kryetari i PD, Sali Berisha ka denoncuar p\u00ebrpjekjet e Edi Ram\u00ebs p\u00ebr t\u00eb manipuluar raportet e zgjedhjeve, duke theksuar se besimi i tij i pal\u00ebkundur q\u00ebndron tek institucionet nd\u00ebrkomb\u00ebtare.<br \/>\nAi ka deklaruar se Rama po ushtron presion t\u00eb jasht\u00ebzakonsh\u00ebm, por edhe pse ai po p\u00ebrdor mekanizma p\u00ebr t\u00eb ndryshuar raportin e K\u00ebshillit t\u00eb Europ\u00ebs, institucioni nd\u00ebrkomb\u00ebtar ka dh\u00ebn\u00eb nj\u00eb rekomandim t\u00eb r\u00ebnd\u00ebsish\u00ebm q\u00eb e b\u00ebn t\u00eb qart\u00eb se zgjedhjet e 11 majit 2025 jan\u00eb t\u00eb papranueshme dhe t\u00eb manipuluara.<br \/>\n\u201cE d\u00ebnoj me forc\u00ebn m\u00eb t\u00eb madhe t\u00eb gjith\u00eb presionin dhe un\u00eb informoj komunitetin nd\u00ebrkomb\u00ebtar se Edi Rama po b\u00ebn p\u00ebrpjekje t\u00eb jasht\u00ebzakonshme.<br \/>\nPor besimi im i madh, i pal\u00ebkundur \u00ebsht\u00eb tek institucionet nd\u00ebrkomb\u00ebtare, t\u00eb cilat si\u00e7 konstatoj un\u00eb do t\u00eb q\u00ebndrojn\u00eb n\u00eb mbrojtje t\u00eb t\u00eb v\u00ebrtetave t\u00eb hidhura t\u00eb fars\u00ebs elektorale 11 maj 2025.<br \/>\nP\u00ebrdori t\u00eb gjith\u00eb ato mekanizma p\u00ebr t\u00eb ndryshuar raportin e K\u00ebshillit t\u00eb Europ\u00ebs, por mori goditjen m\u00eb fatale me rekomandimin ku thuhet \u2018rekomandojm\u00eb q\u00eb n\u00eb Shqip\u00ebri t\u00eb ndahet partia nga shteti\u2019. Kaq.<br \/>\nN\u00eb qoft\u00eb se ky rekomandim b\u00ebhet, at\u00ebher\u00eb p\u00ebr t\u00eb gjith\u00eb ata q\u00eb kan\u00eb ABC-n\u00eb, alf\u00ebn e kultur\u00ebs ligjore elektorale, vet\u00ebkuptohet se zgjedhjet kan\u00eb qen\u00eb fars\u00eb.<br \/>\nPrandaj ne kemi besim sepse t\u00eb v\u00ebrtetat tona jan\u00eb t\u00eb jasht\u00ebzakonshme.<br \/>\nShikoni, ata kan\u00eb folur p\u00ebr patron\u00ebt, kan\u00eb shkruar se ato jan\u00eb n\u00eb kund\u00ebrshtim me parimet nd\u00ebrkomb\u00ebtare t\u00eb zgjedhjeve, por ne do u \u00e7ojm\u00eb t\u00eb gjith\u00eb veprimtarin\u00eb kriminale t\u00eb Ballukut me patron\u00eb, t\u00eb gjith\u00eb miklimet q\u00eb u b\u00ebn qytetar\u00ebve p\u00ebr t\u00eb bler\u00eb vot\u00ebn.<br \/>\nPra, n\u00eb nj\u00eb m\u00ebnyr\u00eb ose n\u00eb nj\u00eb tjet\u00ebr, ne kemi arritur para jush dhe shqiptar\u00ebve dhe komunitetit nd\u00ebrkomb\u00ebtar t\u00eb paraqesim manipulimet m\u00eb monstruoze t\u00eb zgjedhjeve q\u00eb mund t\u00eb jen\u00eb b\u00ebr\u00eb ndonj\u00ebher\u00eb\u201d, tha Berisha.<\/p>\n","protected":false},"excerpt":{"rendered":"<p>Kryetari i PD, Sali Berisha ka denoncuar p\u00ebrpjekjet e Edi Ram\u00ebs p\u00ebr t\u00eb manipuluar raportet e zgjedhjeve, duke theksuar se besimi i tij i pal\u00ebkundur q\u00ebndron tek institucionet nd\u00ebrkomb\u00ebtare. Ai ka deklaruar se Rama po ushtron presion t\u00eb jasht\u00ebzakonsh\u00ebm, por edhe pse ai po p\u00ebrdor mekanizma p\u00ebr t\u00eb ndryshuar raportin e K\u00ebshillit t\u00eb Europ\u00ebs, institucioni &hellip;<\/p>\n","protected":false},"author":4,"featured_media":119997,"comment_status":"closed","ping_status":"closed","sticky":false,"template":"","format":"standard","meta":{"footnotes":""},"categories":[37],"tags":[],"class_list":["post-120025","post","type-post","status-publish","format-standard","has-post-thumbnail","","category-politike"],"_links":{"self":[{"href":"https:\/\/rdnews.al\/index.php\/wp-json\/wp\/v2\/posts\/120025","targetHints":{"allow":["GET"]}}],"collection":[{"href":"https:\/\/rdnews.al\/index.php\/wp-json\/wp\/v2\/posts"}],"about":[{"href":"https:\/\/rdnews.al\/index.php\/wp-json\/wp\/v2\/types\/post"}],"author":[{"embeddable":true,"href":"https:\/\/rdnews.al\/index.php\/wp-json\/wp\/v2\/users\/4"}],"replies":[{"embeddable":true,"href":"https:\/\/rdnews.al\/index.php\/wp-json\/wp\/v2\/comments?post=120025"}],"version-history":[{"count":1,"href":"https:\/\/rdnews.al\/index.php\/wp-json\/wp\/v2\/posts\/120025\/revisions"}],"predecessor-version":[{"id":120026,"href":"https:\/\/rdnews.al\/index.php\/wp-json\/wp\/v2\/posts\/120025\/revisions\/120026"}],"wp:featuredmedia":[{"embeddable":true,"href":"https:\/\/rdnews.al\/index.php\/wp-json\/wp\/v2\/media\/119997"}],"wp:attachment":[{"href":"https:\/\/rdnews.al\/index.php\/wp-json\/wp\/v2\/media?parent=120025"}],"wp:term":[{"taxonomy":"category","embeddable":true,"href":"https:\/\/rdnews.al\/index.php\/wp-json\/wp\/v2\/categories?post=120025"},{"taxonomy":"post_tag","embeddable":true,"href":"https:\/\/rdnews.al\/index.php\/wp-json\/wp\/v2\/tags?post=120025"}],"curies":[{"name":"wp","href":"https:\/\/api.w.org\/{rel}","templated":true}]}}