{"id":120029,"date":"2025-07-29T17:02:19","date_gmt":"2025-07-29T17:02:19","guid":{"rendered":"https:\/\/rdnews.al\/?p=120029"},"modified":"2025-07-29T17:02:19","modified_gmt":"2025-07-29T17:02:19","slug":"strazimiri-radha-ne-manualin-e-historia-ppsh-eshte-ndryshe","status":"publish","type":"post","link":"https:\/\/rdnews.al\/index.php\/2025\/07\/29\/strazimiri-radha-ne-manualin-e-historia-ppsh-eshte-ndryshe\/","title":{"rendered":"Strazimiri: Radha n\u00eb manualin e &#8220;Historia PPSH&#8221; \u00ebsht\u00eb ndryshe&#8230;"},"content":{"rendered":"<div id=\"rekl-49\">Deputeti i zgjedhur i PD, Gent Strazimiri ka reaguar n\u00eb lidhje me skandalin n\u00eb Bashkin\u00eb Shkod\u00ebr, ku kreu i saj, Benet Beci ka shkarkuar p\u00ebr arsye politike aktorin dhe gazetarin Simon Shkreli.<\/div>\n<div class=\"readmore-text-here\">\n<p>N\u00eb postimin e tij n\u00eb Facebook, Strazimiri ironizon situat\u00ebn, duke theksuar se \u2018Partia\u2019 ka zbuluar \u2018grup anti-parti n\u00eb art e kultur\u00eb\u2019 ke teatri \u2018Migjeni\u2019, kjo u mor vesh se nuk qenka ve\u00e7 Simon Shkreli\u2019.<\/p>\n<p>\u2018Radha n\u00eb manualin e &#8220;Historia PPSH&#8221; \u00ebsht\u00eb ndryshe&#8230;Nejse, ndonj\u00eb nga shok\u00ebt q\u00eb mbulon sektorin e &#8220;luft\u00ebs s\u00eb klasave&#8221; do ket\u00eb ngat\u00ebrruar faqen\u2019, shkruan Strazimiri.<\/p>\n<p><strong>Postimi\u00a0<\/strong><\/p>\n<p>Q\u00eb &#8220;Partia&#8221; ka zbuluar &#8220;grup anti-parti n\u00eb art e kultur\u00eb&#8221; ke teatri &#8220;Migjeni&#8221;, kjo u mor vesh se nuk qenka ve\u00e7 Simon Shkreli \ud83e\udd2b!<\/p>\n<p>Po pse pas zbulimit t\u00eb &#8220;grupit armiq\u00ebsor n\u00eb sektorin e naft\u00ebs&#8221; dhe para atij &#8220;n\u00eb ekonomi&#8221; nuk po e kuptoj&#8230;\ud83e\udd14&#8230; Nd\u00ebrkoh\u00eb q\u00eb ende nuk ka dal\u00eb asnj\u00eb &#8220;grup armiq\u00ebsor n\u00eb ushtri&#8221;&#8230;\ud83d\ude15<\/p>\n<p>Radha n\u00eb manualin e &#8220;Historia PPSH&#8221; \u00ebsht\u00eb ndryshe&#8230;\ud83e\udee4<\/p>\n<p>Nejse, ndonj\u00eb nga shok\u00ebt q\u00eb mbulon sektorin e &#8220;luft\u00ebs s\u00eb klasave&#8221; do ket\u00eb ngat\u00ebrruar faqen&#8230;\ud83e\udd26\u200d\u2642\ufe0f<\/p>\n<p>\ud83d\udd95Shkodra pozitive\ud83d\udd95<\/p>\n<\/div>\n","protected":false},"excerpt":{"rendered":"<p>Deputeti i zgjedhur i PD, Gent Strazimiri ka reaguar n\u00eb lidhje me skandalin n\u00eb Bashkin\u00eb Shkod\u00ebr, ku kreu i saj, Benet Beci ka shkarkuar p\u00ebr arsye politike aktorin dhe gazetarin Simon Shkreli. N\u00eb postimin e tij n\u00eb Facebook, Strazimiri ironizon situat\u00ebn, duke theksuar se \u2018Partia\u2019 ka zbuluar \u2018grup anti-parti n\u00eb art e kultur\u00eb\u2019 ke teatri &hellip;<\/p>\n","protected":false},"author":4,"featured_media":70796,"comment_status":"closed","ping_status":"closed","sticky":false,"template":"","format":"standard","meta":{"footnotes":""},"categories":[37],"tags":[],"class_list":["post-120029","post","type-post","status-publish","format-standard","has-post-thumbnail","","category-politike"],"_links":{"self":[{"href":"https:\/\/rdnews.al\/index.php\/wp-json\/wp\/v2\/posts\/120029","targetHints":{"allow":["GET"]}}],"collection":[{"href":"https:\/\/rdnews.al\/index.php\/wp-json\/wp\/v2\/posts"}],"about":[{"href":"https:\/\/rdnews.al\/index.php\/wp-json\/wp\/v2\/types\/post"}],"author":[{"embeddable":true,"href":"https:\/\/rdnews.al\/index.php\/wp-json\/wp\/v2\/users\/4"}],"replies":[{"embeddable":true,"href":"https:\/\/rdnews.al\/index.php\/wp-json\/wp\/v2\/comments?post=120029"}],"version-history":[{"count":1,"href":"https:\/\/rdnews.al\/index.php\/wp-json\/wp\/v2\/posts\/120029\/revisions"}],"predecessor-version":[{"id":120030,"href":"https:\/\/rdnews.al\/index.php\/wp-json\/wp\/v2\/posts\/120029\/revisions\/120030"}],"wp:featuredmedia":[{"embeddable":true,"href":"https:\/\/rdnews.al\/index.php\/wp-json\/wp\/v2\/media\/70796"}],"wp:attachment":[{"href":"https:\/\/rdnews.al\/index.php\/wp-json\/wp\/v2\/media?parent=120029"}],"wp:term":[{"taxonomy":"category","embeddable":true,"href":"https:\/\/rdnews.al\/index.php\/wp-json\/wp\/v2\/categories?post=120029"},{"taxonomy":"post_tag","embeddable":true,"href":"https:\/\/rdnews.al\/index.php\/wp-json\/wp\/v2\/tags?post=120029"}],"curies":[{"name":"wp","href":"https:\/\/api.w.org\/{rel}","templated":true}]}}