{"id":120031,"date":"2025-07-29T17:05:19","date_gmt":"2025-07-29T17:05:19","guid":{"rendered":"https:\/\/rdnews.al\/?p=120031"},"modified":"2025-07-29T17:05:19","modified_gmt":"2025-07-29T17:05:19","slug":"udhetime-me-kriminele-dhe-probleme-me-pasurine-shkarkohet-si-prokurore-motra-e-ermonela-felajt","status":"publish","type":"post","link":"https:\/\/rdnews.al\/index.php\/2025\/07\/29\/udhetime-me-kriminele-dhe-probleme-me-pasurine-shkarkohet-si-prokurore-motra-e-ermonela-felajt\/","title":{"rendered":"Udh\u00ebtime me kriminel\u00eb dhe probleme me pasurin\u00eb, shkarkohet si prokurore motra e Ermonela Felajt"},"content":{"rendered":"<p><strong>Kolegji i \u00e7moi t\u00eb drejt\u00eb shumic\u00ebn e shkaqeve t\u00eb ankimit ndaj vendimmarrjes s\u00eb Komisionit p\u00ebr konfirmimin n\u00eb detyr\u00eb t\u00eb prokurores s\u00eb Tiran\u00ebs, Eranda Laze dhe e shkarkoi at\u00eb nga detyra.<\/strong><\/p>\n<p>Kolegji i Posa\u00e7\u00ebm i Apelimit, KPA shpalli t\u00eb mart\u00ebn m\u00eb 29 korrik vendimin p\u00ebr shkarkimin nga detyra t\u00eb prokurores s\u00eb Tiran\u00ebs, Eranda Laze, motra e ish-deputetes s\u00eb PS-s\u00eb, Ermonela Felajt.<\/p>\n<p>Sipas Kolegjit, \u00ebsht\u00eb i drejt\u00eb pretendimi i institucionit t\u00eb Komisioner\u00ebve Publik\u00eb dhe drejtuesit t\u00eb SPAK se prokurorja Laze dhe bashk\u00ebshorti i saj jan\u00eb n\u00eb pamund\u00ebsi p\u00ebr t\u00eb v\u00ebrtetuar burimet financiare t\u00eb ligjshme p\u00ebr pages\u00ebn e k\u00ebstit t\u00eb par\u00eb t\u00eb nj\u00eb apartamenti n\u00eb vler\u00ebn 40 mij\u00eb euro dhe p\u00ebr k\u00ebstin e fundit.<\/p>\n<p>Po ashtu, Kolegji ka gjetur t\u00eb drejt\u00eb dhe shkakun e ankimit p\u00ebr pamund\u00ebsin\u00eb e krijimit t\u00eb gjendjes cash, p\u00ebr arsye t\u00eb mosv\u00ebrtetimit t\u00eb ligjshm\u00ebris\u00eb s\u00eb t\u00eb ardhurave t\u00eb bashk\u00ebshortit nga avokatia. Sipas KPA, p\u00ebr k\u00ebto t\u00eb ardhura nuk u provua shlyerja e detyrimeve tatimore.<\/p>\n<p>P\u00ebr nj\u00eb ngast\u00ebr toke dhuruar bashk\u00ebshortit, trupi gjykues i KPA vler\u00ebson se subjekti nuk shpjegoi bindsh\u00ebm marr\u00ebdh\u00ebnien e bashk\u00ebshortit me dhuruesit.<\/p>\n<p>Kolegji vler\u00ebson se dhe p\u00ebr nj\u00eb nd\u00ebrtim informal n\u00eb proces legalizimi, vet\u00ebdeklaruar nga babai i bashk\u00ebshortit t\u00eb subjektit, nuk u dhan\u00eb shpjegime p\u00ebr arsyet e investimit s\u00eb bashku me nj\u00eb shtetase tjet\u00ebr t\u00eb nj\u00eb garazhi n\u00eb nj\u00eb vend turistik, edhe pse ai jeton n\u00eb Itali.<\/p>\n<p>Megjith\u00ebse k\u00ebto rrethana nuk jan\u00eb gjetur penalizuese, jan\u00eb konsideruar n\u00eb vler\u00ebsimin t\u00ebr\u00ebsor.<\/p>\n<p>T\u00eb pamjaftueshme p\u00ebr mas\u00eb jan\u00eb gjetur dhe udh\u00ebtimet me persona t\u00eb dyshuar si t\u00eb p\u00ebrfshir\u00eb n\u00eb veprimtari kriminale, megjith\u00ebse u konstatua se tregojn\u00eb p\u00ebr pakujdesi.<\/p>\n<p>N\u00eb p\u00ebrfundim, trupi gjykues i Kolegjit arrin n\u00eb p\u00ebrfundimin se prokurorja Eranda Laze gjendet n\u00eb kushtet e deklarimit t\u00eb pamjaftuesh\u00ebm p\u00ebr pasurin\u00eb dhe u vendos ndryshimi i vendimmarrjes s\u00eb Komisionit e shkarkimi nga detyra i k\u00ebtij subjekti rivler\u00ebsimi.<\/p>\n<p>Laze u konfirmua n\u00eb detyr\u00eb nga Komisioni i Pavarur i Kualifikimit, KPK m\u00eb 8 n\u00ebntor t\u00eb vitit t\u00eb kaluar. Gjat\u00eb hetimit administrativ n\u00eb KPK, ajo e kund\u00ebrshtoi bilancin negativ n\u00eb mas\u00ebn 10 milion\u00eb lek\u00eb, si dhe gjetjet p\u00ebr udh\u00ebtime me persona t\u00eb p\u00ebrfshir\u00eb n\u00eb krimin e organizuar, duke k\u00ebrkuar konfirmimin. Shumica e trup\u00ebs s\u00eb KPK i gjeti bind\u00ebse shpjegimet dhe provat e dor\u00ebzuara nga subjekti, duke e reduktuar pamund\u00ebsin\u00eb n\u00eb rreth 1.5 milion\u00eb lek\u00eb, q\u00eb u konsiderua n\u00eb p\u00ebrfundim jo penalizues.<\/p>\n<p>Nd\u00ebrsa pakica \u00e7moi se Laze nuk arriti t\u00eb provoj\u00eb ligjshm\u00ebrin\u00eb e burimeve p\u00ebr dy apartamente banimi n\u00eb Tiran\u00eb, t\u00eb blera p\u00ebr vler\u00ebn 81,284 Euro dhe t\u00eb nj\u00eb automjeti. Pakica arsyetoi se pretendimet e subjektit nuk mb\u00ebshteteshin nga deklarimet periodike dhe as nga faktet e rezultuara nga hetimi administrativ.<\/p>\n<p>Vendimi i shumic\u00ebs s\u00eb Komisionit u gjet i pabazuar dhe nga Operacioni Nd\u00ebrkomb\u00ebtar i Monitorimit q\u00eb pasi evidentoi probleme p\u00ebr pasurin\u00eb dhe etik\u00ebn, u k\u00ebrkoi Komisioner\u00ebve Publik\u00eb p\u00ebrmes nj\u00eb rekomandimi, q\u00eb t\u00eb ushtronin ankim n\u00eb Kolegj.<a href=\"https:\/\/www.reporter.al\/2025\/07\/29\/kpa-shkarkon-nga-detyra-prokuroren-eranda-laze\/\" target=\"_blank\" rel=\"noopener\">\/BIRN<\/a><\/p>\n","protected":false},"excerpt":{"rendered":"<p>Kolegji i \u00e7moi t\u00eb drejt\u00eb shumic\u00ebn e shkaqeve t\u00eb ankimit ndaj vendimmarrjes s\u00eb Komisionit p\u00ebr konfirmimin n\u00eb detyr\u00eb t\u00eb prokurores s\u00eb Tiran\u00ebs, Eranda Laze dhe e shkarkoi at\u00eb nga detyra. Kolegji i Posa\u00e7\u00ebm i Apelimit, KPA shpalli t\u00eb mart\u00ebn m\u00eb 29 korrik vendimin p\u00ebr shkarkimin nga detyra t\u00eb prokurores s\u00eb Tiran\u00ebs, Eranda Laze, motra e &hellip;<\/p>\n","protected":false},"author":4,"featured_media":120032,"comment_status":"closed","ping_status":"closed","sticky":false,"template":"","format":"standard","meta":{"footnotes":""},"categories":[37],"tags":[],"class_list":["post-120031","post","type-post","status-publish","format-standard","has-post-thumbnail","","category-politike"],"_links":{"self":[{"href":"https:\/\/rdnews.al\/index.php\/wp-json\/wp\/v2\/posts\/120031","targetHints":{"allow":["GET"]}}],"collection":[{"href":"https:\/\/rdnews.al\/index.php\/wp-json\/wp\/v2\/posts"}],"about":[{"href":"https:\/\/rdnews.al\/index.php\/wp-json\/wp\/v2\/types\/post"}],"author":[{"embeddable":true,"href":"https:\/\/rdnews.al\/index.php\/wp-json\/wp\/v2\/users\/4"}],"replies":[{"embeddable":true,"href":"https:\/\/rdnews.al\/index.php\/wp-json\/wp\/v2\/comments?post=120031"}],"version-history":[{"count":1,"href":"https:\/\/rdnews.al\/index.php\/wp-json\/wp\/v2\/posts\/120031\/revisions"}],"predecessor-version":[{"id":120033,"href":"https:\/\/rdnews.al\/index.php\/wp-json\/wp\/v2\/posts\/120031\/revisions\/120033"}],"wp:featuredmedia":[{"embeddable":true,"href":"https:\/\/rdnews.al\/index.php\/wp-json\/wp\/v2\/media\/120032"}],"wp:attachment":[{"href":"https:\/\/rdnews.al\/index.php\/wp-json\/wp\/v2\/media?parent=120031"}],"wp:term":[{"taxonomy":"category","embeddable":true,"href":"https:\/\/rdnews.al\/index.php\/wp-json\/wp\/v2\/categories?post=120031"},{"taxonomy":"post_tag","embeddable":true,"href":"https:\/\/rdnews.al\/index.php\/wp-json\/wp\/v2\/tags?post=120031"}],"curies":[{"name":"wp","href":"https:\/\/api.w.org\/{rel}","templated":true}]}}