{"id":120039,"date":"2025-07-29T18:14:26","date_gmt":"2025-07-29T18:14:26","guid":{"rendered":"https:\/\/rdnews.al\/?p=120039"},"modified":"2025-07-29T18:14:26","modified_gmt":"2025-07-29T18:14:26","slug":"si-u-kthye-teatri-migjeni-ne-skenen-e-perplasjes-mes-artit-dhe-pushtetit","status":"publish","type":"post","link":"https:\/\/rdnews.al\/index.php\/2025\/07\/29\/si-u-kthye-teatri-migjeni-ne-skenen-e-perplasjes-mes-artit-dhe-pushtetit\/","title":{"rendered":"Si u kthye teatri \u201cMigjeni\u201d n\u00eb sken\u00ebn e p\u00ebrplasjes mes artit dhe pushtetit"},"content":{"rendered":"<div id=\"rekl-49\">N\u00eb zem\u00ebr t\u00eb Shkodr\u00ebs, Teatri \u201cMigjeni\u201d, nj\u00eb hap\u00ebsir\u00eb p\u00ebr shfaqje artistike dhe simbol historik i identitetit kulturor t\u00eb qytetit, duket se po kthehet n\u00eb nj\u00eb aren\u00eb p\u00ebrplasjeje mes artit dhe pushtetit.<\/div>\n<div class=\"readmore-text-here\">\n<p>Rastet e fundit q\u00eb lidhen me administrimin dhe rikonstruksionin e k\u00ebtij teatri kan\u00eb ndezur debatin mbi politizimin e sken\u00ebs artistike n\u00eb Shqip\u00ebri.<\/p>\n<p>Pak dit\u00eb m\u00eb par\u00eb, gazetari dhe aktori i njohur Simon Shkreli u shkarkua nga trupa e Teatrit \u201cMigjeni\u201d, me motivacionin zyrtar t\u00eb \u201cmunges\u00ebs s\u00eb efikasitetit, efektivitetit, produktivitetit dhe cil\u00ebsis\u00eb n\u00eb pun\u00eb\u201d.<\/p>\n<p>Ai e cil\u00ebsoi vendimin si nj\u00eb akt hakmarrjeje politike, t\u00eb orkestruar nga burokrat\u00eb pa lidhje me artin.<\/p>\n<p>I angazhuar n\u00eb teat\u00ebr q\u00eb prej vitit 2006, Shkreli e konsideroi largimin si pjes\u00eb t\u00eb nj\u00eb skenari m\u00eb t\u00eb gjer\u00eb p\u00ebr t\u00eb p\u00ebrjashtuar z\u00ebrat kritik\u00eb ndaj administrat\u00ebs aktuale.<\/p>\n<p><img loading=\"lazy\" decoding=\"async\" class=\"\" src=\"https:\/\/www.syri.net\/uploads\/syri.net\/images\/2025\/July\/29\/auto_11753811240.jpg\" alt=\"Image\" width=\"596\" height=\"821\" \/><\/p>\n<p>Ngjarja\u00a0 ka ngjallur reagime t\u00eb forta dhe \u00ebsht\u00eb cil\u00ebsuar nga shum\u00eb z\u00ebra si nj\u00eb akt hakmarrjeje politike. Kjo pasi Shkreli \u00ebsht\u00eb po ashtu edhe bashk\u00ebshorti i Eliona Shkrelit, kryetare e PD Shkod\u00ebr, dhe kjo lidhje politike ka qen\u00eb n\u00eb qend\u00ebr t\u00eb akuzave p\u00ebr motivet e largimit.<\/p>\n<p><strong>Rasti i p\u00ebrs\u00ebritur<\/strong><\/p>\n<p>Teatri \u201cMigjeni\u201d ka qen\u00eb subjekt i nd\u00ebrhyrjeve nga autoritetet lokale dhe qendrore, shpesh pa nj\u00eb proces transparent konsultimi me artist\u00ebt.<\/p>\n<p>N\u00eb janar t\u00eb vitit 2024, K\u00ebshilli Bashkiak i Shkodr\u00ebs, me mb\u00ebshtetjen e kryetarit Benet Beci, miratoi nj\u00eb vendim p\u00ebr ristrukturimin e institucioneve n\u00eb var\u00ebsi t\u00eb bashkis\u00eb, p\u00ebrfshir\u00eb edhe Teatrin \u201cMigjeni\u201d.<\/p>\n<p>Ky vendim, i cil\u00ebsuar nga shum\u00eb aktor\u00eb dhe qytetar\u00eb si nj\u00eb hap drejt shkrirjes s\u00eb autonomis\u00eb institucionale, ndezi nj\u00eb debat t\u00eb gjer\u00eb mbi politizimin e sken\u00ebs kulturore n\u00eb Shqip\u00ebri.<\/p>\n<p>Nd\u00ebrsa Bashkia e Shkodr\u00ebs e cil\u00ebsoi si nj\u00eb \u201cristrukturim p\u00ebr eficienc\u00eb dhe mir\u00ebmbajtje\u201d, shum\u00eb figura publike e interpretuan si nj\u00eb p\u00ebrpjekje p\u00ebr t\u00eb zhveshur institucionin nga identiteti i tij artistik dhe p\u00ebr ta kthyer n\u00eb nj\u00eb zgjatim t\u00eb administrat\u00ebs lokale.<\/p>\n<p>Drejtoresha Rita Gjeka\u00a0ka shprehur nevoj\u00ebn\u00a0p\u00ebr nj\u00eb marr\u00ebdh\u00ebnie t\u00eb rregulluar me pushtetin: \u201cPolitika nuk mund t\u00eb mbizot\u00ebroj\u00eb sken\u00ebn\u2014ajo duhet t\u00eb mb\u00ebshtes\u00eb, jo t\u00eb udh\u00ebheq\u00eb\u201d, ka th\u00ebn\u00eb ajo.<\/p>\n<p>Keshtu, shkarkimi i Shkrelit dhe ristrukturimi i teatrit jan\u00eb par\u00eb si pjes\u00eb e nj\u00eb linje t\u00eb vazhdueshme ku pushteti k\u00ebrkon t\u00eb kontrolloj\u00eb artin dhe kulturo\u00ebn.<\/p>\n<p>Bashk\u00ebshortja e Shkrelit, Eliona Kodra, kryetare e PD-s\u00eb n\u00eb Shkod\u00ebr, e cil\u00ebsoi largimin si \u201chakmarrje t\u00eb past\u00ebr politike\u201d nga Benet Beci.<\/p>\n<p><iframe loading=\"lazy\" src=\"https:\/\/www.facebook.com\/plugins\/post.php?href=https%3A%2F%2Fwww.facebook.com%2Feliona.kodrashkreli%2Fposts%2Fpfbid02vZabit94kg9PxTdEGMjKx5sL5qPctNEqCNPcBRtXXNVnnDYcGueRZpdmxfX1iMnl&amp;show_text=true&amp;width=500\" width=\"500\" height=\"737\" frameborder=\"0\" scrolling=\"no\" allowfullscreen=\"allowfullscreen\" data-mce-fragment=\"1\"><\/iframe><\/p>\n<p>Kjo p\u00ebrforcon perceptimin se skena artistike po kthehet n\u00eb nj\u00eb fush\u00eb p\u00ebrplasjesh ideologjike, ku artist\u00ebt kritik\u00eb penalizohen. N\u00eb k\u00ebto kushte,\u00a0arti duket se po p\u00ebrballet me nj\u00eb sfid\u00eb t\u00eb re: mbijetes\u00ebn n\u00eb nj\u00eb klim\u00eb ku pushteti k\u00ebrkon t\u00eb diktoj\u00eb jo vet\u00ebm buxhetin, por edhe artin.<em><strong>\/S. Gj\/<\/strong><\/em><\/p>\n<\/div>\n","protected":false},"excerpt":{"rendered":"<p>N\u00eb zem\u00ebr t\u00eb Shkodr\u00ebs, Teatri \u201cMigjeni\u201d, nj\u00eb hap\u00ebsir\u00eb p\u00ebr shfaqje artistike dhe simbol historik i identitetit kulturor t\u00eb qytetit, duket se po kthehet n\u00eb nj\u00eb aren\u00eb p\u00ebrplasjeje mes artit dhe pushtetit. Rastet e fundit q\u00eb lidhen me administrimin dhe rikonstruksionin e k\u00ebtij teatri kan\u00eb ndezur debatin mbi politizimin e sken\u00ebs artistike n\u00eb Shqip\u00ebri. Pak dit\u00eb &hellip;<\/p>\n","protected":false},"author":4,"featured_media":120040,"comment_status":"closed","ping_status":"closed","sticky":false,"template":"","format":"standard","meta":{"footnotes":""},"categories":[37],"tags":[],"class_list":["post-120039","post","type-post","status-publish","format-standard","has-post-thumbnail","","category-politike"],"_links":{"self":[{"href":"https:\/\/rdnews.al\/index.php\/wp-json\/wp\/v2\/posts\/120039","targetHints":{"allow":["GET"]}}],"collection":[{"href":"https:\/\/rdnews.al\/index.php\/wp-json\/wp\/v2\/posts"}],"about":[{"href":"https:\/\/rdnews.al\/index.php\/wp-json\/wp\/v2\/types\/post"}],"author":[{"embeddable":true,"href":"https:\/\/rdnews.al\/index.php\/wp-json\/wp\/v2\/users\/4"}],"replies":[{"embeddable":true,"href":"https:\/\/rdnews.al\/index.php\/wp-json\/wp\/v2\/comments?post=120039"}],"version-history":[{"count":1,"href":"https:\/\/rdnews.al\/index.php\/wp-json\/wp\/v2\/posts\/120039\/revisions"}],"predecessor-version":[{"id":120041,"href":"https:\/\/rdnews.al\/index.php\/wp-json\/wp\/v2\/posts\/120039\/revisions\/120041"}],"wp:featuredmedia":[{"embeddable":true,"href":"https:\/\/rdnews.al\/index.php\/wp-json\/wp\/v2\/media\/120040"}],"wp:attachment":[{"href":"https:\/\/rdnews.al\/index.php\/wp-json\/wp\/v2\/media?parent=120039"}],"wp:term":[{"taxonomy":"category","embeddable":true,"href":"https:\/\/rdnews.al\/index.php\/wp-json\/wp\/v2\/categories?post=120039"},{"taxonomy":"post_tag","embeddable":true,"href":"https:\/\/rdnews.al\/index.php\/wp-json\/wp\/v2\/tags?post=120039"}],"curies":[{"name":"wp","href":"https:\/\/api.w.org\/{rel}","templated":true}]}}